{"id":39033,"date":"2019-11-24T11:40:59","date_gmt":"2019-11-24T14:40:59","guid":{"rendered":"http:\/\/blogdoeloiltoncajuhy.com.br\/site\/?p=39033"},"modified":"2019-11-24T11:41:05","modified_gmt":"2019-11-24T14:41:05","slug":"sicredi-inaugura-agencia-em-senhor-do-bonfim","status":"publish","type":"post","link":"https:\/\/blogdoeloiltoncajuhy.com.br\/site\/sicredi-inaugura-agencia-em-senhor-do-bonfim\/","title":{"rendered":"Sicredi inaugura ag\u00eancia em Senhor do Bonfim"},"content":{"rendered":"\n<p><strong>CLAS Comunica\u00e7\u00e3o e Marketing<\/strong><\/p>\n\n\n\n<div class=\"wp-block-image\"><figure class=\"aligncenter\"><img fetchpriority=\"high\" decoding=\"async\" width=\"5184\" height=\"3456\" src=\"https:\/\/i0.wp.com\/blogdoeloiltoncajuhy.com.br\/site\/wp-content\/uploads\/2019\/11\/Sicred01.jpg?fit=590%2C394\" alt=\"\" class=\"wp-image-39034\" srcset=\"https:\/\/i0.wp.com\/blogdoeloiltoncajuhy.com.br\/site\/wp-content\/uploads\/2019\/11\/Sicred01.jpg?w=5184&amp;ssl=1 5184w, https:\/\/i0.wp.com\/blogdoeloiltoncajuhy.com.br\/site\/wp-content\/uploads\/2019\/11\/Sicred01.jpg?resize=300%2C200&amp;ssl=1 300w, https:\/\/i0.wp.com\/blogdoeloiltoncajuhy.com.br\/site\/wp-content\/uploads\/2019\/11\/Sicred01.jpg?resize=768%2C512&amp;ssl=1 768w, https:\/\/i0.wp.com\/blogdoeloiltoncajuhy.com.br\/site\/wp-content\/uploads\/2019\/11\/Sicred01.jpg?resize=1024%2C683&amp;ssl=1 1024w, https:\/\/i0.wp.com\/blogdoeloiltoncajuhy.com.br\/site\/wp-content\/uploads\/2019\/11\/Sicred01.jpg?resize=250%2C167&amp;ssl=1 250w, https:\/\/i0.wp.com\/blogdoeloiltoncajuhy.com.br\/site\/wp-content\/uploads\/2019\/11\/Sicred01.jpg?w=1600 1600w, https:\/\/i0.wp.com\/blogdoeloiltoncajuhy.com.br\/site\/wp-content\/uploads\/2019\/11\/Sicred01.jpg?w=2400 2400w\" sizes=\"(max-width: 800px) 100vw, 800px\" \/><\/figure><\/div>\n\n\n\n<p>O munic\u00edpio de Senhor do Bonfim passa a contar a partir de agora com mais de 300 produtos e servi\u00e7os da primeira institui\u00e7\u00e3o financeira cooperativa do Brasil. Foi inaugurada na noite da \u00faltima quarta-feira (20), na Pra\u00e7a Nova do Congresso, 275, a mais nova ag\u00eancia do Sicredi Vale do S\u00e3o Francisco.<\/p>\n\n\n\n<p>A solenidade de entrega das novas instala\u00e7\u00f5es reuniu um grande p\u00fablico e teve in\u00edcio com as b\u00ean\u00e7\u00e3os religiosas do padre Elielton Santos e do pastor Josim\u00e1rio Jo\u00e3o. O prefeito do munic\u00edpio, Carlos Brasileiro, destacou a chegada do empreendimento e a perspectiva de mais desenvolvimento para todos os segmentos produtivos da comunidade.<\/p>\n\n\n\n<p><em>\u201cRecentemente a nossa cidade vem sendo contemplada com a implanta\u00e7\u00e3o de diversos investimentos e hoje vivemos um momento hist\u00f3rico com a inaugura\u00e7\u00e3o deste importante instrumento de desenvolvimento econ\u00f4mico e social\u201d<\/em>, ressaltou. Senhor do Bonfim tem uma popula\u00e7\u00e3o de 81.330 mil habitantes.<\/p>\n\n\n\n<div class=\"wp-block-image\"><figure class=\"aligncenter\"><img decoding=\"async\" width=\"4832\" height=\"3456\" src=\"https:\/\/i0.wp.com\/blogdoeloiltoncajuhy.com.br\/site\/wp-content\/uploads\/2019\/11\/Sicred02.jpg?fit=590%2C422\" alt=\"\" class=\"wp-image-39035\" srcset=\"https:\/\/i0.wp.com\/blogdoeloiltoncajuhy.com.br\/site\/wp-content\/uploads\/2019\/11\/Sicred02.jpg?w=4832&amp;ssl=1 4832w, https:\/\/i0.wp.com\/blogdoeloiltoncajuhy.com.br\/site\/wp-content\/uploads\/2019\/11\/Sicred02.jpg?resize=300%2C215&amp;ssl=1 300w, https:\/\/i0.wp.com\/blogdoeloiltoncajuhy.com.br\/site\/wp-content\/uploads\/2019\/11\/Sicred02.jpg?resize=768%2C549&amp;ssl=1 768w, https:\/\/i0.wp.com\/blogdoeloiltoncajuhy.com.br\/site\/wp-content\/uploads\/2019\/11\/Sicred02.jpg?resize=1024%2C732&amp;ssl=1 1024w, https:\/\/i0.wp.com\/blogdoeloiltoncajuhy.com.br\/site\/wp-content\/uploads\/2019\/11\/Sicred02.jpg?resize=250%2C179&amp;ssl=1 250w, https:\/\/i0.wp.com\/blogdoeloiltoncajuhy.com.br\/site\/wp-content\/uploads\/2019\/11\/Sicred02.jpg?w=1600 1600w, https:\/\/i0.wp.com\/blogdoeloiltoncajuhy.com.br\/site\/wp-content\/uploads\/2019\/11\/Sicred02.jpg?w=2400 2400w\" sizes=\"(max-width: 800px) 100vw, 800px\" \/><\/figure><\/div>\n\n\n\n<p>O presidente do Sicredi Vale do S\u00e3o Francisco, Ant\u00f4nio Vin\u00edcius Ramalho Leite, recordou o tempo em que viveu na cidade, atuando como m\u00e9dico, e enfatizou os objetivos da cooperativa que cresce em todo pa\u00eds contando hoje com mais de 4 milh\u00f5es de associados em 1.711 ag\u00eancias distribu\u00eddas em 22 estados e no Distrito Federal.<\/p>\n\n\n\n<p><em>\u201cA nossa expectativa \u00e9 a melhor poss\u00edvel e esperamos gerar um impacto positivo com os diferenciais de gest\u00e3o participativa onde os associados s\u00e3o mais do que clientes, s\u00e3o os donos do neg\u00f3cio\u201d<\/em>, frisou o presidente, citando ainda as linhas de cr\u00e9dito e os benef\u00edcios com as taxas diferenciadas e redu\u00e7\u00e3o de tarifas nos servi\u00e7os.<\/p>\n\n\n\n<p>Falaram ainda durante a solenidade o superintendente do Sicredi Vale do S\u00e3o Francisco, Alb\u00e9rico Pena, e o gerente da nova ag\u00eancia, Edson Alves Costa. O capit\u00e3o Samuel Sampaio representou na oportunidade o tenente coronel Jaime Malv\u00e1r, comandante do 6\u00ba Batalh\u00e3o da Pol\u00edcia Militar (BPM).<\/p>\n\n\n\n<p>Ap\u00f3s a entrega da unidade de Senhor do Bonfim, o Sicredi Vale do S\u00e3o Francisco d\u00e1 continuidade ao plano de expans\u00e3o com o in\u00edcio da constru\u00e7\u00e3o de mais uma ag\u00eancia em Petrolina, em terreno j\u00e1 adquirido na avenida da Integra\u00e7\u00e3o. O Sicredi Vale do S\u00e3o Francisco come\u00e7ou h\u00e1 18 anos com o nome de Unicred Vale do S\u00e3o Francisco, atingiu a marca hist\u00f3rica de 120 milh\u00f5es de ativos totais e hoje, com cerca de 5 mil associados, quer chegar a 200 milh\u00f5es em 2020.<\/p>\n\n\n\n<div class=\"wp-block-image\"><figure class=\"aligncenter\"><img decoding=\"async\" width=\"5184\" height=\"3456\" src=\"https:\/\/i0.wp.com\/blogdoeloiltoncajuhy.com.br\/site\/wp-content\/uploads\/2019\/11\/Sicred03.jpg?fit=590%2C394\" alt=\"\" class=\"wp-image-39036\" srcset=\"https:\/\/i0.wp.com\/blogdoeloiltoncajuhy.com.br\/site\/wp-content\/uploads\/2019\/11\/Sicred03.jpg?w=5184&amp;ssl=1 5184w, https:\/\/i0.wp.com\/blogdoeloiltoncajuhy.com.br\/site\/wp-content\/uploads\/2019\/11\/Sicred03.jpg?resize=300%2C200&amp;ssl=1 300w, https:\/\/i0.wp.com\/blogdoeloiltoncajuhy.com.br\/site\/wp-content\/uploads\/2019\/11\/Sicred03.jpg?resize=768%2C512&amp;ssl=1 768w, https:\/\/i0.wp.com\/blogdoeloiltoncajuhy.com.br\/site\/wp-content\/uploads\/2019\/11\/Sicred03.jpg?resize=1024%2C683&amp;ssl=1 1024w, https:\/\/i0.wp.com\/blogdoeloiltoncajuhy.com.br\/site\/wp-content\/uploads\/2019\/11\/Sicred03.jpg?resize=250%2C167&amp;ssl=1 250w, https:\/\/i0.wp.com\/blogdoeloiltoncajuhy.com.br\/site\/wp-content\/uploads\/2019\/11\/Sicred03.jpg?w=1600 1600w, https:\/\/i0.wp.com\/blogdoeloiltoncajuhy.com.br\/site\/wp-content\/uploads\/2019\/11\/Sicred03.jpg?w=2400 2400w\" sizes=\"(max-width: 800px) 100vw, 800px\" \/><\/figure><\/div>\n","protected":false},"excerpt":{"rendered":"<p>CLAS Comunica\u00e7\u00e3o e Marketing O munic\u00edpio de Senhor do Bonfim passa a contar a partir de agora com mais de 300 produtos e servi\u00e7os da primeira institui\u00e7\u00e3o financeira cooperativa do Brasil. Foi inaugurada na noite da \u00faltima quarta-feira (20), na Pra\u00e7a Nova do Congresso, 275, a mais nova ag\u00eancia do Sicredi Vale do S\u00e3o Francisco. [&hellip;]<\/p>\n","protected":false},"author":2,"featured_media":39036,"comment_status":"open","ping_status":"open","sticky":false,"template":"","format":"standard","meta":{"_acf_changed":false,"_monsterinsights_skip_tracking":false,"_monsterinsights_sitenote_active":false,"_monsterinsights_sitenote_note":"","_monsterinsights_sitenote_category":0,"_jetpack_memberships_contains_paid_content":false,"footnotes":"","jetpack_publicize_message":"","jetpack_publicize_feature_enabled":true,"jetpack_social_post_already_shared":true,"jetpack_social_options":{"image_generator_settings":{"template":"highway","default_image_id":0,"font":"","enabled":false},"version":2}},"categories":[5,1,4],"tags":[],"class_list":["post-39033","post","type-post","status-publish","format-standard","has-post-thumbnail","hentry","category-cotidiano","category-noticias","category-local"],"acf":[],"jetpack_publicize_connections":[],"jetpack_featured_media_url":"https:\/\/i0.wp.com\/blogdoeloiltoncajuhy.com.br\/site\/wp-content\/uploads\/2019\/11\/Sicred03.jpg?fit=5184%2C3456&ssl=1","jetpack_sharing_enabled":true,"publishpress_future_workflow_manual_trigger":{"enabledWorkflows":[]},"_links":{"self":[{"href":"https:\/\/blogdoeloiltoncajuhy.com.br\/site\/wp-json\/wp\/v2\/posts\/39033","targetHints":{"allow":["GET"]}}],"collection":[{"href":"https:\/\/blogdoeloiltoncajuhy.com.br\/site\/wp-json\/wp\/v2\/posts"}],"about":[{"href":"https:\/\/blogdoeloiltoncajuhy.com.br\/site\/wp-json\/wp\/v2\/types\/post"}],"author":[{"embeddable":true,"href":"https:\/\/blogdoeloiltoncajuhy.com.br\/site\/wp-json\/wp\/v2\/users\/2"}],"replies":[{"embeddable":true,"href":"https:\/\/blogdoeloiltoncajuhy.com.br\/site\/wp-json\/wp\/v2\/comments?post=39033"}],"version-history":[{"count":1,"href":"https:\/\/blogdoeloiltoncajuhy.com.br\/site\/wp-json\/wp\/v2\/posts\/39033\/revisions"}],"predecessor-version":[{"id":39037,"href":"https:\/\/blogdoeloiltoncajuhy.com.br\/site\/wp-json\/wp\/v2\/posts\/39033\/revisions\/39037"}],"wp:featuredmedia":[{"embeddable":true,"href":"https:\/\/blogdoeloiltoncajuhy.com.br\/site\/wp-json\/wp\/v2\/media\/39036"}],"wp:attachment":[{"href":"https:\/\/blogdoeloiltoncajuhy.com.br\/site\/wp-json\/wp\/v2\/media?parent=39033"}],"wp:term":[{"taxonomy":"category","embeddable":true,"href":"https:\/\/blogdoeloiltoncajuhy.com.br\/site\/wp-json\/wp\/v2\/categories?post=39033"},{"taxonomy":"post_tag","embeddable":true,"href":"https:\/\/blogdoeloiltoncajuhy.com.br\/site\/wp-json\/wp\/v2\/tags?post=39033"}],"curies":[{"name":"wp","href":"https:\/\/api.w.org\/{rel}","templated":true}]}}