{"id":39015,"date":"2019-11-24T10:34:19","date_gmt":"2019-11-24T13:34:19","guid":{"rendered":"http:\/\/blogdoeloiltoncajuhy.com.br\/site\/?p=39015"},"modified":"2019-11-24T10:34:25","modified_gmt":"2019-11-24T13:34:25","slug":"juventude-jaguarariense-lota-praca-alfredo-viana-para-prestigiar-1o-batalha-de-poesias","status":"publish","type":"post","link":"https:\/\/blogdoeloiltoncajuhy.com.br\/site\/juventude-jaguarariense-lota-praca-alfredo-viana-para-prestigiar-1o-batalha-de-poesias\/","title":{"rendered":"Juventude jaguarariense lota Pra\u00e7a Alfredo Viana para prestigiar 1\u00ba Batalha de Poesias"},"content":{"rendered":"\n<p><strong>ASCOM &#8211; Prefeitura de Jaguarari-BA<\/strong><\/p>\n\n\n\n<div class=\"wp-block-image\"><figure class=\"aligncenter\"><img fetchpriority=\"high\" decoding=\"async\" width=\"1280\" height=\"960\" src=\"https:\/\/i0.wp.com\/blogdoeloiltoncajuhy.com.br\/site\/wp-content\/uploads\/2019\/11\/PMJ_BatlhaPoesias-01.jpg?fit=590%2C443\" alt=\"\" class=\"wp-image-39016\" srcset=\"https:\/\/i0.wp.com\/blogdoeloiltoncajuhy.com.br\/site\/wp-content\/uploads\/2019\/11\/PMJ_BatlhaPoesias-01.jpg?w=1280&amp;ssl=1 1280w, https:\/\/i0.wp.com\/blogdoeloiltoncajuhy.com.br\/site\/wp-content\/uploads\/2019\/11\/PMJ_BatlhaPoesias-01.jpg?resize=300%2C225&amp;ssl=1 300w, https:\/\/i0.wp.com\/blogdoeloiltoncajuhy.com.br\/site\/wp-content\/uploads\/2019\/11\/PMJ_BatlhaPoesias-01.jpg?resize=768%2C576&amp;ssl=1 768w, https:\/\/i0.wp.com\/blogdoeloiltoncajuhy.com.br\/site\/wp-content\/uploads\/2019\/11\/PMJ_BatlhaPoesias-01.jpg?resize=1024%2C768&amp;ssl=1 1024w, https:\/\/i0.wp.com\/blogdoeloiltoncajuhy.com.br\/site\/wp-content\/uploads\/2019\/11\/PMJ_BatlhaPoesias-01.jpg?resize=250%2C188&amp;ssl=1 250w\" sizes=\"(max-width: 800px) 100vw, 800px\" \/><\/figure><\/div>\n\n\n\n<p>Na noite da ultima quinta-feira (21), um grande evento cultural movimentou a juventude jaguarariense que prestigiou o 1\u00ba Batalha de Poesias. Realizado pela Prefeitura de Jaguarari, atrav\u00e9s da Secretaria de Educa\u00e7\u00e3o, o evento lotou a Pra\u00e7a Alfredo Viana, promovendo o resgate da cultura local, com apresenta\u00e7\u00e3o de novos talentos. O evento cultural reuniu uma multid\u00e3o que prestigiou a performance dos alunos das redes p\u00fablica e particular, na disputa pelo trof\u00e9u <strong><em>&#8220;Inspira\u00e7\u00e3o da Noite&#8221;<\/em><\/strong> nas categorias: Poema, Cordel e Rap.<\/p>\n\n\n\n<p><em>&#8220;O Batalha de Poesia tem como foco principal trazer a cultura para a pra\u00e7a, mostrando em muitos casos talentos at\u00e9 ent\u00e3o escondidos&#8221;<\/em>, destacou a Coordenadora de Linguagem e idealizadora do projeto Batalha de Poesias, Lara Benares.<\/p>\n\n\n\n<div class=\"wp-block-image\"><figure class=\"aligncenter\"><img decoding=\"async\" width=\"1280\" height=\"853\" src=\"https:\/\/i0.wp.com\/blogdoeloiltoncajuhy.com.br\/site\/wp-content\/uploads\/2019\/11\/PMJ_BatlhaPoesias-02.jpg?fit=590%2C393\" alt=\"\" class=\"wp-image-39017\" srcset=\"https:\/\/i0.wp.com\/blogdoeloiltoncajuhy.com.br\/site\/wp-content\/uploads\/2019\/11\/PMJ_BatlhaPoesias-02.jpg?w=1280&amp;ssl=1 1280w, https:\/\/i0.wp.com\/blogdoeloiltoncajuhy.com.br\/site\/wp-content\/uploads\/2019\/11\/PMJ_BatlhaPoesias-02.jpg?resize=300%2C200&amp;ssl=1 300w, https:\/\/i0.wp.com\/blogdoeloiltoncajuhy.com.br\/site\/wp-content\/uploads\/2019\/11\/PMJ_BatlhaPoesias-02.jpg?resize=768%2C512&amp;ssl=1 768w, https:\/\/i0.wp.com\/blogdoeloiltoncajuhy.com.br\/site\/wp-content\/uploads\/2019\/11\/PMJ_BatlhaPoesias-02.jpg?resize=1024%2C682&amp;ssl=1 1024w, https:\/\/i0.wp.com\/blogdoeloiltoncajuhy.com.br\/site\/wp-content\/uploads\/2019\/11\/PMJ_BatlhaPoesias-02.jpg?resize=250%2C167&amp;ssl=1 250w\" sizes=\"(max-width: 800px) 100vw, 800px\" \/><\/figure><\/div>\n\n\n\n<p>O evento foi aberto pelos cordelistas Andr\u00e9 Castro e Rita Reis, seguidos pela apresenta\u00e7\u00e3o musical dos alunos do 1\u00ba per\u00edodo da Cmei Y\u00eada Barradas Carneiro. A apresenta\u00e7\u00e3o in\u00e9dita de artistas locais tocando musica cl\u00e1ssica ao som de violino e \u00f3rg\u00e3o arrancou muitos aplausos do publico.<\/p>\n\n\n\n<p><em>&#8220;Eu acho muito bom projetos como esse, porque arte \u00e9 algo que a gente n\u00e3o liga tanto no dia-dia. E esse projeto garante essa visibilidade. Se existe um par\u00e2metro que pode mudar a sociedade \u00e9 atrav\u00e9s da arte. Parab\u00e9ns a prefeitura pela iniciativa&#8221;<\/em>, agradeceu o poeta Gabriel Vinicius. Os melhores em cada categoria ganharam o trof\u00e9u &#8220;Inspira\u00e7\u00e3o da Noite&#8221;.<\/p>\n\n\n\n<p class=\"has-medium-font-size\"><strong>Categoria Poema<\/strong><\/p>\n\n\n\n<p>1\u00ba Lugar: Elo\u00e1 Kayla Silva do Vale &#8211; Escola de Produ\u00e7\u00e3o Flamengo<br>2\u00b0 Lugar: Vin\u00edcius Gabriel &#8211; Coopej\/Ensino M\u00e9dio<br>3\u00b0 Lugar: Geisson Kaique &#8211; Col\u00e9gio Luiz Viana<\/p>\n\n\n\n<p class=\"has-medium-font-size\"><strong>Categoria Cordel<\/strong><\/p>\n\n\n\n<p>1\u00ba Lugar: Juliane Christian &#8211; Jo\u00e3o Ferreira Matos<\/p>\n\n\n\n<p class=\"has-medium-font-size\"><strong>Categoria Rap<\/strong><\/p>\n\n\n\n<p>1\u00ba Juan Morgado &#8211; Coopej<\/p>\n\n\n\n<div class=\"wp-block-image\"><figure class=\"aligncenter\"><img decoding=\"async\" width=\"1280\" height=\"853\" src=\"https:\/\/i0.wp.com\/blogdoeloiltoncajuhy.com.br\/site\/wp-content\/uploads\/2019\/11\/PMJ_BatlhaPoesias-03.jpg?fit=590%2C393\" alt=\"\" class=\"wp-image-39018\" srcset=\"https:\/\/i0.wp.com\/blogdoeloiltoncajuhy.com.br\/site\/wp-content\/uploads\/2019\/11\/PMJ_BatlhaPoesias-03.jpg?w=1280&amp;ssl=1 1280w, https:\/\/i0.wp.com\/blogdoeloiltoncajuhy.com.br\/site\/wp-content\/uploads\/2019\/11\/PMJ_BatlhaPoesias-03.jpg?resize=300%2C200&amp;ssl=1 300w, https:\/\/i0.wp.com\/blogdoeloiltoncajuhy.com.br\/site\/wp-content\/uploads\/2019\/11\/PMJ_BatlhaPoesias-03.jpg?resize=768%2C512&amp;ssl=1 768w, https:\/\/i0.wp.com\/blogdoeloiltoncajuhy.com.br\/site\/wp-content\/uploads\/2019\/11\/PMJ_BatlhaPoesias-03.jpg?resize=1024%2C682&amp;ssl=1 1024w, https:\/\/i0.wp.com\/blogdoeloiltoncajuhy.com.br\/site\/wp-content\/uploads\/2019\/11\/PMJ_BatlhaPoesias-03.jpg?resize=250%2C167&amp;ssl=1 250w\" sizes=\"(max-width: 800px) 100vw, 800px\" \/><\/figure><\/div>\n","protected":false},"excerpt":{"rendered":"<p>ASCOM &#8211; Prefeitura de Jaguarari-BA Na noite da ultima quinta-feira (21), um grande evento cultural movimentou a juventude jaguarariense que prestigiou o 1\u00ba Batalha de Poesias. Realizado pela Prefeitura de Jaguarari, atrav\u00e9s da Secretaria de Educa\u00e7\u00e3o, o evento lotou a Pra\u00e7a Alfredo Viana, promovendo o resgate da cultura local, com apresenta\u00e7\u00e3o de novos talentos. O [&hellip;]<\/p>\n","protected":false},"author":2,"featured_media":39018,"comment_status":"open","ping_status":"open","sticky":false,"template":"","format":"standard","meta":{"_acf_changed":false,"_monsterinsights_skip_tracking":false,"_monsterinsights_sitenote_active":false,"_monsterinsights_sitenote_note":"","_monsterinsights_sitenote_category":0,"_jetpack_memberships_contains_paid_content":false,"footnotes":"","jetpack_publicize_message":"","jetpack_publicize_feature_enabled":true,"jetpack_social_post_already_shared":true,"jetpack_social_options":{"image_generator_settings":{"template":"highway","default_image_id":0,"font":"","enabled":false},"version":2}},"categories":[8,1,11],"tags":[],"class_list":["post-39015","post","type-post","status-publish","format-standard","has-post-thumbnail","hentry","category-cultura","category-noticias","category-regional"],"acf":[],"jetpack_publicize_connections":[],"jetpack_featured_media_url":"https:\/\/i0.wp.com\/blogdoeloiltoncajuhy.com.br\/site\/wp-content\/uploads\/2019\/11\/PMJ_BatlhaPoesias-03.jpg?fit=1280%2C853&ssl=1","jetpack_sharing_enabled":true,"publishpress_future_workflow_manual_trigger":{"enabledWorkflows":[]},"_links":{"self":[{"href":"https:\/\/blogdoeloiltoncajuhy.com.br\/site\/wp-json\/wp\/v2\/posts\/39015","targetHints":{"allow":["GET"]}}],"collection":[{"href":"https:\/\/blogdoeloiltoncajuhy.com.br\/site\/wp-json\/wp\/v2\/posts"}],"about":[{"href":"https:\/\/blogdoeloiltoncajuhy.com.br\/site\/wp-json\/wp\/v2\/types\/post"}],"author":[{"embeddable":true,"href":"https:\/\/blogdoeloiltoncajuhy.com.br\/site\/wp-json\/wp\/v2\/users\/2"}],"replies":[{"embeddable":true,"href":"https:\/\/blogdoeloiltoncajuhy.com.br\/site\/wp-json\/wp\/v2\/comments?post=39015"}],"version-history":[{"count":1,"href":"https:\/\/blogdoeloiltoncajuhy.com.br\/site\/wp-json\/wp\/v2\/posts\/39015\/revisions"}],"predecessor-version":[{"id":39019,"href":"https:\/\/blogdoeloiltoncajuhy.com.br\/site\/wp-json\/wp\/v2\/posts\/39015\/revisions\/39019"}],"wp:featuredmedia":[{"embeddable":true,"href":"https:\/\/blogdoeloiltoncajuhy.com.br\/site\/wp-json\/wp\/v2\/media\/39018"}],"wp:attachment":[{"href":"https:\/\/blogdoeloiltoncajuhy.com.br\/site\/wp-json\/wp\/v2\/media?parent=39015"}],"wp:term":[{"taxonomy":"category","embeddable":true,"href":"https:\/\/blogdoeloiltoncajuhy.com.br\/site\/wp-json\/wp\/v2\/categories?post=39015"},{"taxonomy":"post_tag","embeddable":true,"href":"https:\/\/blogdoeloiltoncajuhy.com.br\/site\/wp-json\/wp\/v2\/tags?post=39015"}],"curies":[{"name":"wp","href":"https:\/\/api.w.org\/{rel}","templated":true}]}}