{"id":39012,"date":"2019-11-24T10:13:59","date_gmt":"2019-11-24T13:13:59","guid":{"rendered":"http:\/\/blogdoeloiltoncajuhy.com.br\/site\/?p=39012"},"modified":"2019-11-24T10:14:05","modified_gmt":"2019-11-24T13:14:05","slug":"esportes-palmeirinhas-jovem-deixa-a-salvador-cup-kids-com-boa-campanha","status":"publish","type":"post","link":"https:\/\/blogdoeloiltoncajuhy.com.br\/site\/esportes-palmeirinhas-jovem-deixa-a-salvador-cup-kids-com-boa-campanha\/","title":{"rendered":"Esportes: Palmeirinhas Jovem deixa a Salvador Cup Kids com boa campanha"},"content":{"rendered":"\n<p><strong>BLOG DO ELOILTON CAJUHY<\/strong><\/p>\n\n\n\n<div class=\"wp-block-image\"><figure class=\"aligncenter is-resized\"><img fetchpriority=\"high\" decoding=\"async\" src=\"https:\/\/i0.wp.com\/blogdoeloiltoncajuhy.com.br\/site\/wp-content\/uploads\/2019\/11\/Palmeirinhas_Nov-2019.jpg?fit=590%2C443\" alt=\"\" class=\"wp-image-39013\" width=\"514\" height=\"385\" srcset=\"https:\/\/i0.wp.com\/blogdoeloiltoncajuhy.com.br\/site\/wp-content\/uploads\/2019\/11\/Palmeirinhas_Nov-2019.jpg?w=1280&amp;ssl=1 1280w, https:\/\/i0.wp.com\/blogdoeloiltoncajuhy.com.br\/site\/wp-content\/uploads\/2019\/11\/Palmeirinhas_Nov-2019.jpg?resize=300%2C225&amp;ssl=1 300w, https:\/\/i0.wp.com\/blogdoeloiltoncajuhy.com.br\/site\/wp-content\/uploads\/2019\/11\/Palmeirinhas_Nov-2019.jpg?resize=768%2C576&amp;ssl=1 768w, https:\/\/i0.wp.com\/blogdoeloiltoncajuhy.com.br\/site\/wp-content\/uploads\/2019\/11\/Palmeirinhas_Nov-2019.jpg?resize=1024%2C768&amp;ssl=1 1024w, https:\/\/i0.wp.com\/blogdoeloiltoncajuhy.com.br\/site\/wp-content\/uploads\/2019\/11\/Palmeirinhas_Nov-2019.jpg?resize=250%2C188&amp;ssl=1 250w\" sizes=\"(max-width: 514px) 100vw, 514px\" \/><\/figure><\/div>\n\n\n\n<p><em>&#8220;Estamos tristes pelo resultado do jogo, mas felizes pela nossa participa\u00e7\u00e3o na copa&#8221;<\/em>, assim Moacir Ed\u00e9zio, o &#8220;Cu\u00edca&#8221;, analisou o jogo do Palmeirinhas Jovem de Senhor do Bonfim Sub 09, que perdeu para o Le\u00e3o Gren\u00e1 nos p\u00eanaltis por 1 x 0, ap\u00f3s empatar em 0 x 0 no tempo normal, pela semifinal da Salvador Cup Kids, disputada no CT do Barrad\u00e3o.<\/p>\n\n\n\n<p>A partida foi realizada neste s\u00e1bado (23), \u00e0s 13h40. Na parte da manh\u00e3, o Sub 09 goleou o MAF por 4 x 2, jogo v\u00e1lido pelas quartas de final. O MAF tem parceria com o Real Salvador, pertencente a Newton Mota, considerado um dos maiores reveladores de craques do futebol brasileiro.<\/p>\n\n\n\n<p>Na disputa de p\u00eanaltis entre Palmeirinhas x Le\u00e3o Gren\u00e1, houve um lance duvidoso. O jogador Helcinho cobrou a penalidade, a bola bateu no travess\u00e3o e, ao cair no gramado, ultrapassou toda a linha do gol, mas o \u00e1rbitro do jogo n\u00e3o considerou o gol, revoltando pais dos atletas que, por sinal, filmaram o lance com celulares e garantem que a bola entrou.<\/p>\n\n\n\n<p>J\u00e1 a equipe Sub 11 do Palmeirinhas n\u00e3o teve a mesma sorte. Nas quartas de final, perdeu para o Costa Lyra por 1 x 0 e n\u00e3o conseguiu chegar \u00e0 semifinal.<\/p>\n","protected":false},"excerpt":{"rendered":"<p>BLOG DO ELOILTON CAJUHY &#8220;Estamos tristes pelo resultado do jogo, mas felizes pela nossa participa\u00e7\u00e3o na copa&#8221;, assim Moacir Ed\u00e9zio, o &#8220;Cu\u00edca&#8221;, analisou o jogo do Palmeirinhas Jovem de Senhor do Bonfim Sub 09, que perdeu para o Le\u00e3o Gren\u00e1 nos p\u00eanaltis por 1 x 0, ap\u00f3s empatar em 0 x 0 no tempo normal, [&hellip;]<\/p>\n","protected":false},"author":2,"featured_media":39013,"comment_status":"open","ping_status":"open","sticky":false,"template":"","format":"standard","meta":{"_acf_changed":false,"_monsterinsights_skip_tracking":false,"_monsterinsights_sitenote_active":false,"_monsterinsights_sitenote_note":"","_monsterinsights_sitenote_category":0,"_jetpack_memberships_contains_paid_content":false,"footnotes":"","jetpack_publicize_message":"","jetpack_publicize_feature_enabled":true,"jetpack_social_post_already_shared":true,"jetpack_social_options":{"image_generator_settings":{"template":"highway","default_image_id":0,"font":"","enabled":false},"version":2}},"categories":[6,1,4],"tags":[],"class_list":["post-39012","post","type-post","status-publish","format-standard","has-post-thumbnail","hentry","category-esportes","category-noticias","category-local"],"acf":[],"jetpack_publicize_connections":[],"jetpack_featured_media_url":"https:\/\/i0.wp.com\/blogdoeloiltoncajuhy.com.br\/site\/wp-content\/uploads\/2019\/11\/Palmeirinhas_Nov-2019.jpg?fit=1280%2C960&ssl=1","jetpack_sharing_enabled":true,"publishpress_future_workflow_manual_trigger":{"enabledWorkflows":[]},"_links":{"self":[{"href":"https:\/\/blogdoeloiltoncajuhy.com.br\/site\/wp-json\/wp\/v2\/posts\/39012","targetHints":{"allow":["GET"]}}],"collection":[{"href":"https:\/\/blogdoeloiltoncajuhy.com.br\/site\/wp-json\/wp\/v2\/posts"}],"about":[{"href":"https:\/\/blogdoeloiltoncajuhy.com.br\/site\/wp-json\/wp\/v2\/types\/post"}],"author":[{"embeddable":true,"href":"https:\/\/blogdoeloiltoncajuhy.com.br\/site\/wp-json\/wp\/v2\/users\/2"}],"replies":[{"embeddable":true,"href":"https:\/\/blogdoeloiltoncajuhy.com.br\/site\/wp-json\/wp\/v2\/comments?post=39012"}],"version-history":[{"count":1,"href":"https:\/\/blogdoeloiltoncajuhy.com.br\/site\/wp-json\/wp\/v2\/posts\/39012\/revisions"}],"predecessor-version":[{"id":39014,"href":"https:\/\/blogdoeloiltoncajuhy.com.br\/site\/wp-json\/wp\/v2\/posts\/39012\/revisions\/39014"}],"wp:featuredmedia":[{"embeddable":true,"href":"https:\/\/blogdoeloiltoncajuhy.com.br\/site\/wp-json\/wp\/v2\/media\/39013"}],"wp:attachment":[{"href":"https:\/\/blogdoeloiltoncajuhy.com.br\/site\/wp-json\/wp\/v2\/media?parent=39012"}],"wp:term":[{"taxonomy":"category","embeddable":true,"href":"https:\/\/blogdoeloiltoncajuhy.com.br\/site\/wp-json\/wp\/v2\/categories?post=39012"},{"taxonomy":"post_tag","embeddable":true,"href":"https:\/\/blogdoeloiltoncajuhy.com.br\/site\/wp-json\/wp\/v2\/tags?post=39012"}],"curies":[{"name":"wp","href":"https:\/\/api.w.org\/{rel}","templated":true}]}}