{"id":39007,"date":"2019-11-22T21:34:02","date_gmt":"2019-11-23T00:34:02","guid":{"rendered":"http:\/\/blogdoeloiltoncajuhy.com.br\/site\/?p=39007"},"modified":"2019-11-24T11:33:02","modified_gmt":"2019-11-24T14:33:02","slug":"gugu-liberato-morre-aos-60-anos","status":"publish","type":"post","link":"https:\/\/blogdoeloiltoncajuhy.com.br\/site\/gugu-liberato-morre-aos-60-anos\/","title":{"rendered":"Gugu Liberato morre aos 60 anos"},"content":{"rendered":"\n<p><strong>Quem<\/strong><\/p>\n\n\n\n<div class=\"wp-block-image\"><figure class=\"aligncenter\"><img data-recalc-dims=\"1\" fetchpriority=\"high\" decoding=\"async\" width=\"470\" height=\"313\" src=\"https:\/\/i0.wp.com\/blogdoeloiltoncajuhy.com.br\/site\/wp-content\/uploads\/2019\/11\/images-1.jpeg?resize=470%2C313\" alt=\"\" class=\"wp-image-39010\" srcset=\"https:\/\/i0.wp.com\/blogdoeloiltoncajuhy.com.br\/site\/wp-content\/uploads\/2019\/11\/images-1.jpeg?w=470&amp;ssl=1 470w, https:\/\/i0.wp.com\/blogdoeloiltoncajuhy.com.br\/site\/wp-content\/uploads\/2019\/11\/images-1.jpeg?resize=300%2C200&amp;ssl=1 300w\" sizes=\"(max-width: 470px) 100vw, 470px\" \/><\/figure><\/div>\n\n\n\n<p><strong>Gugu Liberato<\/strong>&nbsp;teve sua morte confirmada na noite desta sexta-feira (22) aos 60 anos de idade ap\u00f3s&nbsp;<a href=\"https:\/\/revistaquem.globo.com\/QUEM-News\/noticia\/2019\/11\/gugu-liberato-sofre-acidente-domestico-e-e-hospitalizado.html\">sofrer um acidente<\/a>&nbsp;em casa nos Estados Unidos. O apresentador embarcou para Orlando, onde sua mulher e filhos moram, na \u00faltima ter\u00e7a-feira (19).<\/p>\n\n\n\n<p>Ele foi internado nesta quinta-feira e iria ficar em observa\u00e7\u00e3o em um hospital local durante 48 horas. O blog de Amaury Jr. informou que Gugu caiu de uma altura de 4 metros ao subir para arrumar o ar-condicionado de sua casa em Windermere, nos arredores de Orlando, onde morava com a fam\u00edlia.<\/p>\n\n\n\n<p>A informa\u00e7\u00e3o da morte era dada como certa desde as 16h desta quinta-feira, mas a assessoria de imprensa do apresentador seguiu negando at\u00e9 que os familiares dele chegassem ao hospital. A confirma\u00e7\u00e3o s\u00f3 saiu oficialmente na noite desta sexta (22)<strong>.<\/strong><\/p>\n\n\n\n<p>De acordo com fontes de Quem, a m\u00e3e e a mulher de Gugu estavam muito abaladas. Dona Maria do C\u00e9u, m\u00e3e dele, chegou ao hospital de cadeira de rodas e foi vista constantemente com as m\u00e3os na cabe\u00e7a, em estado de choque, na recep\u00e7\u00e3o do hospital onde o filho segue internado.<\/p>\n\n\n\n<p>Segundo amigos do apresentador, Gugu j\u00e1 estava respirando com ajuda de aparelhos e a decis\u00e3o de desligar os aparelhos seria do filho, pois ele n\u00e3o era casado no papel com Rose Miriam. Jo\u00e3o Augusto, seu primog\u00eanito, por j\u00e1 ter 18 anos j\u00e1 podia tomar a delicada decis\u00e3o. Os familiares tinham at\u00e9 48 horas para decidir e, depois disso, o desligamento dos aparelhos poderia ser feito pelo hospital ap\u00f3s dois laudos m\u00e9dicos.<\/p>\n","protected":false},"excerpt":{"rendered":"<p>Quem Gugu Liberato&nbsp;teve sua morte confirmada na noite desta sexta-feira (22) aos 60 anos de idade ap\u00f3s&nbsp;sofrer um acidente&nbsp;em casa nos Estados Unidos. O apresentador embarcou para Orlando, onde sua mulher e filhos moram, na \u00faltima ter\u00e7a-feira (19). Ele foi internado nesta quinta-feira e iria ficar em observa\u00e7\u00e3o em um hospital local durante 48 horas. [&hellip;]<\/p>\n","protected":false},"author":2,"featured_media":39010,"comment_status":"open","ping_status":"open","sticky":false,"template":"","format":"standard","meta":{"_acf_changed":false,"_monsterinsights_skip_tracking":false,"_monsterinsights_sitenote_active":false,"_monsterinsights_sitenote_note":"","_monsterinsights_sitenote_category":0,"_jetpack_memberships_contains_paid_content":false,"footnotes":"","jetpack_publicize_message":"","jetpack_publicize_feature_enabled":true,"jetpack_social_post_already_shared":true,"jetpack_social_options":{"image_generator_settings":{"template":"highway","default_image_id":0,"font":"","enabled":false},"version":2}},"categories":[1],"tags":[],"class_list":["post-39007","post","type-post","status-publish","format-standard","has-post-thumbnail","hentry","category-noticias"],"acf":[],"jetpack_publicize_connections":[],"jetpack_featured_media_url":"https:\/\/i0.wp.com\/blogdoeloiltoncajuhy.com.br\/site\/wp-content\/uploads\/2019\/11\/images-1.jpeg?fit=470%2C313&ssl=1","jetpack_sharing_enabled":true,"publishpress_future_workflow_manual_trigger":{"enabledWorkflows":[]},"_links":{"self":[{"href":"https:\/\/blogdoeloiltoncajuhy.com.br\/site\/wp-json\/wp\/v2\/posts\/39007","targetHints":{"allow":["GET"]}}],"collection":[{"href":"https:\/\/blogdoeloiltoncajuhy.com.br\/site\/wp-json\/wp\/v2\/posts"}],"about":[{"href":"https:\/\/blogdoeloiltoncajuhy.com.br\/site\/wp-json\/wp\/v2\/types\/post"}],"author":[{"embeddable":true,"href":"https:\/\/blogdoeloiltoncajuhy.com.br\/site\/wp-json\/wp\/v2\/users\/2"}],"replies":[{"embeddable":true,"href":"https:\/\/blogdoeloiltoncajuhy.com.br\/site\/wp-json\/wp\/v2\/comments?post=39007"}],"version-history":[{"count":3,"href":"https:\/\/blogdoeloiltoncajuhy.com.br\/site\/wp-json\/wp\/v2\/posts\/39007\/revisions"}],"predecessor-version":[{"id":39032,"href":"https:\/\/blogdoeloiltoncajuhy.com.br\/site\/wp-json\/wp\/v2\/posts\/39007\/revisions\/39032"}],"wp:featuredmedia":[{"embeddable":true,"href":"https:\/\/blogdoeloiltoncajuhy.com.br\/site\/wp-json\/wp\/v2\/media\/39010"}],"wp:attachment":[{"href":"https:\/\/blogdoeloiltoncajuhy.com.br\/site\/wp-json\/wp\/v2\/media?parent=39007"}],"wp:term":[{"taxonomy":"category","embeddable":true,"href":"https:\/\/blogdoeloiltoncajuhy.com.br\/site\/wp-json\/wp\/v2\/categories?post=39007"},{"taxonomy":"post_tag","embeddable":true,"href":"https:\/\/blogdoeloiltoncajuhy.com.br\/site\/wp-json\/wp\/v2\/tags?post=39007"}],"curies":[{"name":"wp","href":"https:\/\/api.w.org\/{rel}","templated":true}]}}