{"id":39001,"date":"2019-11-22T10:30:32","date_gmt":"2019-11-22T13:30:32","guid":{"rendered":"http:\/\/blogdoeloiltoncajuhy.com.br\/site\/?p=39001"},"modified":"2019-11-22T10:30:38","modified_gmt":"2019-11-22T13:30:38","slug":"5-dicas-para-ter-uma-boa-velhice","status":"publish","type":"post","link":"https:\/\/blogdoeloiltoncajuhy.com.br\/site\/5-dicas-para-ter-uma-boa-velhice\/","title":{"rendered":"5 dicas para ter uma boa velhice"},"content":{"rendered":"\n<p><strong>Contam Est\u00f3rias (Porto)<\/strong><\/p>\n\n\n\n<div class=\"wp-block-image\"><figure class=\"aligncenter\"><img fetchpriority=\"high\" decoding=\"async\" width=\"1200\" height=\"798\" src=\"https:\/\/i1.wp.com\/blogdoeloiltoncajuhy.com.br\/site\/wp-content\/uploads\/2019\/11\/BoaVelhice-01.jpg?fit=590%2C392\" alt=\"\" class=\"wp-image-39002\" srcset=\"https:\/\/i0.wp.com\/blogdoeloiltoncajuhy.com.br\/site\/wp-content\/uploads\/2019\/11\/BoaVelhice-01.jpg?w=1200&amp;ssl=1 1200w, https:\/\/i0.wp.com\/blogdoeloiltoncajuhy.com.br\/site\/wp-content\/uploads\/2019\/11\/BoaVelhice-01.jpg?resize=300%2C200&amp;ssl=1 300w, https:\/\/i0.wp.com\/blogdoeloiltoncajuhy.com.br\/site\/wp-content\/uploads\/2019\/11\/BoaVelhice-01.jpg?resize=768%2C511&amp;ssl=1 768w, https:\/\/i0.wp.com\/blogdoeloiltoncajuhy.com.br\/site\/wp-content\/uploads\/2019\/11\/BoaVelhice-01.jpg?resize=1024%2C681&amp;ssl=1 1024w, https:\/\/i0.wp.com\/blogdoeloiltoncajuhy.com.br\/site\/wp-content\/uploads\/2019\/11\/BoaVelhice-01.jpg?resize=250%2C166&amp;ssl=1 250w\" sizes=\"(max-width: 800px) 100vw, 800px\" \/><\/figure><\/div>\n\n\n\n<p>O jornalista, fil\u00f3sofo, poeta e pesquisador luso-brasileiro <strong>Fabiano de Abreu<\/strong> afirma ter como prioridade em sua vida o que ele chama de \u2018melhor idade\u2019. Criador de diversas teorias que tentam explicar a exist\u00eancia humana, seu comportamento e nuances, o autor do livro <strong><em>\u2018Viver Pode N\u00e3o Ter T\u00e3o Ruim\u2019<\/em><\/strong> escreve para colunas em grandes sites de humanas no Brasil, Portugal e Angola.<\/p>\n\n\n\n<p><em>\u201cO idoso n\u00e3o tem que ser respeitado por uma simples pol\u00edtica cultural de educa\u00e7\u00e3o ou de dever. O idoso tem que ser respeitado pelo simples fato de que um dia tamb\u00e9m seremos idosos. O idoso tem que ser respeitado pelo fato \u00f3bvio de que tem mais conhecimento devido a sua experi\u00eancia, a sua cogni\u00e7\u00e3o. Eu vivo a minha vida hoje, organizando-a para uma boa velhice, pois \u00e9 nela que irei descansar e abandonar todo o fardo que carreguei em toda a minha vida. O conhecimento e a leveza do pensamento da hist\u00f3ria que carrega um idoso, \u00e9 algo que n\u00e3o tem pre\u00e7o e nem dimens\u00e3o. \u00c9 sem d\u00favida a melhor idade\u201d<\/em>, disse o tamb\u00e9m escritor.<\/p>\n\n\n\n<p class=\"has-medium-font-size\"><strong>Confira ent\u00e3o as 5 dicas de Fabiano de Abreu para se ter uma boa \u2018melhor idade\u2019<\/strong>:<\/p>\n\n\n\n<p><strong>1- cuidar do corpo com exerc\u00edcios f\u00edsicos e boa alimenta\u00e7\u00e3o<\/strong><\/p>\n\n\n\n<p>A nossa forma e bem estar f\u00edsico s\u00e3o essenciais para que possamos viver em pleno esta nova fase. Uma boa movimenta\u00e7\u00e3o \u00e9 o primeiro passo para uma velhice mais feliz. Por esta raz\u00e3o devemos cuidar do corpo exercitando-o dentro da nossa resist\u00eancia e capacidade. Exerc\u00edcios de baixa intensidade como caminhadas ou nata\u00e7\u00e3o s\u00e3o bons aliados. A atividade f\u00edsica deve ser acompanhada por uma alimenta\u00e7\u00e3o equilibrada, adequada \u00e0 idade e necessidades.<\/p>\n\n\n\n<p><strong>2- cuidar da mente estimulando a com uma nova atividade, um novo curso, novas aprendizagens.<\/strong><\/p>\n\n\n\n<p>Se o corpo \u00e9 essencial a mente \u00e9 uma pe\u00e7a chave. Como j\u00e1 diz o velho ditado: &#8220;mente s\u00e3 em corpo s\u00e3o&#8221;, a plenitude atingida pelo equil\u00edbrio do corpo e da mente. As nossas capacidades cognitivas entram em decr\u00e9scimo mas podemos travar o processo mantendo exerc\u00edcios cognitivos constantes. Aliar a aprendizagem de uma nova atividade que sempre quisemos fazer mas nunca tivemos tempo oi disponibilidade torna todo o percurso mais prazeiroso. Aprender uma l\u00edngua nova, capacitar-nos nas \u00e1reas das novas tecnologias, ler, ver filmes, pintar, escrever, um mundo inteiro de possibilidades.<\/p>\n\n\n\n<p><strong>3- viver uma vida social ativa fazendo atividades com amigos, viajando com eles e outro tipo de programas.<\/strong><\/p>\n\n\n\n<p>A vida social \u00e9 muito importante para manter o idoso ativo e integrado num mundo social. A velhice n\u00e3o deve nunca significar isolamento ou solid\u00e3o. Manter um grupo de amigos e partilhar atividades com eles \u00e9 muito importante para manter uma vida mais completa, feliz e recheada de partilha. Fazer um jantar ou viajar s\u00e3o sempre excelentes op\u00e7\u00f5es. Aproveitar esta fase para conhecer novos pa\u00edses e culturas, sem pressa e adquirir conhecimento. Viver uma vida que o fa\u00e7a ter interesse em viver efetivamente! Uma vida em que se anseia o pr\u00f3ximo dia, como uma d\u00e1diva, como uma nova oportunidade.<\/p>\n\n\n\n<p><strong>4- adaptar a sua viv\u00eancia privada as novas realidades. Enquanto casal redescobrir novas formas de uni\u00e3o e prazer.<\/strong><\/p>\n\n\n\n<p>Se o envelhecimento for feito em casal tenha em aten\u00e7\u00e3o que a vossa vida \u00edntima n\u00e3o acabou. H\u00e1 novas realidades, reajustes a serem feitos, redescobertas, uma nova fase no amor. O casal ter\u00e1 agora mais tempo para compartilhar, descobrir novas formas de uni\u00e3o e prazer e n\u00e3o se negar uma \u00edntima culpando a idade. Esta fase pode ser vivida como uma nova adolesc\u00eancia, vivendo um para o outro, um com o outro, aproveitando o mundo juntos, criando mem\u00f3rias e tornando os dias leves e serenos. Velhice n\u00e3o significa resigna\u00e7\u00e3o.<\/p>\n\n\n\n<p><strong>5- aceita\u00e7\u00e3o desta nova fase e das suas novas etapas.<\/strong><\/p>\n\n\n\n<p>As mudan\u00e7as que efetivamente acontecem devem ser aceites de mente e cora\u00e7\u00e3o abertos  para que tudo se torne menos pesado. N\u00e3o devemos encarar a velhice como um fim mas como uma nova oportunidade de viver, tempo para viver com qualidade. Cada dia n\u00e3o deve ser visto como um dia a menos mas sim como um dia a mais em que puderam ser, viver, experienciar, criar, estar presente na vida familiar. Estamos na fase em que n\u00e3o nos devemos ver como um fardo mas sim como um pilar, uma funda\u00e7\u00e3o, o consolidar do conhecimento e da experi\u00eancia. Devemos reconhecer a nossa import\u00e2ncia e posi\u00e7\u00e3o. Como se costuma dizer: a idade \u00e9 um posto! Vivemos o suficiente, sobrevivemos \u00e0s prova\u00e7\u00f5es e dificuldades, rimos e choramos, vimos nascer e morrer, superamos a perda e explodimos de alegria em muitas ocasi\u00f5es. Somos agora, por si s\u00f3, her\u00f3is por m\u00e9rito de uma vida que ainda nos tem muito para oferecer!<\/p>\n\n\n\n<div class=\"wp-block-image\"><figure class=\"aligncenter\"><img decoding=\"async\" width=\"1200\" height=\"800\" src=\"https:\/\/i0.wp.com\/blogdoeloiltoncajuhy.com.br\/site\/wp-content\/uploads\/2019\/11\/BoaVelhice-02.jpg?fit=590%2C394\" alt=\"\" class=\"wp-image-39003\" srcset=\"https:\/\/i0.wp.com\/blogdoeloiltoncajuhy.com.br\/site\/wp-content\/uploads\/2019\/11\/BoaVelhice-02.jpg?w=1200&amp;ssl=1 1200w, https:\/\/i0.wp.com\/blogdoeloiltoncajuhy.com.br\/site\/wp-content\/uploads\/2019\/11\/BoaVelhice-02.jpg?resize=300%2C200&amp;ssl=1 300w, https:\/\/i0.wp.com\/blogdoeloiltoncajuhy.com.br\/site\/wp-content\/uploads\/2019\/11\/BoaVelhice-02.jpg?resize=768%2C512&amp;ssl=1 768w, https:\/\/i0.wp.com\/blogdoeloiltoncajuhy.com.br\/site\/wp-content\/uploads\/2019\/11\/BoaVelhice-02.jpg?resize=1024%2C683&amp;ssl=1 1024w, https:\/\/i0.wp.com\/blogdoeloiltoncajuhy.com.br\/site\/wp-content\/uploads\/2019\/11\/BoaVelhice-02.jpg?resize=250%2C167&amp;ssl=1 250w\" sizes=\"(max-width: 800px) 100vw, 800px\" \/><\/figure><\/div>\n","protected":false},"excerpt":{"rendered":"<p>Contam Est\u00f3rias (Porto) O jornalista, fil\u00f3sofo, poeta e pesquisador luso-brasileiro Fabiano de Abreu afirma ter como prioridade em sua vida o que ele chama de \u2018melhor idade\u2019. Criador de diversas teorias que tentam explicar a exist\u00eancia humana, seu comportamento e nuances, o autor do livro \u2018Viver Pode N\u00e3o Ter T\u00e3o Ruim\u2019 escreve para colunas em [&hellip;]<\/p>\n","protected":false},"author":2,"featured_media":39003,"comment_status":"open","ping_status":"open","sticky":false,"template":"","format":"standard","meta":{"_acf_changed":false,"_monsterinsights_skip_tracking":false,"_monsterinsights_sitenote_active":false,"_monsterinsights_sitenote_note":"","_monsterinsights_sitenote_category":0,"_jetpack_memberships_contains_paid_content":false,"footnotes":"","jetpack_publicize_message":"","jetpack_publicize_feature_enabled":true,"jetpack_social_post_already_shared":true,"jetpack_social_options":{"image_generator_settings":{"template":"highway","default_image_id":0,"font":"","enabled":false},"version":2}},"categories":[5,1],"tags":[],"class_list":["post-39001","post","type-post","status-publish","format-standard","has-post-thumbnail","hentry","category-cotidiano","category-noticias"],"acf":[],"jetpack_publicize_connections":[],"jetpack_featured_media_url":"https:\/\/i0.wp.com\/blogdoeloiltoncajuhy.com.br\/site\/wp-content\/uploads\/2019\/11\/BoaVelhice-02.jpg?fit=1200%2C800&ssl=1","jetpack_sharing_enabled":true,"publishpress_future_workflow_manual_trigger":{"enabledWorkflows":[]},"_links":{"self":[{"href":"https:\/\/blogdoeloiltoncajuhy.com.br\/site\/wp-json\/wp\/v2\/posts\/39001","targetHints":{"allow":["GET"]}}],"collection":[{"href":"https:\/\/blogdoeloiltoncajuhy.com.br\/site\/wp-json\/wp\/v2\/posts"}],"about":[{"href":"https:\/\/blogdoeloiltoncajuhy.com.br\/site\/wp-json\/wp\/v2\/types\/post"}],"author":[{"embeddable":true,"href":"https:\/\/blogdoeloiltoncajuhy.com.br\/site\/wp-json\/wp\/v2\/users\/2"}],"replies":[{"embeddable":true,"href":"https:\/\/blogdoeloiltoncajuhy.com.br\/site\/wp-json\/wp\/v2\/comments?post=39001"}],"version-history":[{"count":1,"href":"https:\/\/blogdoeloiltoncajuhy.com.br\/site\/wp-json\/wp\/v2\/posts\/39001\/revisions"}],"predecessor-version":[{"id":39004,"href":"https:\/\/blogdoeloiltoncajuhy.com.br\/site\/wp-json\/wp\/v2\/posts\/39001\/revisions\/39004"}],"wp:featuredmedia":[{"embeddable":true,"href":"https:\/\/blogdoeloiltoncajuhy.com.br\/site\/wp-json\/wp\/v2\/media\/39003"}],"wp:attachment":[{"href":"https:\/\/blogdoeloiltoncajuhy.com.br\/site\/wp-json\/wp\/v2\/media?parent=39001"}],"wp:term":[{"taxonomy":"category","embeddable":true,"href":"https:\/\/blogdoeloiltoncajuhy.com.br\/site\/wp-json\/wp\/v2\/categories?post=39001"},{"taxonomy":"post_tag","embeddable":true,"href":"https:\/\/blogdoeloiltoncajuhy.com.br\/site\/wp-json\/wp\/v2\/tags?post=39001"}],"curies":[{"name":"wp","href":"https:\/\/api.w.org\/{rel}","templated":true}]}}