{"id":38996,"date":"2019-11-22T10:18:59","date_gmt":"2019-11-22T13:18:59","guid":{"rendered":"http:\/\/blogdoeloiltoncajuhy.com.br\/site\/?p=38996"},"modified":"2019-11-22T10:19:05","modified_gmt":"2019-11-22T13:19:05","slug":"bonfim-ii-novembro-negro-da-uneb-discute-sobre-racismo-estrutural","status":"publish","type":"post","link":"https:\/\/blogdoeloiltoncajuhy.com.br\/site\/bonfim-ii-novembro-negro-da-uneb-discute-sobre-racismo-estrutural\/","title":{"rendered":"Bonfim: II Novembro Negro da UNEB discute sobre racismo estrutural"},"content":{"rendered":"\n<p><strong>Lorena Simas<\/strong><br>Coordenadora do N\u00facleo de Assessoria de Comunica\u00e7\u00e3o (NAC-DEDC\/ UNEB)<\/p>\n\n\n\n<div class=\"wp-block-image\"><figure class=\"aligncenter is-resized\"><img data-recalc-dims=\"1\" fetchpriority=\"high\" decoding=\"async\" src=\"https:\/\/i0.wp.com\/blogdoeloiltoncajuhy.com.br\/site\/wp-content\/uploads\/2019\/11\/Uneb-NovembroNegro-2019-01.jpg?resize=480%2C480\" alt=\"\" class=\"wp-image-38997\" width=\"480\" height=\"480\" srcset=\"https:\/\/i0.wp.com\/blogdoeloiltoncajuhy.com.br\/site\/wp-content\/uploads\/2019\/11\/Uneb-NovembroNegro-2019-01.jpg?w=960&amp;ssl=1 960w, https:\/\/i0.wp.com\/blogdoeloiltoncajuhy.com.br\/site\/wp-content\/uploads\/2019\/11\/Uneb-NovembroNegro-2019-01.jpg?resize=150%2C150&amp;ssl=1 150w, https:\/\/i0.wp.com\/blogdoeloiltoncajuhy.com.br\/site\/wp-content\/uploads\/2019\/11\/Uneb-NovembroNegro-2019-01.jpg?resize=300%2C300&amp;ssl=1 300w, https:\/\/i0.wp.com\/blogdoeloiltoncajuhy.com.br\/site\/wp-content\/uploads\/2019\/11\/Uneb-NovembroNegro-2019-01.jpg?resize=768%2C768&amp;ssl=1 768w, https:\/\/i0.wp.com\/blogdoeloiltoncajuhy.com.br\/site\/wp-content\/uploads\/2019\/11\/Uneb-NovembroNegro-2019-01.jpg?resize=250%2C250&amp;ssl=1 250w, https:\/\/i0.wp.com\/blogdoeloiltoncajuhy.com.br\/site\/wp-content\/uploads\/2019\/11\/Uneb-NovembroNegro-2019-01.jpg?resize=48%2C48&amp;ssl=1 48w\" sizes=\"(max-width: 480px) 100vw, 480px\" \/><\/figure><\/div>\n\n\n\n<p>O II Novembro Negro do Departamento de Educa\u00e7\u00e3o (DEDC), Campus VII da UNEB trouxe a discuss\u00e3o sobre Educa\u00e7\u00e3o, Identidade e Intersecionalidade e os desafios contempor\u00e2neos para as rela\u00e7\u00f5es \u00e9tnico-raciais atrav\u00e9s de minicursos, oficinas, apresenta\u00e7\u00e3o de trabalhos, exposi\u00e7\u00e3o fotogr\u00e1fica, lan\u00e7amento de livros, exibi\u00e7\u00e3o de filme, aula encenada e apresenta\u00e7\u00f5es culturais como Samba de Lata e Roda de Capoeira de Cariac\u00e1. O evento reuniu estudantes e profissionais de diversas \u00e1reas que debateram sobre o racismo estrutural.<\/p>\n\n\n\n<p>A professora do DEDC VII e coordenadora do II Novembro Negro, Carm\u00e9lia Miranda, destacou que o evento reuniu desde crian\u00e7as de 7 anos a idosos de 82 anos de v\u00e1rias cidades e culturas diferentes. <em>\u201cContamos com a presen\u00e7a de especialistas na linguagem diasp\u00f3rica, com professores (as) e pesquisadores (as) que abordaram diferentes tem\u00e1ticas acerca do racismo estrutural; discutimos sobre cantoras negras que eram obrigadas a trabalhar apenas com o samba, mas hoje existe um leque de possibilidades; conhecemos um pouco sobre a obra de Gilberto Gil desde 1967 at\u00e9 a atualidade, e a vida e obra de Abdias Nascimento, ator, escritor e professor importante no movimento negro; aprendemos sobre literatura africana, e como os personagens est\u00e3o presentes nessas obras, dentre muitas outras aprendizagens\u201d<\/em>.<\/p>\n\n\n\n<div class=\"wp-block-image\"><figure class=\"aligncenter is-resized\"><img data-recalc-dims=\"1\" decoding=\"async\" src=\"https:\/\/i0.wp.com\/blogdoeloiltoncajuhy.com.br\/site\/wp-content\/uploads\/2019\/11\/Uneb-NovembroNegro-2019-02.jpg?resize=480%2C480\" alt=\"\" class=\"wp-image-38998\" width=\"480\" height=\"480\" srcset=\"https:\/\/i0.wp.com\/blogdoeloiltoncajuhy.com.br\/site\/wp-content\/uploads\/2019\/11\/Uneb-NovembroNegro-2019-02.jpg?w=960&amp;ssl=1 960w, https:\/\/i0.wp.com\/blogdoeloiltoncajuhy.com.br\/site\/wp-content\/uploads\/2019\/11\/Uneb-NovembroNegro-2019-02.jpg?resize=150%2C150&amp;ssl=1 150w, https:\/\/i0.wp.com\/blogdoeloiltoncajuhy.com.br\/site\/wp-content\/uploads\/2019\/11\/Uneb-NovembroNegro-2019-02.jpg?resize=300%2C300&amp;ssl=1 300w, https:\/\/i0.wp.com\/blogdoeloiltoncajuhy.com.br\/site\/wp-content\/uploads\/2019\/11\/Uneb-NovembroNegro-2019-02.jpg?resize=768%2C768&amp;ssl=1 768w, https:\/\/i0.wp.com\/blogdoeloiltoncajuhy.com.br\/site\/wp-content\/uploads\/2019\/11\/Uneb-NovembroNegro-2019-02.jpg?resize=250%2C250&amp;ssl=1 250w, https:\/\/i0.wp.com\/blogdoeloiltoncajuhy.com.br\/site\/wp-content\/uploads\/2019\/11\/Uneb-NovembroNegro-2019-02.jpg?resize=48%2C48&amp;ssl=1 48w\" sizes=\"(max-width: 480px) 100vw, 480px\" \/><\/figure><\/div>\n\n\n\n<p>A estudante de Pedagogia, Daiane Cardoso, da comunidade quilombola V\u00e1rzea do Mulato relatou que o evento trouxe v\u00e1rios temas importantes a serem discutidos. <em>\u201cA partir dos conhecimentos adquiridos, \u00e9 poss\u00edvel trabalhar na sala de aula sobre o racismo e outras quest\u00f5es\u201d<\/em>, afirmou Daiane. A estudante destacou ainda que gostou da discuss\u00e3o tecida sobre etnobot\u00e2nica, pois <em>\u201cfoi poss\u00edvel aprender acerca dos conhecimentos populares que as comunidades, a exemplo de Tijua\u00e7u, possuem em rela\u00e7\u00e3o \u00e0s plantas medicinais que s\u00e3o rem\u00e9dios alternativos para a cura de algumas doen\u00e7as\u201d<\/em>.<\/p>\n\n\n\n<p>O II Novembro Negro trouxe diferentes discuss\u00f5es e reuniu pessoas que dividiram seus conhecimentos. Assim, a coordenadora, Carm\u00e9lia Miranda, frisou ainda que, <em>\u201cno III Novembro Negro, em 2020, esperamos que o evento cres\u00e7a ainda mais. Buscaremos trabalhar com outras perspectivas, a exemplo do feminismo negro\u201d<\/em>.<\/p>\n\n\n\n<p>O Novembro Negro \u00e9 uma realiza\u00e7\u00e3o do DEDC VII da UNEB e do Laborat\u00f3rio de Hist\u00f3ria e Cultura Afro-Brasileira e Curr\u00edculo Mariinha Rodrigues (LahAfro).<\/p>\n\n\n\n<div class=\"wp-block-image\"><figure class=\"aligncenter\"><img decoding=\"async\" width=\"1032\" height=\"477\" src=\"https:\/\/i1.wp.com\/blogdoeloiltoncajuhy.com.br\/site\/wp-content\/uploads\/2019\/11\/Uneb-NovembroNegro-2019-03.jpg?fit=590%2C273\" alt=\"\" class=\"wp-image-38999\" srcset=\"https:\/\/i0.wp.com\/blogdoeloiltoncajuhy.com.br\/site\/wp-content\/uploads\/2019\/11\/Uneb-NovembroNegro-2019-03.jpg?w=1032&amp;ssl=1 1032w, https:\/\/i0.wp.com\/blogdoeloiltoncajuhy.com.br\/site\/wp-content\/uploads\/2019\/11\/Uneb-NovembroNegro-2019-03.jpg?resize=300%2C139&amp;ssl=1 300w, https:\/\/i0.wp.com\/blogdoeloiltoncajuhy.com.br\/site\/wp-content\/uploads\/2019\/11\/Uneb-NovembroNegro-2019-03.jpg?resize=768%2C355&amp;ssl=1 768w, https:\/\/i0.wp.com\/blogdoeloiltoncajuhy.com.br\/site\/wp-content\/uploads\/2019\/11\/Uneb-NovembroNegro-2019-03.jpg?resize=1024%2C473&amp;ssl=1 1024w, https:\/\/i0.wp.com\/blogdoeloiltoncajuhy.com.br\/site\/wp-content\/uploads\/2019\/11\/Uneb-NovembroNegro-2019-03.jpg?resize=250%2C116&amp;ssl=1 250w\" sizes=\"(max-width: 800px) 100vw, 800px\" \/><\/figure><\/div>\n","protected":false},"excerpt":{"rendered":"<p>Lorena SimasCoordenadora do N\u00facleo de Assessoria de Comunica\u00e7\u00e3o (NAC-DEDC\/ UNEB) O II Novembro Negro do Departamento de Educa\u00e7\u00e3o (DEDC), Campus VII da UNEB trouxe a discuss\u00e3o sobre Educa\u00e7\u00e3o, Identidade e Intersecionalidade e os desafios contempor\u00e2neos para as rela\u00e7\u00f5es \u00e9tnico-raciais atrav\u00e9s de minicursos, oficinas, apresenta\u00e7\u00e3o de trabalhos, exposi\u00e7\u00e3o fotogr\u00e1fica, lan\u00e7amento de livros, exibi\u00e7\u00e3o de filme, aula [&hellip;]<\/p>\n","protected":false},"author":2,"featured_media":38999,"comment_status":"open","ping_status":"open","sticky":false,"template":"","format":"standard","meta":{"_acf_changed":false,"_monsterinsights_skip_tracking":false,"_monsterinsights_sitenote_active":false,"_monsterinsights_sitenote_note":"","_monsterinsights_sitenote_category":0,"_jetpack_memberships_contains_paid_content":false,"footnotes":"","jetpack_publicize_message":"","jetpack_publicize_feature_enabled":true,"jetpack_social_post_already_shared":true,"jetpack_social_options":{"image_generator_settings":{"template":"highway","default_image_id":0,"font":"","enabled":false},"version":2}},"categories":[1,4],"tags":[],"class_list":["post-38996","post","type-post","status-publish","format-standard","has-post-thumbnail","hentry","category-noticias","category-local"],"acf":[],"jetpack_publicize_connections":[],"jetpack_featured_media_url":"https:\/\/i0.wp.com\/blogdoeloiltoncajuhy.com.br\/site\/wp-content\/uploads\/2019\/11\/Uneb-NovembroNegro-2019-03.jpg?fit=1032%2C477&ssl=1","jetpack_sharing_enabled":true,"publishpress_future_workflow_manual_trigger":{"enabledWorkflows":[]},"_links":{"self":[{"href":"https:\/\/blogdoeloiltoncajuhy.com.br\/site\/wp-json\/wp\/v2\/posts\/38996","targetHints":{"allow":["GET"]}}],"collection":[{"href":"https:\/\/blogdoeloiltoncajuhy.com.br\/site\/wp-json\/wp\/v2\/posts"}],"about":[{"href":"https:\/\/blogdoeloiltoncajuhy.com.br\/site\/wp-json\/wp\/v2\/types\/post"}],"author":[{"embeddable":true,"href":"https:\/\/blogdoeloiltoncajuhy.com.br\/site\/wp-json\/wp\/v2\/users\/2"}],"replies":[{"embeddable":true,"href":"https:\/\/blogdoeloiltoncajuhy.com.br\/site\/wp-json\/wp\/v2\/comments?post=38996"}],"version-history":[{"count":1,"href":"https:\/\/blogdoeloiltoncajuhy.com.br\/site\/wp-json\/wp\/v2\/posts\/38996\/revisions"}],"predecessor-version":[{"id":39000,"href":"https:\/\/blogdoeloiltoncajuhy.com.br\/site\/wp-json\/wp\/v2\/posts\/38996\/revisions\/39000"}],"wp:featuredmedia":[{"embeddable":true,"href":"https:\/\/blogdoeloiltoncajuhy.com.br\/site\/wp-json\/wp\/v2\/media\/38999"}],"wp:attachment":[{"href":"https:\/\/blogdoeloiltoncajuhy.com.br\/site\/wp-json\/wp\/v2\/media?parent=38996"}],"wp:term":[{"taxonomy":"category","embeddable":true,"href":"https:\/\/blogdoeloiltoncajuhy.com.br\/site\/wp-json\/wp\/v2\/categories?post=38996"},{"taxonomy":"post_tag","embeddable":true,"href":"https:\/\/blogdoeloiltoncajuhy.com.br\/site\/wp-json\/wp\/v2\/tags?post=38996"}],"curies":[{"name":"wp","href":"https:\/\/api.w.org\/{rel}","templated":true}]}}