{"id":38988,"date":"2019-11-22T09:36:37","date_gmt":"2019-11-22T12:36:37","guid":{"rendered":"http:\/\/blogdoeloiltoncajuhy.com.br\/site\/?p=38988"},"modified":"2019-11-22T09:36:43","modified_gmt":"2019-11-22T12:36:43","slug":"comunidade-quilombola-de-tijuacu-comemora-dia-nacional-da-consciencia-negra","status":"publish","type":"post","link":"https:\/\/blogdoeloiltoncajuhy.com.br\/site\/comunidade-quilombola-de-tijuacu-comemora-dia-nacional-da-consciencia-negra\/","title":{"rendered":"Comunidade Quilombola de Tijua\u00e7u comemora Dia Nacional da Consci\u00eancia Negra"},"content":{"rendered":"\n<p><strong>ASCOM &#8211; Prefeitura Municipal de Senhor do Bonfim &#8211; BA<\/strong><\/p>\n\n\n\n<div class=\"wp-block-image\"><figure class=\"aligncenter\"><img data-recalc-dims=\"1\" fetchpriority=\"high\" decoding=\"async\" width=\"800\" height=\"533\" src=\"https:\/\/i0.wp.com\/blogdoeloiltoncajuhy.com.br\/site\/wp-content\/uploads\/2019\/11\/PMSB_DiaConscienciaNegraTijuacu-01.jpg?resize=800%2C533\" alt=\"\" class=\"wp-image-38989\" srcset=\"https:\/\/i0.wp.com\/blogdoeloiltoncajuhy.com.br\/site\/wp-content\/uploads\/2019\/11\/PMSB_DiaConscienciaNegraTijuacu-01.jpg?w=960&amp;ssl=1 960w, https:\/\/i0.wp.com\/blogdoeloiltoncajuhy.com.br\/site\/wp-content\/uploads\/2019\/11\/PMSB_DiaConscienciaNegraTijuacu-01.jpg?resize=300%2C200&amp;ssl=1 300w, https:\/\/i0.wp.com\/blogdoeloiltoncajuhy.com.br\/site\/wp-content\/uploads\/2019\/11\/PMSB_DiaConscienciaNegraTijuacu-01.jpg?resize=768%2C511&amp;ssl=1 768w, https:\/\/i0.wp.com\/blogdoeloiltoncajuhy.com.br\/site\/wp-content\/uploads\/2019\/11\/PMSB_DiaConscienciaNegraTijuacu-01.jpg?resize=250%2C166&amp;ssl=1 250w\" sizes=\"(max-width: 800px) 100vw, 800px\" \/><\/figure><\/div>\n\n\n\n<p>Com o objetivo de promover a valoriza\u00e7\u00e3o da cultura afrodescendente, a prefeitura de Senhor do Bonfim, por meio da Secretaria de Educa\u00e7\u00e3o, realizou uma vasta programa\u00e7\u00e3o alusiva as comemora\u00e7\u00f5es ao dia 20 de novembro &#8211; Dia da Consci\u00eancia Negra.<\/p>\n\n\n\n<p>As atividades iniciaram com um belo desfile na parte da manh\u00e3 e seguiram durante a tarde com a realiza\u00e7\u00e3o do 10\u00ba Tijua\u00e7\u00e3o, na Escola Municipal de 1\u00ba Grau de Tijua\u00e7u.<\/p>\n\n\n\n<p>No espa\u00e7o, palestras, apresenta\u00e7\u00f5es culturais, recital de poesias, exposi\u00e7\u00e3o de m\u00e1scaras africanas e produtos do licuri marcaram a celebra\u00e7\u00e3o do Dia Nacional da Consci\u00eancia Negra.<\/p>\n\n\n\n<p><em>\u201cEsta data tamb\u00e9m significa a luta da popula\u00e7\u00e3o negra em prol da igualdade social e igualdade racial\u201d<\/em>, destacou a professora e diretora da escola de 1\u00ba Grau, Eliete Fagundes de Jesus Rodrigues.<\/p>\n\n\n\n<p>O distrito de Tijua\u00e7u \u00e9 considerado uma das maiores comunidades em n\u00famero de remanescentes de quilombo na Bahia. A comunidade abriga mais de 800 fam\u00edlias e est\u00e1 localizada a cerca de 20 quil\u00f4metros da sede do munic\u00edpio.<\/p>\n\n\n\n<p>A secretaria de Educa\u00e7\u00e3o, Cristiane Maia, anunciou durante o evento que as comemora\u00e7\u00f5es referentes ao Novembro Negro v\u00e3o ter sua culmin\u00e2ncia em dezembro, quando acontecer\u00e1 a 1\u00aa Feira Liter\u00e1ria de Senhor do Bonfim -Flisbom.<\/p>\n\n\n\n<p><em>\u201cO evento ter\u00e1 o tema: entre a Am\u00e9rica e a \u00c1frica e vai homenagear o bonfinense Ant\u00f4nio Vieira\u201d<\/em>, adiantou a secret\u00e1ria.<\/p>\n\n\n\n<p>A feira liter\u00e1ria est\u00e1 programada para acontecer entre os dias 19 e 21 de dezembro. Natural do distrito de Tijua\u00e7u, o bonfinense Ant\u00f4nio Vieira foi bacharel em biblioteconomia, antrop\u00f3logo social, PhD em ci\u00eancias sociais e Conferencista nos Estados Unidos e no continente africano.<\/p>\n\n\n\n<div class=\"wp-block-image\"><figure class=\"aligncenter\"><img data-recalc-dims=\"1\" decoding=\"async\" width=\"800\" height=\"533\" src=\"https:\/\/i0.wp.com\/blogdoeloiltoncajuhy.com.br\/site\/wp-content\/uploads\/2019\/11\/PMSB_DiaConscienciaNegraTijuacu-02.jpg?resize=800%2C533\" alt=\"\" class=\"wp-image-38990\" srcset=\"https:\/\/i0.wp.com\/blogdoeloiltoncajuhy.com.br\/site\/wp-content\/uploads\/2019\/11\/PMSB_DiaConscienciaNegraTijuacu-02.jpg?w=960&amp;ssl=1 960w, https:\/\/i0.wp.com\/blogdoeloiltoncajuhy.com.br\/site\/wp-content\/uploads\/2019\/11\/PMSB_DiaConscienciaNegraTijuacu-02.jpg?resize=300%2C200&amp;ssl=1 300w, https:\/\/i0.wp.com\/blogdoeloiltoncajuhy.com.br\/site\/wp-content\/uploads\/2019\/11\/PMSB_DiaConscienciaNegraTijuacu-02.jpg?resize=768%2C511&amp;ssl=1 768w, https:\/\/i0.wp.com\/blogdoeloiltoncajuhy.com.br\/site\/wp-content\/uploads\/2019\/11\/PMSB_DiaConscienciaNegraTijuacu-02.jpg?resize=250%2C166&amp;ssl=1 250w\" sizes=\"(max-width: 800px) 100vw, 800px\" \/><\/figure><\/div>\n\n\n\n<p>A programa\u00e7\u00e3o festiva come\u00e7ou no dia anterior com uma Sess\u00e3o Solene na C\u00e2mara dos Vereadores para entrega de homenagens (certificados) para personalidades negras de Senhor do Bonfim.<\/p>\n\n\n\n<p>No mesmo dia, aconteceu na comunidade de Alto Bonito, o A\u00e7\u00e3o Cidadania &#8211;  realizado pela Cactus &#8211; Associa\u00e7\u00e3o de Assist\u00eancia T\u00e9cnica a Assessoria aos Trabalhadores Rurais e Movimentos Populares de Senhor do Bonfim, em parceria com a Secretaria de Assist\u00eancia Social, Secretaria de Cultura, Secretaria de Educa\u00e7\u00e3o, Centro de Refer\u00eancia da Mulher-CRM \u2013 M\u00e3e Sulinha e Cras Quilombola de Tijua\u00e7u.<\/p>\n\n\n\n<p>A data em mem\u00f3ria a Zumbi dos palmares tamb\u00e9m contou com a presen\u00e7a do prefeito Carlos Brasileiro, do vereador Carlos de Tijua\u00e7u, professores e alunos da rede municipal, lideran\u00e7as comunit\u00e1rias e a popula\u00e7\u00e3o em geral.<\/p>\n\n\n\n<p class=\"has-medium-font-size\"><strong>Dia da Consci\u00eancia Negra no Brasil<\/strong><\/p>\n\n\n\n<p>A data \u00e9 celebrada no pa\u00eds no dia 20 de novembro. O objetivo para sua cria\u00e7\u00e3o \u00e9 para a reflex\u00e3o sobre a inser\u00e7\u00e3o do negro na sociedade brasileira. A data foi escolhida propositalmente ao dia atribu\u00eddo \u00e0 morte de Zumbi dos Palmares, em 1695. Zumbi foi uma importante figura guerreira na hist\u00f3ria do Brasil, sendo reconhecido como um dos pioneiros na resist\u00eancia contra a escravid\u00e3o.<\/p>\n\n\n\n<div class=\"wp-block-image\"><figure class=\"aligncenter\"><img data-recalc-dims=\"1\" decoding=\"async\" width=\"800\" height=\"533\" src=\"https:\/\/i0.wp.com\/blogdoeloiltoncajuhy.com.br\/site\/wp-content\/uploads\/2019\/11\/PMSB_DiaConscienciaNegraTijuacu-03.jpg?resize=800%2C533\" alt=\"\" class=\"wp-image-38991\" srcset=\"https:\/\/i0.wp.com\/blogdoeloiltoncajuhy.com.br\/site\/wp-content\/uploads\/2019\/11\/PMSB_DiaConscienciaNegraTijuacu-03.jpg?w=960&amp;ssl=1 960w, https:\/\/i0.wp.com\/blogdoeloiltoncajuhy.com.br\/site\/wp-content\/uploads\/2019\/11\/PMSB_DiaConscienciaNegraTijuacu-03.jpg?resize=300%2C200&amp;ssl=1 300w, https:\/\/i0.wp.com\/blogdoeloiltoncajuhy.com.br\/site\/wp-content\/uploads\/2019\/11\/PMSB_DiaConscienciaNegraTijuacu-03.jpg?resize=768%2C511&amp;ssl=1 768w, https:\/\/i0.wp.com\/blogdoeloiltoncajuhy.com.br\/site\/wp-content\/uploads\/2019\/11\/PMSB_DiaConscienciaNegraTijuacu-03.jpg?resize=250%2C166&amp;ssl=1 250w\" sizes=\"(max-width: 800px) 100vw, 800px\" \/><\/figure><\/div>\n","protected":false},"excerpt":{"rendered":"<p>ASCOM &#8211; Prefeitura Municipal de Senhor do Bonfim &#8211; BA Com o objetivo de promover a valoriza\u00e7\u00e3o da cultura afrodescendente, a prefeitura de Senhor do Bonfim, por meio da Secretaria de Educa\u00e7\u00e3o, realizou uma vasta programa\u00e7\u00e3o alusiva as comemora\u00e7\u00f5es ao dia 20 de novembro &#8211; Dia da Consci\u00eancia Negra. As atividades iniciaram com um belo [&hellip;]<\/p>\n","protected":false},"author":2,"featured_media":38991,"comment_status":"open","ping_status":"open","sticky":false,"template":"","format":"standard","meta":{"_acf_changed":false,"_monsterinsights_skip_tracking":false,"_monsterinsights_sitenote_active":false,"_monsterinsights_sitenote_note":"","_monsterinsights_sitenote_category":0,"_jetpack_memberships_contains_paid_content":false,"footnotes":"","jetpack_publicize_message":"","jetpack_publicize_feature_enabled":true,"jetpack_social_post_already_shared":true,"jetpack_social_options":{"image_generator_settings":{"template":"highway","default_image_id":0,"font":"","enabled":false},"version":2}},"categories":[8,1,4],"tags":[],"class_list":["post-38988","post","type-post","status-publish","format-standard","has-post-thumbnail","hentry","category-cultura","category-noticias","category-local"],"acf":[],"jetpack_publicize_connections":[],"jetpack_featured_media_url":"https:\/\/i0.wp.com\/blogdoeloiltoncajuhy.com.br\/site\/wp-content\/uploads\/2019\/11\/PMSB_DiaConscienciaNegraTijuacu-03.jpg?fit=960%2C639&ssl=1","jetpack_sharing_enabled":true,"publishpress_future_workflow_manual_trigger":{"enabledWorkflows":[]},"_links":{"self":[{"href":"https:\/\/blogdoeloiltoncajuhy.com.br\/site\/wp-json\/wp\/v2\/posts\/38988","targetHints":{"allow":["GET"]}}],"collection":[{"href":"https:\/\/blogdoeloiltoncajuhy.com.br\/site\/wp-json\/wp\/v2\/posts"}],"about":[{"href":"https:\/\/blogdoeloiltoncajuhy.com.br\/site\/wp-json\/wp\/v2\/types\/post"}],"author":[{"embeddable":true,"href":"https:\/\/blogdoeloiltoncajuhy.com.br\/site\/wp-json\/wp\/v2\/users\/2"}],"replies":[{"embeddable":true,"href":"https:\/\/blogdoeloiltoncajuhy.com.br\/site\/wp-json\/wp\/v2\/comments?post=38988"}],"version-history":[{"count":1,"href":"https:\/\/blogdoeloiltoncajuhy.com.br\/site\/wp-json\/wp\/v2\/posts\/38988\/revisions"}],"predecessor-version":[{"id":38992,"href":"https:\/\/blogdoeloiltoncajuhy.com.br\/site\/wp-json\/wp\/v2\/posts\/38988\/revisions\/38992"}],"wp:featuredmedia":[{"embeddable":true,"href":"https:\/\/blogdoeloiltoncajuhy.com.br\/site\/wp-json\/wp\/v2\/media\/38991"}],"wp:attachment":[{"href":"https:\/\/blogdoeloiltoncajuhy.com.br\/site\/wp-json\/wp\/v2\/media?parent=38988"}],"wp:term":[{"taxonomy":"category","embeddable":true,"href":"https:\/\/blogdoeloiltoncajuhy.com.br\/site\/wp-json\/wp\/v2\/categories?post=38988"},{"taxonomy":"post_tag","embeddable":true,"href":"https:\/\/blogdoeloiltoncajuhy.com.br\/site\/wp-json\/wp\/v2\/tags?post=38988"}],"curies":[{"name":"wp","href":"https:\/\/api.w.org\/{rel}","templated":true}]}}