{"id":38984,"date":"2019-11-22T09:24:28","date_gmt":"2019-11-22T12:24:28","guid":{"rendered":"http:\/\/blogdoeloiltoncajuhy.com.br\/site\/?p=38984"},"modified":"2019-11-22T11:00:07","modified_gmt":"2019-11-22T14:00:07","slug":"palmeirinhas-jovem-de-senhor-do-bonfim-disputa-neste-sabado-23-as-quartas-de-final-da-salvador-cup-kids","status":"publish","type":"post","link":"https:\/\/blogdoeloiltoncajuhy.com.br\/site\/palmeirinhas-jovem-de-senhor-do-bonfim-disputa-neste-sabado-23-as-quartas-de-final-da-salvador-cup-kids\/","title":{"rendered":"Palmeirinhas Jovem de Senhor do Bonfim disputa neste s\u00e1bado (23) as quartas de final da Salvador Cup Kids"},"content":{"rendered":"\n<p><strong>BLOG DO ELOILTON CAJUHY<\/strong><\/p>\n\n\n\n<div class=\"wp-block-image\"><figure class=\"aligncenter is-resized\"><img fetchpriority=\"high\" decoding=\"async\" src=\"https:\/\/i0.wp.com\/blogdoeloiltoncajuhy.com.br\/site\/wp-content\/uploads\/2019\/11\/SCK-QuartasSub09.jpg?fit=590%2C648\" alt=\"\" class=\"wp-image-38985\" width=\"443\" height=\"485\" srcset=\"https:\/\/i0.wp.com\/blogdoeloiltoncajuhy.com.br\/site\/wp-content\/uploads\/2019\/11\/SCK-QuartasSub09.jpg?w=1080&amp;ssl=1 1080w, https:\/\/i0.wp.com\/blogdoeloiltoncajuhy.com.br\/site\/wp-content\/uploads\/2019\/11\/SCK-QuartasSub09.jpg?resize=273%2C300&amp;ssl=1 273w, https:\/\/i0.wp.com\/blogdoeloiltoncajuhy.com.br\/site\/wp-content\/uploads\/2019\/11\/SCK-QuartasSub09.jpg?resize=768%2C843&amp;ssl=1 768w, https:\/\/i0.wp.com\/blogdoeloiltoncajuhy.com.br\/site\/wp-content\/uploads\/2019\/11\/SCK-QuartasSub09.jpg?resize=933%2C1024&amp;ssl=1 933w, https:\/\/i0.wp.com\/blogdoeloiltoncajuhy.com.br\/site\/wp-content\/uploads\/2019\/11\/SCK-QuartasSub09.jpg?resize=228%2C250&amp;ssl=1 228w\" sizes=\"(max-width: 443px) 100vw, 443px\" \/><\/figure><\/div>\n\n\n\n<p>A delega\u00e7\u00e3o da Escolinha do Palmeirinhas Jovem de Senhor do Bonfim viaja  no final da tarde desta sexta-feira (22) com destino a capital, onde disputar\u00e1 neste s\u00e1bado, as quartas de final da Salvador Cup Kids, competi\u00e7\u00e3o que est\u00e1 sendo realizada no CT do Barrad\u00e3o.<\/p>\n\n\n\n<p>O Palmeirinhas Jovem classificou suas duas equipes para esta fase, a Sub 09 e a Sub 11. Na tarde desta quinta-feira, o Professor Cleicinho comandou um treino apronto no Est\u00e1dio Pedro Amorim com os dois times.<\/p>\n\n\n\n<p>A equipe Sub 09 joga \u00e0s 9h20 do s\u00e1bado contra o MAF, enquanto a Sub 11 enfrenta o Costa Lyra, \u00e0s 10h. Caso os dois times se classifiquem para a semifinal, jogam \u00e0 tarde.<\/p>\n\n\n\n<div class=\"wp-block-image\"><figure class=\"aligncenter is-resized\"><img data-recalc-dims=\"1\" decoding=\"async\" src=\"https:\/\/i0.wp.com\/blogdoeloiltoncajuhy.com.br\/site\/wp-content\/uploads\/2019\/11\/SCK-QuartasSub11.jpg?resize=442%2C442\" alt=\"\" class=\"wp-image-38986\" width=\"442\" height=\"442\" srcset=\"https:\/\/i0.wp.com\/blogdoeloiltoncajuhy.com.br\/site\/wp-content\/uploads\/2019\/11\/SCK-QuartasSub11.jpg?w=720&amp;ssl=1 720w, https:\/\/i0.wp.com\/blogdoeloiltoncajuhy.com.br\/site\/wp-content\/uploads\/2019\/11\/SCK-QuartasSub11.jpg?resize=150%2C150&amp;ssl=1 150w, https:\/\/i0.wp.com\/blogdoeloiltoncajuhy.com.br\/site\/wp-content\/uploads\/2019\/11\/SCK-QuartasSub11.jpg?resize=300%2C300&amp;ssl=1 300w, https:\/\/i0.wp.com\/blogdoeloiltoncajuhy.com.br\/site\/wp-content\/uploads\/2019\/11\/SCK-QuartasSub11.jpg?resize=250%2C250&amp;ssl=1 250w, https:\/\/i0.wp.com\/blogdoeloiltoncajuhy.com.br\/site\/wp-content\/uploads\/2019\/11\/SCK-QuartasSub11.jpg?resize=48%2C48&amp;ssl=1 48w\" sizes=\"(max-width: 442px) 100vw, 442px\" \/><\/figure><\/div>\n","protected":false},"excerpt":{"rendered":"<p>BLOG DO ELOILTON CAJUHY A delega\u00e7\u00e3o da Escolinha do Palmeirinhas Jovem de Senhor do Bonfim viaja no final da tarde desta sexta-feira (22) com destino a capital, onde disputar\u00e1 neste s\u00e1bado, as quartas de final da Salvador Cup Kids, competi\u00e7\u00e3o que est\u00e1 sendo realizada no CT do Barrad\u00e3o. O Palmeirinhas Jovem classificou suas duas equipes [&hellip;]<\/p>\n","protected":false},"author":2,"featured_media":38986,"comment_status":"open","ping_status":"open","sticky":false,"template":"","format":"standard","meta":{"_acf_changed":false,"_monsterinsights_skip_tracking":false,"_monsterinsights_sitenote_active":false,"_monsterinsights_sitenote_note":"","_monsterinsights_sitenote_category":0,"_jetpack_memberships_contains_paid_content":false,"footnotes":"","jetpack_publicize_message":"","jetpack_publicize_feature_enabled":true,"jetpack_social_post_already_shared":true,"jetpack_social_options":{"image_generator_settings":{"template":"highway","default_image_id":0,"font":"","enabled":false},"version":2}},"categories":[6,1,4],"tags":[],"class_list":["post-38984","post","type-post","status-publish","format-standard","has-post-thumbnail","hentry","category-esportes","category-noticias","category-local"],"acf":[],"jetpack_publicize_connections":[],"jetpack_featured_media_url":"https:\/\/i0.wp.com\/blogdoeloiltoncajuhy.com.br\/site\/wp-content\/uploads\/2019\/11\/SCK-QuartasSub11.jpg?fit=720%2C720&ssl=1","jetpack_sharing_enabled":true,"publishpress_future_workflow_manual_trigger":{"enabledWorkflows":[]},"_links":{"self":[{"href":"https:\/\/blogdoeloiltoncajuhy.com.br\/site\/wp-json\/wp\/v2\/posts\/38984","targetHints":{"allow":["GET"]}}],"collection":[{"href":"https:\/\/blogdoeloiltoncajuhy.com.br\/site\/wp-json\/wp\/v2\/posts"}],"about":[{"href":"https:\/\/blogdoeloiltoncajuhy.com.br\/site\/wp-json\/wp\/v2\/types\/post"}],"author":[{"embeddable":true,"href":"https:\/\/blogdoeloiltoncajuhy.com.br\/site\/wp-json\/wp\/v2\/users\/2"}],"replies":[{"embeddable":true,"href":"https:\/\/blogdoeloiltoncajuhy.com.br\/site\/wp-json\/wp\/v2\/comments?post=38984"}],"version-history":[{"count":2,"href":"https:\/\/blogdoeloiltoncajuhy.com.br\/site\/wp-json\/wp\/v2\/posts\/38984\/revisions"}],"predecessor-version":[{"id":39006,"href":"https:\/\/blogdoeloiltoncajuhy.com.br\/site\/wp-json\/wp\/v2\/posts\/38984\/revisions\/39006"}],"wp:featuredmedia":[{"embeddable":true,"href":"https:\/\/blogdoeloiltoncajuhy.com.br\/site\/wp-json\/wp\/v2\/media\/38986"}],"wp:attachment":[{"href":"https:\/\/blogdoeloiltoncajuhy.com.br\/site\/wp-json\/wp\/v2\/media?parent=38984"}],"wp:term":[{"taxonomy":"category","embeddable":true,"href":"https:\/\/blogdoeloiltoncajuhy.com.br\/site\/wp-json\/wp\/v2\/categories?post=38984"},{"taxonomy":"post_tag","embeddable":true,"href":"https:\/\/blogdoeloiltoncajuhy.com.br\/site\/wp-json\/wp\/v2\/tags?post=38984"}],"curies":[{"name":"wp","href":"https:\/\/api.w.org\/{rel}","templated":true}]}}