{"id":38982,"date":"2019-11-22T08:56:22","date_gmt":"2019-11-22T11:56:22","guid":{"rendered":"http:\/\/blogdoeloiltoncajuhy.com.br\/site\/?p=38982"},"modified":"2019-11-22T08:56:28","modified_gmt":"2019-11-22T11:56:28","slug":"contribuintes-de-jaguarari-tem-ate-o-dia-30-de-novembro-para-aderirem-ao-refis-2019","status":"publish","type":"post","link":"https:\/\/blogdoeloiltoncajuhy.com.br\/site\/contribuintes-de-jaguarari-tem-ate-o-dia-30-de-novembro-para-aderirem-ao-refis-2019\/","title":{"rendered":"Contribuintes de Jaguarari t\u00eam at\u00e9 o dia 30 de novembro para aderirem ao Refis 2019"},"content":{"rendered":"\n<p><strong>ASCOM \u2013 Prefeitura de Jaguarari-BA<\/strong><\/p>\n\n\n\n<div class=\"wp-block-image\"><figure class=\"aligncenter is-resized\"><img data-recalc-dims=\"1\" fetchpriority=\"high\" decoding=\"async\" src=\"https:\/\/i0.wp.com\/blogdoeloiltoncajuhy.com.br\/site\/wp-content\/uploads\/2019\/09\/PMJ_REFIS-2019-2.jpg?resize=394%2C401\" alt=\"\" class=\"wp-image-37526\" width=\"394\" height=\"401\" srcset=\"https:\/\/i0.wp.com\/blogdoeloiltoncajuhy.com.br\/site\/wp-content\/uploads\/2019\/09\/PMJ_REFIS-2019-2.jpg?resize=1006%2C1024&amp;ssl=1 1006w, https:\/\/i0.wp.com\/blogdoeloiltoncajuhy.com.br\/site\/wp-content\/uploads\/2019\/09\/PMJ_REFIS-2019-2.jpg?resize=295%2C300&amp;ssl=1 295w, https:\/\/i0.wp.com\/blogdoeloiltoncajuhy.com.br\/site\/wp-content\/uploads\/2019\/09\/PMJ_REFIS-2019-2.jpg?resize=768%2C782&amp;ssl=1 768w, https:\/\/i0.wp.com\/blogdoeloiltoncajuhy.com.br\/site\/wp-content\/uploads\/2019\/09\/PMJ_REFIS-2019-2.jpg?resize=246%2C250&amp;ssl=1 246w, https:\/\/i0.wp.com\/blogdoeloiltoncajuhy.com.br\/site\/wp-content\/uploads\/2019\/09\/PMJ_REFIS-2019-2.jpg?resize=48%2C48&amp;ssl=1 48w, https:\/\/i0.wp.com\/blogdoeloiltoncajuhy.com.br\/site\/wp-content\/uploads\/2019\/09\/PMJ_REFIS-2019-2.jpg?w=1257&amp;ssl=1 1257w\" sizes=\"(max-width: 394px) 100vw, 394px\" \/><\/figure><\/div>\n\n\n\n<p>A prefeitura de Jaguarari, atrav\u00e9s da Secretaria de Finan\u00e7as, informa ao contribuinte, seja ele pessoa f\u00edsica ou jur\u00eddica, e que deseja quitar seus d\u00e9bitos fiscais junto ao munic\u00edpio, que o prazo para a ades\u00e3o ao Refis 2019 se encerra no dia 30 de novembro.<\/p>\n\n\n\n<p>O contribuinte que quitar seus d\u00e9bitos ter\u00e1 100% de desconto em pagamento a vista. A inscri\u00e7\u00e3o poder\u00e1 ser realizada no Setor de Tributos, localizado no pr\u00e9dio da prefeitura ou na sub prefeitura no distrito de Pilar. O prazo n\u00e3o ser\u00e1 prorrogado.<\/p>\n","protected":false},"excerpt":{"rendered":"<p>ASCOM \u2013 Prefeitura de Jaguarari-BA A prefeitura de Jaguarari, atrav\u00e9s da Secretaria de Finan\u00e7as, informa ao contribuinte, seja ele pessoa f\u00edsica ou jur\u00eddica, e que deseja quitar seus d\u00e9bitos fiscais junto ao munic\u00edpio, que o prazo para a ades\u00e3o ao Refis 2019 se encerra no dia 30 de novembro. O contribuinte que quitar seus d\u00e9bitos [&hellip;]<\/p>\n","protected":false},"author":2,"featured_media":0,"comment_status":"open","ping_status":"open","sticky":false,"template":"","format":"standard","meta":{"_acf_changed":false,"_monsterinsights_skip_tracking":false,"_monsterinsights_sitenote_active":false,"_monsterinsights_sitenote_note":"","_monsterinsights_sitenote_category":0,"_jetpack_memberships_contains_paid_content":false,"footnotes":"","jetpack_publicize_message":"","jetpack_publicize_feature_enabled":true,"jetpack_social_post_already_shared":true,"jetpack_social_options":{"image_generator_settings":{"template":"highway","default_image_id":0,"font":"","enabled":false},"version":2}},"categories":[1,11],"tags":[],"class_list":["post-38982","post","type-post","status-publish","format-standard","hentry","category-noticias","category-regional"],"acf":[],"jetpack_publicize_connections":[],"jetpack_featured_media_url":"","jetpack_sharing_enabled":true,"publishpress_future_workflow_manual_trigger":{"enabledWorkflows":[]},"_links":{"self":[{"href":"https:\/\/blogdoeloiltoncajuhy.com.br\/site\/wp-json\/wp\/v2\/posts\/38982","targetHints":{"allow":["GET"]}}],"collection":[{"href":"https:\/\/blogdoeloiltoncajuhy.com.br\/site\/wp-json\/wp\/v2\/posts"}],"about":[{"href":"https:\/\/blogdoeloiltoncajuhy.com.br\/site\/wp-json\/wp\/v2\/types\/post"}],"author":[{"embeddable":true,"href":"https:\/\/blogdoeloiltoncajuhy.com.br\/site\/wp-json\/wp\/v2\/users\/2"}],"replies":[{"embeddable":true,"href":"https:\/\/blogdoeloiltoncajuhy.com.br\/site\/wp-json\/wp\/v2\/comments?post=38982"}],"version-history":[{"count":1,"href":"https:\/\/blogdoeloiltoncajuhy.com.br\/site\/wp-json\/wp\/v2\/posts\/38982\/revisions"}],"predecessor-version":[{"id":38983,"href":"https:\/\/blogdoeloiltoncajuhy.com.br\/site\/wp-json\/wp\/v2\/posts\/38982\/revisions\/38983"}],"wp:attachment":[{"href":"https:\/\/blogdoeloiltoncajuhy.com.br\/site\/wp-json\/wp\/v2\/media?parent=38982"}],"wp:term":[{"taxonomy":"category","embeddable":true,"href":"https:\/\/blogdoeloiltoncajuhy.com.br\/site\/wp-json\/wp\/v2\/categories?post=38982"},{"taxonomy":"post_tag","embeddable":true,"href":"https:\/\/blogdoeloiltoncajuhy.com.br\/site\/wp-json\/wp\/v2\/tags?post=38982"}],"curies":[{"name":"wp","href":"https:\/\/api.w.org\/{rel}","templated":true}]}}