{"id":38976,"date":"2019-11-22T08:21:43","date_gmt":"2019-11-22T11:21:43","guid":{"rendered":"http:\/\/blogdoeloiltoncajuhy.com.br\/site\/?p=38976"},"modified":"2019-11-22T08:21:50","modified_gmt":"2019-11-22T11:21:50","slug":"veja-o-resumo-da-sessao-ordinaria-da-camara-municipal-de-senhor-do-bonfim-desta-quinta-feira-21-3","status":"publish","type":"post","link":"https:\/\/blogdoeloiltoncajuhy.com.br\/site\/veja-o-resumo-da-sessao-ordinaria-da-camara-municipal-de-senhor-do-bonfim-desta-quinta-feira-21-3\/","title":{"rendered":"Veja o resumo da sess\u00e3o ordin\u00e1ria da C\u00e2mara Municipal de Senhor do Bonfim desta quinta-feira, 21"},"content":{"rendered":"\n<p><strong>Assessoria de Comunica\u00e7\u00e3o<\/strong><br>C\u00e2mara Municipal de Senhor do Bonfim-BA<\/p>\n\n\n\n<div class=\"wp-block-image\"><figure class=\"aligncenter\"><img data-recalc-dims=\"1\" fetchpriority=\"high\" decoding=\"async\" width=\"768\" height=\"427\" src=\"https:\/\/i0.wp.com\/blogdoeloiltoncajuhy.com.br\/site\/wp-content\/uploads\/2019\/04\/camara-de-bonfim-2.jpg?resize=768%2C427\" alt=\"\" class=\"wp-image-33523\" srcset=\"https:\/\/i0.wp.com\/blogdoeloiltoncajuhy.com.br\/site\/wp-content\/uploads\/2019\/04\/camara-de-bonfim-2.jpg?w=768&amp;ssl=1 768w, https:\/\/i0.wp.com\/blogdoeloiltoncajuhy.com.br\/site\/wp-content\/uploads\/2019\/04\/camara-de-bonfim-2.jpg?resize=300%2C167&amp;ssl=1 300w, https:\/\/i0.wp.com\/blogdoeloiltoncajuhy.com.br\/site\/wp-content\/uploads\/2019\/04\/camara-de-bonfim-2.jpg?resize=250%2C139&amp;ssl=1 250w\" sizes=\"(max-width: 768px) 100vw, 768px\" \/><\/figure><\/div>\n\n\n\n<p>Nesta quinta-feira, 21 de novembro, foi realizada a 29\u00aa Sess\u00e3o Ordin\u00e1ria do 2\u00ba Per\u00edodo Ordin\u00e1rio, do ano de 2019, da C\u00e2mara Municipal de Senhor do Bonfim. Conduzida pelo Presidente da Casa, vereador Cleiton Vieira, a sess\u00e3o teve in\u00edcio \u00e0s 19h21, ap\u00f3s a chamada dos vereadores, onde havendo n\u00famero legal \u00e9 declarada aberta.<\/p>\n\n\n\n<p>O Sr. Presidente informa que foi solicitado o abono da falta dos vereadores JORGE SOUZA E SILVA FILHO, JO\u00c3O CARLOS DE CASTRO e L\u00daCIA CRISTINA SOUZA CERQUEIRA DA SILVA, cuja justificativas s\u00e3o por estar em viagem oficial a Salvador -BA; Por estar de atestado m\u00e9dico, e por estar na cidade de Juazeiro-BA acompanhando seu pai que est\u00e1 enfermo, respectivamente. Todavia, a Mesa Diretora ir\u00e1 avaliar.<\/p>\n\n\n\n<p>O Sr. Presidente solicita de todos os presentes que fiquem de p\u00e9 para que em um minuto de sil\u00eancio prestem homenagem aos Srs. Vicente Alexandre da Silva e Wilson Gomes de Ara\u00fajo, em mem\u00f3ria, o que \u00e9 feito. Atendendo o Regimento Interno desta Casa Legislativa em seu artigo 141, foi encaminhada a Ata da Sess\u00e3o Ordin\u00e1ria anterior aos e-mails de todos os vereadores. Coloca em discuss\u00e3o e, ningu\u00e9m querendo discutir, \u00e9 colocada em vota\u00e7\u00e3o, sendo aprovada. <\/p>\n\n\n\n<p class=\"has-medium-font-size\"><strong>Passa-se \u00e0 leitura do expediente, que consta das seguintes mat\u00e9rias:<\/strong><\/p>\n\n\n\n<p>PROJETO DE LEI DO LEGISLATIVO 039\/2019, de autoria da Comiss\u00e3o de Legisla\u00e7\u00e3o, Justi\u00e7a, Postura e Reda\u00e7\u00e3o Final, que \u201ccorrige erro material do Art. 1\u00ba da Lei Municipal N\u00ba 1.500, de 9 de setembro de 2019\u201d;<\/p>\n\n\n\n<p>PROJETO DE LEI DO LEGISLATIVO N\u00ba 040\/2019, de autoria do Vereador Andreilto de Almeida Barbosa, que \u201cDeclara a Utilidade P\u00fablica Municipal da Associa\u00e7\u00e3o Beneficente e Cultural Al\u00ea Ax\u00e9 Od\u00e9 Imara e d\u00e1 outras provid\u00eancias\u201d;<\/p>\n\n\n\n<p>PARECER da Comiss\u00e3o de Legisla\u00e7\u00e3o, Justi\u00e7a, Postura e Reda\u00e7\u00e3o Final, ao Projeto de Lei do Legislativo N\u00ba 036\/2019, que substitui o Projeto de Lei do Executivo No 016\/2019;<\/p>\n\n\n\n<p>PARECER da Comiss\u00e3o de Finan\u00e7as, Or\u00e7amento, Fiscaliza\u00e7\u00e3o Financeira e Or\u00e7ament\u00e1ria, ao Projeto de Lei do Legislativo N\u00ba 036\/2019, que substitui o Projeto de Lei do Executivo No 016\/2019;<\/p>\n\n\n\n<p>INDICA\u00c7\u00c3O N\u00ba 003\/2019, de autoria da Vereadora L\u00facia Cristina Souza Cerqueira da Silva, solicita que \u201cseja feita a extens\u00e3o de 300m na rede de esgoto no final da Rua Engenheiro Silva Lima, Bairro S\u00e3o Jorge\u201d;<\/p>\n\n\n\n<p>INDICA\u00c7\u00c3O N\u00ba 004\/2019, de autoria da Vereadora L\u00facia Cristina Souza Cerqueira da Silva, que \u201cindica a necessidade de proceder medidas para viabilizar a pavimenta\u00e7\u00e3o e a rede de esgoto da Rua S\u00e3o Crist\u00f3v\u00e3o, Bairro S\u00e3o Jorge\u201d;<\/p>\n\n\n\n<p>PEDIDO DE PROVID\u00caNCIA N\u00ba 060\/2019, de autoria do vereador Elizeu Concei\u00e7\u00e3o de Souza, que solicita que \u201cseja realizado o servi\u00e7o de cal\u00e7amento e manuten\u00e7\u00e3o das cal\u00e7adas na Rua Vilebaldo Viana, no Bairro Bosque\u201d;<\/p>\n\n\n\n<p>PEDIDO DE PROVID\u00caNCIA N\u00ba 077\/2019, de autoria do Vereador La\u00e9rcio Muniz de Azevedo J\u00fanior, solicita que \u201ca Secretaria Municipal de Infraestrutura promova a capina\u00e7\u00e3o e limpeza da pracinha do Mutir\u00e3o, no bairro Olaria, pr\u00f3ximo ao Orfanato S\u00e3o Jos\u00e9\u201d;<\/p>\n\n\n\n<p>PEDIDO DE PROVID\u00caNCIA N\u00ba 078\/2019, de autoria do Vereador La\u00e9rcio Muniz de Azevedo J\u00fanior, solicita que \u201ca Secretaria Municipal de Infraestrutura promova a melhoria da ilumina\u00e7\u00e3o p\u00fablica na Travessa Irec\u00ea, no bairro Centro, fazendo a reposi\u00e7\u00e3o de l\u00e2mpadas\u201d;<\/p>\n\n\n\n<p>OF\u00cdCIO N\u00ba 030\/2019, oriundo do Gabinete da Vereadora L\u00facia Cristina Souza Cerqueira da Silva, que justifica o n\u00e3o comparecimento \u00e0 sess\u00e3o ordin\u00e1ria do dia 21\/11\/2019.<\/p>\n\n\n\n<p>O Sr. Presidente passa para ordem dos vereadores inscritos e franqueia a palavra ao primeiro, Vereador ELIZEU CONCEI\u00c7\u00c3O DE SOUZA. Dando continuidade, franqueia a palavra ao segundo, Vereador EDSON RIBEIRO DA SILVA. Franqueia a palavra ao terceiro, Vereador JORGE SOUZA E SILVA FILHO, que n\u00e3o se faz presente. Franqueia a palavra ao quarto, Vereador REINALDO FERREIRA SANTANA. Franqueia a palavra ao quinto, Vereador CARLOS ALBERTO DIAS DOS SANTOS. Franqueia a palavra ao sexto, Vereador LA\u00c9RCIO MUNIZ DE AZEVEDO J\u00daNIOR. Franqueia a palavra ao s\u00e9timo, Vereador ALEXANDRE FERREIRA.<\/p>\n\n\n\n<p>Dando continuidade, o Presidente da Mesa, Vereador CLEITON VIEIRA PINTO, convida o Vice-Presidente, Vereador ANDREILTO DE ALMEIDA BARBOSA, para assumir a Presid\u00eancia, que em seguida franqueia a palavra ao Vereador CLEITON VIEIRA PINTO.<\/p>\n\n\n\n<p class=\"has-medium-font-size\"><strong>Passa-se para a ORDEM DO DIA<\/strong>:<\/p>\n\n\n\n<p>\u00c9 lido o PROJETO DE LEI N\u00ba 036\/2019, oriundo da Comiss\u00e3o de Legisla\u00e7\u00e3o, Justi\u00e7a, Postura e Reda\u00e7\u00e3o Final, substituindo o Projeto de Lei do Executivo N\u00ba 016\/2019, que \u201cDisp\u00f5e sobre a cria\u00e7\u00e3o do Fundo Municipal de Turismo \u2013 FUMTUR\u201d. \u00c9 colocado em discuss\u00e3o e usam da palavra os vereadores Herm\u00f3genes Gomes de Almeida, Andreilto de Almeida Barbosa, Gerivaldo Ribeiro Sampaio, Reinaldo Ferreira Santana e La\u00e9rcio Muniz de Azevedo J\u00fanior, que fazem um amplo pronunciamento sobre a mat\u00e9ria, ficam favor\u00e1veis a sua aprova\u00e7\u00e3o e, ningu\u00e9m mais querendo discutir, \u00e9 colocado em vota\u00e7\u00e3o, sendo aprovado por unanimidade.<\/p>\n\n\n\n<p>PROJETO DE LEI DO LEGISLATIVO 039\/2019, de autoria da Comiss\u00e3o de Legisla\u00e7\u00e3o, Justi\u00e7a, Postura e Reda\u00e7\u00e3o Final, que \u201ccorrige erro material do Art. 1\u00ba da Lei Municipal N\u00ba 1.500, de 9 de setembro de 2019\u201d, \u00e9 colocado em discuss\u00e3o e usa da palavra o Vereador Herm\u00f3genes Gomes de Almeida, que faz um amplo pronunciamento sobre a mat\u00e9ria, ficando favor\u00e1vel a sua aprova\u00e7\u00e3o e, ningu\u00e9m mais querendo discutir, \u00e9 colocado em vota\u00e7\u00e3o, sendo aprovado por unanimidade.<\/p>\n\n\n\n<p>N\u00e3o havendo mais nenhuma mat\u00e9ria para ser lida e discutida o Sr. Presidente passa a franquear a palavra aos vereadores por inscri\u00e7\u00e3o de Bancadas, sendo franqueada a primeira bancada PT\/PROS, composta pelos vereadores Herm\u00f3genes Gomes de Almeida, Elizeu Concei\u00e7\u00e3o de Souza, Edson Ribeiro da Silva e Reinaldo Jos\u00e9 da Silva, e usa da palavra o Vereador HERM\u00d3GENES GOMES DE ALMEIDA.<\/p>\n\n\n\n<p>\u00c9 franqueada a segunda bancada PCdoB\/PSB\/PRB, composta pelos vereadores Andreilto de Almeida Barbosa, Alexandre Ferreira, Carlos Alberto Dias dos Santos e a Vereadora L\u00facia Cristina Souza Cerqueira da Silva e usa da palavra o Vereador ANDREILTO DE ALMEIDA BARBOSA. Usa da palavra o Vereador ALEXANDRE FERREIRA. Usa da palavra o Vereador CARLOS ALBERTO DIAS DOS SANTOS.<\/p>\n\n\n\n<p>\u00c9 franqueada a terceira bancada DEM\/PMN\/PPS composta pelos vereadores Gerivaldo Ribeiro Sampaio, Ot\u00e1vio Xisto de Souza J\u00fanior e La\u00e9rcio Muniz de Azevedo J\u00fanior e usa da palavra o Vereador GERIVALDO RIBEIRO SAMPAIO. <\/p>\n\n\n\n<p>\u00c9 franqueada a quarta bancada PRTB\/PSD, composta pelos vereadores Jo\u00e3o Carlos de Castro, Jorge Souza e Silva Filho e Reinaldo Ferreira Santana e usa da palavra o Vereador REINALDO FERREIRA SANTANA. N\u00e3o havendo mais nenhuma bancada para usar, o Sr. Presidente, \u00e0s vinte e uma horas e trinta e cinco minutos, d\u00e1 por encerrada a Sess\u00e3o.<\/p>\n\n\n\n<p><strong>Veja a sess\u00e3o completa:<\/strong><\/p>\n\n\n\n<figure class=\"wp-block-embed-youtube aligncenter wp-block-embed is-type-video is-provider-youtube wp-embed-aspect-16-9 wp-has-aspect-ratio\"><div class=\"wp-block-embed__wrapper\">\n<iframe title=\"29\u00aa Sess\u00e3o Ordin\u00e1ria do 2\u00ba PO [21\/11\/2019]\" width=\"800\" height=\"450\" src=\"https:\/\/www.youtube.com\/embed\/WM4OCAxqdso?feature=oembed\" frameborder=\"0\" allow=\"accelerometer; autoplay; encrypted-media; gyroscope; picture-in-picture\" allowfullscreen><\/iframe>\n<\/div><\/figure>\n","protected":false},"excerpt":{"rendered":"<p>Assessoria de Comunica\u00e7\u00e3oC\u00e2mara Municipal de Senhor do Bonfim-BA Nesta quinta-feira, 21 de novembro, foi realizada a 29\u00aa Sess\u00e3o Ordin\u00e1ria do 2\u00ba Per\u00edodo Ordin\u00e1rio, do ano de 2019, da C\u00e2mara Municipal de Senhor do Bonfim. Conduzida pelo Presidente da Casa, vereador Cleiton Vieira, a sess\u00e3o teve in\u00edcio \u00e0s 19h21, ap\u00f3s a chamada dos vereadores, onde havendo [&hellip;]<\/p>\n","protected":false},"author":2,"featured_media":0,"comment_status":"open","ping_status":"open","sticky":false,"template":"","format":"standard","meta":{"_acf_changed":false,"_monsterinsights_skip_tracking":false,"_monsterinsights_sitenote_active":false,"_monsterinsights_sitenote_note":"","_monsterinsights_sitenote_category":0,"_jetpack_memberships_contains_paid_content":false,"footnotes":"","jetpack_publicize_message":"","jetpack_publicize_feature_enabled":true,"jetpack_social_post_already_shared":true,"jetpack_social_options":{"image_generator_settings":{"template":"highway","default_image_id":0,"font":"","enabled":false},"version":2}},"categories":[1,3,4],"tags":[],"class_list":["post-38976","post","type-post","status-publish","format-standard","hentry","category-noticias","category-politica","category-local"],"acf":[],"jetpack_publicize_connections":[],"jetpack_featured_media_url":"","jetpack_sharing_enabled":true,"publishpress_future_workflow_manual_trigger":{"enabledWorkflows":[]},"_links":{"self":[{"href":"https:\/\/blogdoeloiltoncajuhy.com.br\/site\/wp-json\/wp\/v2\/posts\/38976","targetHints":{"allow":["GET"]}}],"collection":[{"href":"https:\/\/blogdoeloiltoncajuhy.com.br\/site\/wp-json\/wp\/v2\/posts"}],"about":[{"href":"https:\/\/blogdoeloiltoncajuhy.com.br\/site\/wp-json\/wp\/v2\/types\/post"}],"author":[{"embeddable":true,"href":"https:\/\/blogdoeloiltoncajuhy.com.br\/site\/wp-json\/wp\/v2\/users\/2"}],"replies":[{"embeddable":true,"href":"https:\/\/blogdoeloiltoncajuhy.com.br\/site\/wp-json\/wp\/v2\/comments?post=38976"}],"version-history":[{"count":1,"href":"https:\/\/blogdoeloiltoncajuhy.com.br\/site\/wp-json\/wp\/v2\/posts\/38976\/revisions"}],"predecessor-version":[{"id":38977,"href":"https:\/\/blogdoeloiltoncajuhy.com.br\/site\/wp-json\/wp\/v2\/posts\/38976\/revisions\/38977"}],"wp:attachment":[{"href":"https:\/\/blogdoeloiltoncajuhy.com.br\/site\/wp-json\/wp\/v2\/media?parent=38976"}],"wp:term":[{"taxonomy":"category","embeddable":true,"href":"https:\/\/blogdoeloiltoncajuhy.com.br\/site\/wp-json\/wp\/v2\/categories?post=38976"},{"taxonomy":"post_tag","embeddable":true,"href":"https:\/\/blogdoeloiltoncajuhy.com.br\/site\/wp-json\/wp\/v2\/tags?post=38976"}],"curies":[{"name":"wp","href":"https:\/\/api.w.org\/{rel}","templated":true}]}}