{"id":38968,"date":"2019-11-21T15:34:52","date_gmt":"2019-11-21T18:34:52","guid":{"rendered":"http:\/\/blogdoeloiltoncajuhy.com.br\/site\/?p=38968"},"modified":"2019-11-21T15:34:59","modified_gmt":"2019-11-21T18:34:59","slug":"prefeitura-de-jaguarari-promove-nesta-quinta-feira-o-1o-batalha-de-poesias","status":"publish","type":"post","link":"https:\/\/blogdoeloiltoncajuhy.com.br\/site\/prefeitura-de-jaguarari-promove-nesta-quinta-feira-o-1o-batalha-de-poesias\/","title":{"rendered":"Prefeitura de Jaguarari promove nesta quinta-feira o 1\u00ba Batalha de Poesias"},"content":{"rendered":"\n<p><strong>ASCOM &#8211; Prefeitura de Jaguarari-BA<\/strong><\/p>\n\n\n\n<div class=\"wp-block-image\"><figure class=\"aligncenter is-resized\"><img fetchpriority=\"high\" decoding=\"async\" src=\"https:\/\/i0.wp.com\/blogdoeloiltoncajuhy.com.br\/site\/wp-content\/uploads\/2019\/11\/PMJ_BatalhaPoesias-02.jpg?fit=590%2C679\" alt=\"\" class=\"wp-image-38969\" width=\"295\" height=\"340\" srcset=\"https:\/\/i0.wp.com\/blogdoeloiltoncajuhy.com.br\/site\/wp-content\/uploads\/2019\/11\/PMJ_BatalhaPoesias-02.jpg?w=1112&amp;ssl=1 1112w, https:\/\/i0.wp.com\/blogdoeloiltoncajuhy.com.br\/site\/wp-content\/uploads\/2019\/11\/PMJ_BatalhaPoesias-02.jpg?resize=261%2C300&amp;ssl=1 261w, https:\/\/i0.wp.com\/blogdoeloiltoncajuhy.com.br\/site\/wp-content\/uploads\/2019\/11\/PMJ_BatalhaPoesias-02.jpg?resize=768%2C884&amp;ssl=1 768w, https:\/\/i0.wp.com\/blogdoeloiltoncajuhy.com.br\/site\/wp-content\/uploads\/2019\/11\/PMJ_BatalhaPoesias-02.jpg?resize=890%2C1024&amp;ssl=1 890w, https:\/\/i0.wp.com\/blogdoeloiltoncajuhy.com.br\/site\/wp-content\/uploads\/2019\/11\/PMJ_BatalhaPoesias-02.jpg?resize=217%2C250&amp;ssl=1 217w\" sizes=\"(max-width: 295px) 100vw, 295px\" \/><\/figure><\/div>\n\n\n\n<p>A prefeitura de Jaguarari, atrav\u00e9s da Secretaria de Educa\u00e7\u00e3o, convida toda popula\u00e7\u00e3o para prestigiar nesta quinta-feira (21), na Pra\u00e7a Alfredo Viana, o 1\u00ba Batalha de Poesias.<\/p>\n\n\n\n<p>Nesta competi\u00e7\u00e3o cultural, que acontece a partir das 19h, os alunos das redes p\u00fablica e particular mostrar\u00e3o todo seu talento nas categorias Poema, Cordel e Rap.<\/p>\n\n\n\n<p>\u00c9 a prefeitura de Jaguarari incentivando a cultura da nossa terra. Voc\u00ea \u00e9 o nosso convidado!<\/p>\n","protected":false},"excerpt":{"rendered":"<p>ASCOM &#8211; Prefeitura de Jaguarari-BA A prefeitura de Jaguarari, atrav\u00e9s da Secretaria de Educa\u00e7\u00e3o, convida toda popula\u00e7\u00e3o para prestigiar nesta quinta-feira (21), na Pra\u00e7a Alfredo Viana, o 1\u00ba Batalha de Poesias. Nesta competi\u00e7\u00e3o cultural, que acontece a partir das 19h, os alunos das redes p\u00fablica e particular mostrar\u00e3o todo seu talento nas categorias Poema, Cordel [&hellip;]<\/p>\n","protected":false},"author":2,"featured_media":38969,"comment_status":"open","ping_status":"open","sticky":false,"template":"","format":"standard","meta":{"_acf_changed":false,"_monsterinsights_skip_tracking":false,"_monsterinsights_sitenote_active":false,"_monsterinsights_sitenote_note":"","_monsterinsights_sitenote_category":0,"_jetpack_memberships_contains_paid_content":false,"footnotes":"","jetpack_publicize_message":"","jetpack_publicize_feature_enabled":true,"jetpack_social_post_already_shared":true,"jetpack_social_options":{"image_generator_settings":{"template":"highway","default_image_id":0,"font":"","enabled":false},"version":2}},"categories":[8,1,11],"tags":[],"class_list":["post-38968","post","type-post","status-publish","format-standard","has-post-thumbnail","hentry","category-cultura","category-noticias","category-regional"],"acf":[],"jetpack_publicize_connections":[],"jetpack_featured_media_url":"https:\/\/i0.wp.com\/blogdoeloiltoncajuhy.com.br\/site\/wp-content\/uploads\/2019\/11\/PMJ_BatalhaPoesias-02.jpg?fit=1112%2C1280&ssl=1","jetpack_sharing_enabled":true,"publishpress_future_workflow_manual_trigger":{"enabledWorkflows":[]},"_links":{"self":[{"href":"https:\/\/blogdoeloiltoncajuhy.com.br\/site\/wp-json\/wp\/v2\/posts\/38968","targetHints":{"allow":["GET"]}}],"collection":[{"href":"https:\/\/blogdoeloiltoncajuhy.com.br\/site\/wp-json\/wp\/v2\/posts"}],"about":[{"href":"https:\/\/blogdoeloiltoncajuhy.com.br\/site\/wp-json\/wp\/v2\/types\/post"}],"author":[{"embeddable":true,"href":"https:\/\/blogdoeloiltoncajuhy.com.br\/site\/wp-json\/wp\/v2\/users\/2"}],"replies":[{"embeddable":true,"href":"https:\/\/blogdoeloiltoncajuhy.com.br\/site\/wp-json\/wp\/v2\/comments?post=38968"}],"version-history":[{"count":1,"href":"https:\/\/blogdoeloiltoncajuhy.com.br\/site\/wp-json\/wp\/v2\/posts\/38968\/revisions"}],"predecessor-version":[{"id":38970,"href":"https:\/\/blogdoeloiltoncajuhy.com.br\/site\/wp-json\/wp\/v2\/posts\/38968\/revisions\/38970"}],"wp:featuredmedia":[{"embeddable":true,"href":"https:\/\/blogdoeloiltoncajuhy.com.br\/site\/wp-json\/wp\/v2\/media\/38969"}],"wp:attachment":[{"href":"https:\/\/blogdoeloiltoncajuhy.com.br\/site\/wp-json\/wp\/v2\/media?parent=38968"}],"wp:term":[{"taxonomy":"category","embeddable":true,"href":"https:\/\/blogdoeloiltoncajuhy.com.br\/site\/wp-json\/wp\/v2\/categories?post=38968"},{"taxonomy":"post_tag","embeddable":true,"href":"https:\/\/blogdoeloiltoncajuhy.com.br\/site\/wp-json\/wp\/v2\/tags?post=38968"}],"curies":[{"name":"wp","href":"https:\/\/api.w.org\/{rel}","templated":true}]}}