{"id":38962,"date":"2019-11-21T11:16:58","date_gmt":"2019-11-21T14:16:58","guid":{"rendered":"http:\/\/blogdoeloiltoncajuhy.com.br\/site\/?p=38962"},"modified":"2019-11-21T11:17:05","modified_gmt":"2019-11-21T14:17:05","slug":"prefeitura-de-jaguarari-esta-realizando-segunda-etapa-da-vacinacao-contra-o-sarampo","status":"publish","type":"post","link":"https:\/\/blogdoeloiltoncajuhy.com.br\/site\/prefeitura-de-jaguarari-esta-realizando-segunda-etapa-da-vacinacao-contra-o-sarampo\/","title":{"rendered":"Prefeitura de Jaguarari est\u00e1 realizando segunda etapa da vacina\u00e7\u00e3o contra o sarampo"},"content":{"rendered":"\n<p><strong>ASCOM &#8211; Prefeitura de Jaguarari-BA<\/strong><\/p>\n\n\n\n<div class=\"wp-block-image\"><figure class=\"aligncenter is-resized\"><img fetchpriority=\"high\" decoding=\"async\" src=\"https:\/\/i0.wp.com\/blogdoeloiltoncajuhy.com.br\/site\/wp-content\/uploads\/2019\/11\/PMJ_VacinacaoSarampo.jpg?fit=590%2C709\" alt=\"\" class=\"wp-image-38963\" width=\"329\" height=\"396\" srcset=\"https:\/\/i0.wp.com\/blogdoeloiltoncajuhy.com.br\/site\/wp-content\/uploads\/2019\/11\/PMJ_VacinacaoSarampo.jpg?w=1065&amp;ssl=1 1065w, https:\/\/i0.wp.com\/blogdoeloiltoncajuhy.com.br\/site\/wp-content\/uploads\/2019\/11\/PMJ_VacinacaoSarampo.jpg?resize=250%2C300&amp;ssl=1 250w, https:\/\/i0.wp.com\/blogdoeloiltoncajuhy.com.br\/site\/wp-content\/uploads\/2019\/11\/PMJ_VacinacaoSarampo.jpg?resize=768%2C923&amp;ssl=1 768w, https:\/\/i0.wp.com\/blogdoeloiltoncajuhy.com.br\/site\/wp-content\/uploads\/2019\/11\/PMJ_VacinacaoSarampo.jpg?resize=852%2C1024&amp;ssl=1 852w, https:\/\/i0.wp.com\/blogdoeloiltoncajuhy.com.br\/site\/wp-content\/uploads\/2019\/11\/PMJ_VacinacaoSarampo.jpg?resize=208%2C250&amp;ssl=1 208w\" sizes=\"(max-width: 329px) 100vw, 329px\" \/><\/figure><\/div>\n\n\n\n<p>A prefeitura de Jaguarari, por meio da Secretaria de Sa\u00fade, est\u00e1 realizando a segunda fase da Campanha Nacional de Vacina\u00e7\u00e3o contra o Sarampo.<\/p>\n\n\n\n<p>No per\u00edodo de 18 a 30 de novembro estar\u00e1 vacinando adultos e jovens que ainda n\u00e3o tomaram a vacina, com idades entre 20 a 29 anos. Tendo como o dia D o dia 30 de novembro.<\/p>\n\n\n\n<p>As vacinas estar\u00e3o dispon\u00edveis em todas as unidades de sa\u00fade do munic\u00edpio de segunda a sexta-feira das 8h \u00e0s 12h e das 14h \u00e0s 17h. Para receber a vacina \u00e9 preciso apresentar o cart\u00e3o SUS e a carteirinha de vacina\u00e7\u00e3o.<\/p>\n","protected":false},"excerpt":{"rendered":"<p>ASCOM &#8211; Prefeitura de Jaguarari-BA A prefeitura de Jaguarari, por meio da Secretaria de Sa\u00fade, est\u00e1 realizando a segunda fase da Campanha Nacional de Vacina\u00e7\u00e3o contra o Sarampo. No per\u00edodo de 18 a 30 de novembro estar\u00e1 vacinando adultos e jovens que ainda n\u00e3o tomaram a vacina, com idades entre 20 a 29 anos. Tendo [&hellip;]<\/p>\n","protected":false},"author":2,"featured_media":38963,"comment_status":"open","ping_status":"open","sticky":false,"template":"","format":"standard","meta":{"_acf_changed":false,"_monsterinsights_skip_tracking":false,"_monsterinsights_sitenote_active":false,"_monsterinsights_sitenote_note":"","_monsterinsights_sitenote_category":0,"_jetpack_memberships_contains_paid_content":false,"footnotes":"","jetpack_publicize_message":"","jetpack_publicize_feature_enabled":true,"jetpack_social_post_already_shared":true,"jetpack_social_options":{"image_generator_settings":{"template":"highway","default_image_id":0,"font":"","enabled":false},"version":2}},"categories":[1,11,7],"tags":[],"class_list":["post-38962","post","type-post","status-publish","format-standard","has-post-thumbnail","hentry","category-noticias","category-regional","category-saude"],"acf":[],"jetpack_publicize_connections":[],"jetpack_featured_media_url":"https:\/\/i0.wp.com\/blogdoeloiltoncajuhy.com.br\/site\/wp-content\/uploads\/2019\/11\/PMJ_VacinacaoSarampo.jpg?fit=1065%2C1280&ssl=1","jetpack_sharing_enabled":true,"publishpress_future_workflow_manual_trigger":{"enabledWorkflows":[]},"_links":{"self":[{"href":"https:\/\/blogdoeloiltoncajuhy.com.br\/site\/wp-json\/wp\/v2\/posts\/38962","targetHints":{"allow":["GET"]}}],"collection":[{"href":"https:\/\/blogdoeloiltoncajuhy.com.br\/site\/wp-json\/wp\/v2\/posts"}],"about":[{"href":"https:\/\/blogdoeloiltoncajuhy.com.br\/site\/wp-json\/wp\/v2\/types\/post"}],"author":[{"embeddable":true,"href":"https:\/\/blogdoeloiltoncajuhy.com.br\/site\/wp-json\/wp\/v2\/users\/2"}],"replies":[{"embeddable":true,"href":"https:\/\/blogdoeloiltoncajuhy.com.br\/site\/wp-json\/wp\/v2\/comments?post=38962"}],"version-history":[{"count":1,"href":"https:\/\/blogdoeloiltoncajuhy.com.br\/site\/wp-json\/wp\/v2\/posts\/38962\/revisions"}],"predecessor-version":[{"id":38964,"href":"https:\/\/blogdoeloiltoncajuhy.com.br\/site\/wp-json\/wp\/v2\/posts\/38962\/revisions\/38964"}],"wp:featuredmedia":[{"embeddable":true,"href":"https:\/\/blogdoeloiltoncajuhy.com.br\/site\/wp-json\/wp\/v2\/media\/38963"}],"wp:attachment":[{"href":"https:\/\/blogdoeloiltoncajuhy.com.br\/site\/wp-json\/wp\/v2\/media?parent=38962"}],"wp:term":[{"taxonomy":"category","embeddable":true,"href":"https:\/\/blogdoeloiltoncajuhy.com.br\/site\/wp-json\/wp\/v2\/categories?post=38962"},{"taxonomy":"post_tag","embeddable":true,"href":"https:\/\/blogdoeloiltoncajuhy.com.br\/site\/wp-json\/wp\/v2\/tags?post=38962"}],"curies":[{"name":"wp","href":"https:\/\/api.w.org\/{rel}","templated":true}]}}