{"id":38957,"date":"2019-11-21T11:04:57","date_gmt":"2019-11-21T14:04:57","guid":{"rendered":"http:\/\/blogdoeloiltoncajuhy.com.br\/site\/?p=38957"},"modified":"2019-11-21T11:05:03","modified_gmt":"2019-11-21T14:05:03","slug":"vacinacao-contra-a-febre-aftosa-em-jaguarari-acontece-ate-o-dia-30-de-novembro","status":"publish","type":"post","link":"https:\/\/blogdoeloiltoncajuhy.com.br\/site\/vacinacao-contra-a-febre-aftosa-em-jaguarari-acontece-ate-o-dia-30-de-novembro\/","title":{"rendered":"Vacina\u00e7\u00e3o contra a Febre Aftosa em Jaguarari acontece at\u00e9 o dia 30 de novembro"},"content":{"rendered":"\n<p><strong>ASCOM &#8211; Prefeitura de Jaguarari-BA<\/strong><\/p>\n\n\n\n<div class=\"wp-block-image\"><figure class=\"aligncenter is-resized\"><img fetchpriority=\"high\" decoding=\"async\" src=\"https:\/\/i0.wp.com\/blogdoeloiltoncajuhy.com.br\/site\/wp-content\/uploads\/2019\/11\/PMJ_VacinacaoAftosa.jpg?fit=590%2C679\" alt=\"\" class=\"wp-image-38958\" width=\"341\" height=\"393\" srcset=\"https:\/\/i0.wp.com\/blogdoeloiltoncajuhy.com.br\/site\/wp-content\/uploads\/2019\/11\/PMJ_VacinacaoAftosa.jpg?w=1112&amp;ssl=1 1112w, https:\/\/i0.wp.com\/blogdoeloiltoncajuhy.com.br\/site\/wp-content\/uploads\/2019\/11\/PMJ_VacinacaoAftosa.jpg?resize=261%2C300&amp;ssl=1 261w, https:\/\/i0.wp.com\/blogdoeloiltoncajuhy.com.br\/site\/wp-content\/uploads\/2019\/11\/PMJ_VacinacaoAftosa.jpg?resize=768%2C884&amp;ssl=1 768w, https:\/\/i0.wp.com\/blogdoeloiltoncajuhy.com.br\/site\/wp-content\/uploads\/2019\/11\/PMJ_VacinacaoAftosa.jpg?resize=890%2C1024&amp;ssl=1 890w, https:\/\/i0.wp.com\/blogdoeloiltoncajuhy.com.br\/site\/wp-content\/uploads\/2019\/11\/PMJ_VacinacaoAftosa.jpg?resize=217%2C250&amp;ssl=1 217w\" sizes=\"(max-width: 341px) 100vw, 341px\" \/><\/figure><\/div>\n\n\n\n<p>A ADAB, em parceria com a Prefeitura de Jaguarari, informa aos criadores do munic\u00edpio que a vacina\u00e7\u00e3o contra a Febre Aftosa termina no dia 30 de novembro, devendo ser vacinados bovinos de at\u00e9 24 meses. Ap\u00f3s vacinar seu rebanho, o criador dever\u00e1 fazer a declara\u00e7\u00e3o no escrit\u00f3rio da ADAB em nosso munic\u00edpio ou atrav\u00e9s do site <a href=\"http:\/\/www.adab.ba.gov.br\/\"><strong><em>www.adab.ba.gov.br<\/em><\/strong><\/a><\/p>\n","protected":false},"excerpt":{"rendered":"<p>ASCOM &#8211; Prefeitura de Jaguarari-BA A ADAB, em parceria com a Prefeitura de Jaguarari, informa aos criadores do munic\u00edpio que a vacina\u00e7\u00e3o contra a Febre Aftosa termina no dia 30 de novembro, devendo ser vacinados bovinos de at\u00e9 24 meses. Ap\u00f3s vacinar seu rebanho, o criador dever\u00e1 fazer a declara\u00e7\u00e3o no escrit\u00f3rio da ADAB em [&hellip;]<\/p>\n","protected":false},"author":2,"featured_media":38958,"comment_status":"open","ping_status":"open","sticky":false,"template":"","format":"standard","meta":{"_acf_changed":false,"_monsterinsights_skip_tracking":false,"_monsterinsights_sitenote_active":false,"_monsterinsights_sitenote_note":"","_monsterinsights_sitenote_category":0,"_jetpack_memberships_contains_paid_content":false,"footnotes":"","jetpack_publicize_message":"","jetpack_publicize_feature_enabled":true,"jetpack_social_post_already_shared":true,"jetpack_social_options":{"image_generator_settings":{"template":"highway","default_image_id":0,"font":"","enabled":false},"version":2}},"categories":[1,11],"tags":[],"class_list":["post-38957","post","type-post","status-publish","format-standard","has-post-thumbnail","hentry","category-noticias","category-regional"],"acf":[],"jetpack_publicize_connections":[],"jetpack_featured_media_url":"https:\/\/i0.wp.com\/blogdoeloiltoncajuhy.com.br\/site\/wp-content\/uploads\/2019\/11\/PMJ_VacinacaoAftosa.jpg?fit=1112%2C1280&ssl=1","jetpack_sharing_enabled":true,"publishpress_future_workflow_manual_trigger":{"enabledWorkflows":[]},"_links":{"self":[{"href":"https:\/\/blogdoeloiltoncajuhy.com.br\/site\/wp-json\/wp\/v2\/posts\/38957","targetHints":{"allow":["GET"]}}],"collection":[{"href":"https:\/\/blogdoeloiltoncajuhy.com.br\/site\/wp-json\/wp\/v2\/posts"}],"about":[{"href":"https:\/\/blogdoeloiltoncajuhy.com.br\/site\/wp-json\/wp\/v2\/types\/post"}],"author":[{"embeddable":true,"href":"https:\/\/blogdoeloiltoncajuhy.com.br\/site\/wp-json\/wp\/v2\/users\/2"}],"replies":[{"embeddable":true,"href":"https:\/\/blogdoeloiltoncajuhy.com.br\/site\/wp-json\/wp\/v2\/comments?post=38957"}],"version-history":[{"count":1,"href":"https:\/\/blogdoeloiltoncajuhy.com.br\/site\/wp-json\/wp\/v2\/posts\/38957\/revisions"}],"predecessor-version":[{"id":38959,"href":"https:\/\/blogdoeloiltoncajuhy.com.br\/site\/wp-json\/wp\/v2\/posts\/38957\/revisions\/38959"}],"wp:featuredmedia":[{"embeddable":true,"href":"https:\/\/blogdoeloiltoncajuhy.com.br\/site\/wp-json\/wp\/v2\/media\/38958"}],"wp:attachment":[{"href":"https:\/\/blogdoeloiltoncajuhy.com.br\/site\/wp-json\/wp\/v2\/media?parent=38957"}],"wp:term":[{"taxonomy":"category","embeddable":true,"href":"https:\/\/blogdoeloiltoncajuhy.com.br\/site\/wp-json\/wp\/v2\/categories?post=38957"},{"taxonomy":"post_tag","embeddable":true,"href":"https:\/\/blogdoeloiltoncajuhy.com.br\/site\/wp-json\/wp\/v2\/tags?post=38957"}],"curies":[{"name":"wp","href":"https:\/\/api.w.org\/{rel}","templated":true}]}}