{"id":38953,"date":"2019-11-21T09:49:43","date_gmt":"2019-11-21T12:49:43","guid":{"rendered":"http:\/\/blogdoeloiltoncajuhy.com.br\/site\/?p=38953"},"modified":"2019-11-21T14:30:41","modified_gmt":"2019-11-21T17:30:41","slug":"vereador-e-esposa-sao-presos-em-operacao-de-combate-a-corrupcao-na-ciretran-de-senhor-do-bonfim-diz-policia","status":"publish","type":"post","link":"https:\/\/blogdoeloiltoncajuhy.com.br\/site\/vereador-e-esposa-sao-presos-em-operacao-de-combate-a-corrupcao-na-ciretran-de-senhor-do-bonfim-diz-policia\/","title":{"rendered":"Vereador, esposa e outras dez pessoas s\u00e3o presos em opera\u00e7\u00e3o de combate a corrup\u00e7\u00e3o na Ciretran de Senhor do Bonfim, diz pol\u00edcia"},"content":{"rendered":"\n<h5 class=\"wp-block-heading\" style=\"text-align:center\"> <em>Opera\u00e7\u00e3o &#8216;Capitiosus&#8217; \u00e9 realizada pela Pol\u00edcia Civil nesta quinta-feira (21). Dois mandados de medidas cautelares contra policiais, al\u00e9m de 20 mandados de busca e apreens\u00e3o, tamb\u00e9m foram cumpridos no norte do estado<\/em><\/h5>\n\n\n\n<p><strong>Por G1 BA<\/strong> &#8211; <em>Atualizado em 21.11.19 \u00e0s 14h29<\/em><\/p>\n\n\n\n<div class=\"wp-block-image\"><figure class=\"aligncenter is-resized\"><img data-recalc-dims=\"1\" fetchpriority=\"high\" decoding=\"async\" src=\"https:\/\/i0.wp.com\/blogdoeloiltoncajuhy.com.br\/site\/wp-content\/uploads\/2015\/12\/pol%C3%ADcia.jpg?resize=411%2C288\" alt=\"\" class=\"wp-image-6606\" width=\"411\" height=\"288\" srcset=\"https:\/\/i0.wp.com\/blogdoeloiltoncajuhy.com.br\/site\/wp-content\/uploads\/2015\/12\/pol%C3%ADcia.jpg?w=385&amp;ssl=1 385w, https:\/\/i0.wp.com\/blogdoeloiltoncajuhy.com.br\/site\/wp-content\/uploads\/2015\/12\/pol%C3%ADcia.jpg?resize=300%2C210&amp;ssl=1 300w, https:\/\/i0.wp.com\/blogdoeloiltoncajuhy.com.br\/site\/wp-content\/uploads\/2015\/12\/pol%C3%ADcia.jpg?resize=250%2C175&amp;ssl=1 250w\" sizes=\"(max-width: 411px) 100vw, 411px\" \/><\/figure><\/div>\n\n\n\n<p>Doze pessoas, incluindo um vereador e a esposa dele, foram presas nesta quinta-feira (21) suspeitas de liderar um esquema de venda de carteiras de habilita\u00e7\u00e3o no norte da Bahia. Em nota, o Detran informou que \u00e9 favor\u00e1vel a todas as investiga\u00e7\u00f5es de combate \u00e0 corrup\u00e7\u00e3o. <strong><em>[Veja nota do \u00f3rg\u00e3o na \u00edntegra no final da mat\u00e9ria]<\/em><\/strong><\/p>\n\n\n\n<p>As pris\u00f5es decorreram da opera\u00e7\u00e3o &#8220;Capitiosus&#8221;, deflagrada pela Pol\u00edcia Civil, que tamb\u00e9m cumpriu dois mandados de medidas cautelares contra um delegado e um investigador da corpora\u00e7\u00e3o e 20 mandados de busca e apreens\u00e3o na regi\u00e3o.<\/p>\n\n\n\n<p>Dos suspeitos presos, onze tinham mandados de pris\u00e3o preventiva em aberto e um deles foi flagranteado por armazenamento ilegal de combust\u00edvel e posse de drogas.<\/p>\n\n\n\n<p class=\"has-medium-font-size\"><strong>A a\u00e7\u00e3o ocorreu nas seguintes cidades:<\/strong><\/p>\n\n\n\n<ul class=\"wp-block-list\"><li>Senhor do Bonfim<\/li><\/ul>\n\n\n\n<ul class=\"wp-block-list\"><li>Ponto Novo<\/li><\/ul>\n\n\n\n<ul class=\"wp-block-list\"><li>Jaguarari<\/li><\/ul>\n\n\n\n<ul class=\"wp-block-list\"><li>Campo Formoso<\/li><\/ul>\n\n\n\n<p class=\"has-medium-font-size\"><strong>Os presos s\u00e3o:<\/strong><\/p>\n\n\n\n<ul class=\"wp-block-list\"><li>Arlivan Carvalho Gon\u00e7alves &#8211; vereador em Campo Formoso<\/li><\/ul>\n\n\n\n<ul class=\"wp-block-list\"><li>Rute Maia Batista &#8211; esposa de Arlivan<\/li><\/ul>\n\n\n\n<ul class=\"wp-block-list\"><li>Manoel Regivaldo Vitor Damasceno<\/li><\/ul>\n\n\n\n<ul class=\"wp-block-list\"><li>Maria Ang\u00e9lica Rodrigues<\/li><\/ul>\n\n\n\n<ul class=\"wp-block-list\"><li>Emerson Pinheiro Sena Gomes<\/li><\/ul>\n\n\n\n<ul class=\"wp-block-list\"><li>Jo\u00e3o Bosco Soares Guimar\u00e3es &#8211; mandado de pris\u00e3o e foi flagranteado<\/li><\/ul>\n\n\n\n<ul class=\"wp-block-list\"><li>Carlos Alberto Menezes Andrade<\/li><\/ul>\n\n\n\n<ul class=\"wp-block-list\"><li>Reinivan Silva Alves<\/li><\/ul>\n\n\n\n<ul class=\"wp-block-list\"><li>Ant\u00f4nia Maria de Carvalho Concei\u00e7\u00e3o<\/li><\/ul>\n\n\n\n<ul class=\"wp-block-list\"><li>Marley Pollyanna Carvalho Feliz<\/li><\/ul>\n\n\n\n<ul class=\"wp-block-list\"><li>Jos\u00e9 Sergio Aleixo da Silva<\/li><\/ul>\n\n\n\n<ul class=\"wp-block-list\"><li>Atailton Alves da Silva &#8211; flagranteado<\/li><\/ul>\n\n\n\n<p>De acordo com o delegado Felipe Neri, respons\u00e1vel pelo caso, os suspeitos eram servidores e o vereador Arlivan Carvalho Gon\u00e7alves j\u00e1 foi diretor do Circunscri\u00e7\u00e3o Regional de Tr\u00e2nsito (Ciretran) de Senhor do Bonfim. O vereador tamb\u00e9m \u00e9 dono de uma autoescola.<\/p>\n\n\n\n<p><em>&#8220;Ele [o vereador] vendia habilita\u00e7\u00e3o sem fazer exame, sem fazer nada. Ele e a esposa s\u00e3o os l\u00edderes desse esquema. Os policiais ainda est\u00e3o nas ruas cumprindo mandados&#8221;<\/em>, disse o delegado.<\/p>\n\n\n\n<p>Ainda segundo a Pol\u00edcia Civil, com o cumprimento dos mandados, o delegado e o investigador foram afastados das fun\u00e7\u00f5es e est\u00e3o proibidos de frequentar delegacias e manter contato entre si, com o objetivo de evitar interfer\u00eancia na investiga\u00e7\u00e3o.<\/p>\n\n\n\n<p>A investiga\u00e7\u00e3o teve o apoio da Superintend\u00eancia de Intelig\u00eancia (SI) da Secretaria da Seguran\u00e7a P\u00fablica (SSP), das coordena\u00e7\u00f5es de Opera\u00e7\u00f5es Especiais (COE) e de Apoio T\u00e9cnico a Investiga\u00e7\u00e3o (CATI\/Depin), al\u00e9m de policiais das Coorpin de Feira (1\u00aa), Jacobina (16\u00aa), Juazeiro (17\u00aa) e Euclides da Cunha (25\u00aa).<\/p>\n\n\n\n<p class=\"has-medium-font-size\"><strong>O que diz o Detran<\/strong><\/p>\n\n\n\n<p><em>A opera\u00e7\u00e3o da Pol\u00edcia Civil no norte do estado conta com o apoio do Detran-BA, que \u00e9 favor\u00e1vel a todas as investiga\u00e7\u00f5es de combate \u00e0 corrup\u00e7\u00e3o, envolvendo servidores e empresas credenciadas ao \u00f3rg\u00e3o. Os servidores identificados na opera\u00e7\u00e3o ser\u00e3o exonerados, sem preju\u00edzo para a abertura de processos disciplinares.<\/em><\/p>\n\n\n\n<p><em>As autoescolas citadas ser\u00e3o notificadas para prestar esclarecimentos e podem ter o credenciamento cancelado. O Detran-BA est\u00e1 contribuindo com a pol\u00edcia para a elucida\u00e7\u00e3o do caso. Uma equipe da Corregedoria da autarquia foi enviada ao munic\u00edpio de Senhor do Bonfim, na manh\u00e3 desta quinta-feira (21).<\/em><\/p>\n","protected":false},"excerpt":{"rendered":"<p>Opera\u00e7\u00e3o &#8216;Capitiosus&#8217; \u00e9 realizada pela Pol\u00edcia Civil nesta quinta-feira (21). Dois mandados de medidas cautelares contra policiais, al\u00e9m de 20 mandados de busca e apreens\u00e3o, tamb\u00e9m foram cumpridos no norte do estado Por G1 BA &#8211; Atualizado em 21.11.19 \u00e0s 14h29 Doze pessoas, incluindo um vereador e a esposa dele, foram presas nesta quinta-feira (21) [&hellip;]<\/p>\n","protected":false},"author":2,"featured_media":0,"comment_status":"open","ping_status":"open","sticky":false,"template":"","format":"standard","meta":{"_acf_changed":false,"_monsterinsights_skip_tracking":false,"_monsterinsights_sitenote_active":false,"_monsterinsights_sitenote_note":"","_monsterinsights_sitenote_category":0,"_jetpack_memberships_contains_paid_content":false,"footnotes":"","jetpack_publicize_message":"","jetpack_publicize_feature_enabled":true,"jetpack_social_post_already_shared":true,"jetpack_social_options":{"image_generator_settings":{"template":"highway","default_image_id":0,"font":"","enabled":false},"version":2}},"categories":[5,1,11,4],"tags":[],"class_list":["post-38953","post","type-post","status-publish","format-standard","hentry","category-cotidiano","category-noticias","category-regional","category-local"],"acf":[],"jetpack_publicize_connections":[],"jetpack_featured_media_url":"","jetpack_sharing_enabled":true,"publishpress_future_workflow_manual_trigger":{"enabledWorkflows":[]},"_links":{"self":[{"href":"https:\/\/blogdoeloiltoncajuhy.com.br\/site\/wp-json\/wp\/v2\/posts\/38953","targetHints":{"allow":["GET"]}}],"collection":[{"href":"https:\/\/blogdoeloiltoncajuhy.com.br\/site\/wp-json\/wp\/v2\/posts"}],"about":[{"href":"https:\/\/blogdoeloiltoncajuhy.com.br\/site\/wp-json\/wp\/v2\/types\/post"}],"author":[{"embeddable":true,"href":"https:\/\/blogdoeloiltoncajuhy.com.br\/site\/wp-json\/wp\/v2\/users\/2"}],"replies":[{"embeddable":true,"href":"https:\/\/blogdoeloiltoncajuhy.com.br\/site\/wp-json\/wp\/v2\/comments?post=38953"}],"version-history":[{"count":4,"href":"https:\/\/blogdoeloiltoncajuhy.com.br\/site\/wp-json\/wp\/v2\/posts\/38953\/revisions"}],"predecessor-version":[{"id":38967,"href":"https:\/\/blogdoeloiltoncajuhy.com.br\/site\/wp-json\/wp\/v2\/posts\/38953\/revisions\/38967"}],"wp:attachment":[{"href":"https:\/\/blogdoeloiltoncajuhy.com.br\/site\/wp-json\/wp\/v2\/media?parent=38953"}],"wp:term":[{"taxonomy":"category","embeddable":true,"href":"https:\/\/blogdoeloiltoncajuhy.com.br\/site\/wp-json\/wp\/v2\/categories?post=38953"},{"taxonomy":"post_tag","embeddable":true,"href":"https:\/\/blogdoeloiltoncajuhy.com.br\/site\/wp-json\/wp\/v2\/tags?post=38953"}],"curies":[{"name":"wp","href":"https:\/\/api.w.org\/{rel}","templated":true}]}}