{"id":38947,"date":"2019-11-20T19:53:31","date_gmt":"2019-11-20T22:53:31","guid":{"rendered":"http:\/\/blogdoeloiltoncajuhy.com.br\/site\/?p=38947"},"modified":"2019-11-20T19:53:37","modified_gmt":"2019-11-20T22:53:37","slug":"prefeitura-de-jaguarari-direciona-acoes-do-novembro-azul-ao-distrito-de-santa-rosa","status":"publish","type":"post","link":"https:\/\/blogdoeloiltoncajuhy.com.br\/site\/prefeitura-de-jaguarari-direciona-acoes-do-novembro-azul-ao-distrito-de-santa-rosa\/","title":{"rendered":"Prefeitura de Jaguarari direciona a\u00e7\u00f5es do Novembro Azul ao distrito de Santa Rosa"},"content":{"rendered":"\n<p><strong>ASCOM &#8211; Prefeitura de Jaguarari-BA<\/strong><\/p>\n\n\n\n<div class=\"wp-block-image\"><figure class=\"alignright is-resized\"><img fetchpriority=\"high\" decoding=\"async\" src=\"https:\/\/i0.wp.com\/blogdoeloiltoncajuhy.com.br\/site\/wp-content\/uploads\/2019\/11\/PMJ_NovembroAzulSantaRosa-01.jpg?fit=590%2C787\" alt=\"\" class=\"wp-image-38948\" width=\"295\" height=\"394\" srcset=\"https:\/\/i0.wp.com\/blogdoeloiltoncajuhy.com.br\/site\/wp-content\/uploads\/2019\/11\/PMJ_NovembroAzulSantaRosa-01.jpg?w=774&amp;ssl=1 774w, https:\/\/i0.wp.com\/blogdoeloiltoncajuhy.com.br\/site\/wp-content\/uploads\/2019\/11\/PMJ_NovembroAzulSantaRosa-01.jpg?resize=225%2C300&amp;ssl=1 225w, https:\/\/i0.wp.com\/blogdoeloiltoncajuhy.com.br\/site\/wp-content\/uploads\/2019\/11\/PMJ_NovembroAzulSantaRosa-01.jpg?resize=768%2C1024&amp;ssl=1 768w, https:\/\/i0.wp.com\/blogdoeloiltoncajuhy.com.br\/site\/wp-content\/uploads\/2019\/11\/PMJ_NovembroAzulSantaRosa-01.jpg?resize=188%2C250&amp;ssl=1 188w\" sizes=\"(max-width: 295px) 100vw, 295px\" \/><\/figure><\/div>\n\n\n\n<p>A Prefeitura de Jaguarari, atrav\u00e9s da Secretaria de Sa\u00fade, segue direcionando seu cronograma de a\u00e7\u00f5es do Novembro Azul por todo o munic\u00edpio. Nesta quarta-feira (20), foi \u00e0 vez do PSF do distrito de Santa Rosa promover a preven\u00e7\u00e3o do c\u00e2ncer de pr\u00f3stata.<\/p>\n\n\n\n<p>Com a continuidade das a\u00e7\u00f5es, os homens est\u00e3o demonstrando maior preocupa\u00e7\u00e3o com a sua sa\u00fade. Isso vem se refletindo no aumento da procura por atendimento nas unidades de sa\u00fade do munic\u00edpio.<\/p>\n\n\n\n<p>Os 110 homens que foram at\u00e9 o PSF de Santa Rosa passaram por consultas, realizaram outros procedimentos, como aferi\u00e7\u00e3o de press\u00e3o, teste de glicemia e coleta do exame PSA. Al\u00e9m disso, foram realizadas palestras sobre o C\u00e2ncer de Pr\u00f3stata e C\u00e2ncer de Boca, ministradas pelos profissionais de sa\u00fade da pr\u00f3pria unidade.<\/p>\n\n\n\n<p><strong>Cronograma de a\u00e7\u00f5es do Novembro Azul:<\/strong><br> \u2022    21\/11 \u2013 PSF Pilar II &#8211; Distrito de Pilar<br> \u2022    26\/11 \u2013 USF Josefa Maria \u2013 Distrito de Gameleira<br> \u2022    27\/11 \u2013 USF do Flamengo \u2013 Distrito de Flamengo<br> \u2022    28\/11 \u2013 PSF Pilar I \u2013 Distrito de Pilar<br> \u2022    29\/11 \u2013 USF Odilon Gon\u00e7alves \u2013 Sede<\/p>\n\n\n\n<div class=\"wp-block-image\"><figure class=\"aligncenter is-resized\"><img decoding=\"async\" src=\"https:\/\/i0.wp.com\/blogdoeloiltoncajuhy.com.br\/site\/wp-content\/uploads\/2019\/11\/PMJ_NovembroAzulSantaRosa-02.jpg?fit=590%2C443\" alt=\"\" class=\"wp-image-38949\" width=\"443\" height=\"332\" srcset=\"https:\/\/i0.wp.com\/blogdoeloiltoncajuhy.com.br\/site\/wp-content\/uploads\/2019\/11\/PMJ_NovembroAzulSantaRosa-02.jpg?w=1032&amp;ssl=1 1032w, https:\/\/i0.wp.com\/blogdoeloiltoncajuhy.com.br\/site\/wp-content\/uploads\/2019\/11\/PMJ_NovembroAzulSantaRosa-02.jpg?resize=300%2C225&amp;ssl=1 300w, https:\/\/i0.wp.com\/blogdoeloiltoncajuhy.com.br\/site\/wp-content\/uploads\/2019\/11\/PMJ_NovembroAzulSantaRosa-02.jpg?resize=768%2C576&amp;ssl=1 768w, https:\/\/i0.wp.com\/blogdoeloiltoncajuhy.com.br\/site\/wp-content\/uploads\/2019\/11\/PMJ_NovembroAzulSantaRosa-02.jpg?resize=1024%2C768&amp;ssl=1 1024w, https:\/\/i0.wp.com\/blogdoeloiltoncajuhy.com.br\/site\/wp-content\/uploads\/2019\/11\/PMJ_NovembroAzulSantaRosa-02.jpg?resize=250%2C188&amp;ssl=1 250w\" sizes=\"(max-width: 443px) 100vw, 443px\" \/><\/figure><\/div>\n","protected":false},"excerpt":{"rendered":"<p>ASCOM &#8211; Prefeitura de Jaguarari-BA A Prefeitura de Jaguarari, atrav\u00e9s da Secretaria de Sa\u00fade, segue direcionando seu cronograma de a\u00e7\u00f5es do Novembro Azul por todo o munic\u00edpio. Nesta quarta-feira (20), foi \u00e0 vez do PSF do distrito de Santa Rosa promover a preven\u00e7\u00e3o do c\u00e2ncer de pr\u00f3stata. Com a continuidade das a\u00e7\u00f5es, os homens est\u00e3o [&hellip;]<\/p>\n","protected":false},"author":2,"featured_media":38949,"comment_status":"open","ping_status":"open","sticky":false,"template":"","format":"standard","meta":{"_acf_changed":false,"_monsterinsights_skip_tracking":false,"_monsterinsights_sitenote_active":false,"_monsterinsights_sitenote_note":"","_monsterinsights_sitenote_category":0,"_jetpack_memberships_contains_paid_content":false,"footnotes":"","jetpack_publicize_message":"","jetpack_publicize_feature_enabled":true,"jetpack_social_post_already_shared":true,"jetpack_social_options":{"image_generator_settings":{"template":"highway","default_image_id":0,"font":"","enabled":false},"version":2}},"categories":[1,11,7],"tags":[],"class_list":["post-38947","post","type-post","status-publish","format-standard","has-post-thumbnail","hentry","category-noticias","category-regional","category-saude"],"acf":[],"jetpack_publicize_connections":[],"jetpack_featured_media_url":"https:\/\/i0.wp.com\/blogdoeloiltoncajuhy.com.br\/site\/wp-content\/uploads\/2019\/11\/PMJ_NovembroAzulSantaRosa-02.jpg?fit=1032%2C774&ssl=1","jetpack_sharing_enabled":true,"publishpress_future_workflow_manual_trigger":{"enabledWorkflows":[]},"_links":{"self":[{"href":"https:\/\/blogdoeloiltoncajuhy.com.br\/site\/wp-json\/wp\/v2\/posts\/38947","targetHints":{"allow":["GET"]}}],"collection":[{"href":"https:\/\/blogdoeloiltoncajuhy.com.br\/site\/wp-json\/wp\/v2\/posts"}],"about":[{"href":"https:\/\/blogdoeloiltoncajuhy.com.br\/site\/wp-json\/wp\/v2\/types\/post"}],"author":[{"embeddable":true,"href":"https:\/\/blogdoeloiltoncajuhy.com.br\/site\/wp-json\/wp\/v2\/users\/2"}],"replies":[{"embeddable":true,"href":"https:\/\/blogdoeloiltoncajuhy.com.br\/site\/wp-json\/wp\/v2\/comments?post=38947"}],"version-history":[{"count":1,"href":"https:\/\/blogdoeloiltoncajuhy.com.br\/site\/wp-json\/wp\/v2\/posts\/38947\/revisions"}],"predecessor-version":[{"id":38950,"href":"https:\/\/blogdoeloiltoncajuhy.com.br\/site\/wp-json\/wp\/v2\/posts\/38947\/revisions\/38950"}],"wp:featuredmedia":[{"embeddable":true,"href":"https:\/\/blogdoeloiltoncajuhy.com.br\/site\/wp-json\/wp\/v2\/media\/38949"}],"wp:attachment":[{"href":"https:\/\/blogdoeloiltoncajuhy.com.br\/site\/wp-json\/wp\/v2\/media?parent=38947"}],"wp:term":[{"taxonomy":"category","embeddable":true,"href":"https:\/\/blogdoeloiltoncajuhy.com.br\/site\/wp-json\/wp\/v2\/categories?post=38947"},{"taxonomy":"post_tag","embeddable":true,"href":"https:\/\/blogdoeloiltoncajuhy.com.br\/site\/wp-json\/wp\/v2\/tags?post=38947"}],"curies":[{"name":"wp","href":"https:\/\/api.w.org\/{rel}","templated":true}]}}