{"id":38944,"date":"2019-11-20T19:44:11","date_gmt":"2019-11-20T22:44:11","guid":{"rendered":"http:\/\/blogdoeloiltoncajuhy.com.br\/site\/?p=38944"},"modified":"2019-11-20T19:44:17","modified_gmt":"2019-11-20T22:44:17","slug":"vem-ai-o-1o-batalha-de-poesias-de-jaguarari","status":"publish","type":"post","link":"https:\/\/blogdoeloiltoncajuhy.com.br\/site\/vem-ai-o-1o-batalha-de-poesias-de-jaguarari\/","title":{"rendered":"Vem a\u00ed, o 1\u00ba Batalha de Poesias de Jaguarari!"},"content":{"rendered":"\n<p><strong>ASCOM &#8211; Prefeitura de Jaguarari-BA<\/strong><\/p>\n\n\n\n<div class=\"wp-block-image\"><figure class=\"aligncenter is-resized\"><img data-recalc-dims=\"1\" fetchpriority=\"high\" decoding=\"async\" src=\"https:\/\/i0.wp.com\/blogdoeloiltoncajuhy.com.br\/site\/wp-content\/uploads\/2019\/11\/PMJ_BatlhaPoesias-2097.jpg?resize=417%2C480\" alt=\"\" class=\"wp-image-38945\" width=\"417\" height=\"480\" srcset=\"https:\/\/i0.wp.com\/blogdoeloiltoncajuhy.com.br\/site\/wp-content\/uploads\/2019\/11\/PMJ_BatlhaPoesias-2097.jpg?w=834&amp;ssl=1 834w, https:\/\/i0.wp.com\/blogdoeloiltoncajuhy.com.br\/site\/wp-content\/uploads\/2019\/11\/PMJ_BatlhaPoesias-2097.jpg?resize=261%2C300&amp;ssl=1 261w, https:\/\/i0.wp.com\/blogdoeloiltoncajuhy.com.br\/site\/wp-content\/uploads\/2019\/11\/PMJ_BatlhaPoesias-2097.jpg?resize=768%2C884&amp;ssl=1 768w, https:\/\/i0.wp.com\/blogdoeloiltoncajuhy.com.br\/site\/wp-content\/uploads\/2019\/11\/PMJ_BatlhaPoesias-2097.jpg?resize=217%2C250&amp;ssl=1 217w\" sizes=\"(max-width: 417px) 100vw, 417px\" \/><\/figure><\/div>\n\n\n\n<p>A prefeitura de Jaguarari, atrav\u00e9s da Secretaria de Educa\u00e7\u00e3o, realiza nesta quinta-feira (21), \u00e0s 19h, na Pra\u00e7a Alfredo Viana, o 1\u00ba Batalha de Poesias. Os alunos inscritos mostrar\u00e3o todo seu talento nesse grande evento cultural.<\/p>\n\n\n\n<p>Todos os alunos das escolas da rede p\u00fablica e particular que desejam participar poder\u00e3o fazer sua inscri\u00e7\u00e3o na Secretaria de Educa\u00e7\u00e3o at\u00e9 o dia 14 de cada m\u00eas, das 8h \u00e0s 17h.<\/p>\n\n\n\n<p>Ser\u00e3o tr\u00eas categorias: POEMA, CORDEL e RAP. Cada uma delas ser\u00e1 premiada individualmente e depois teremos a escolha da produ\u00e7\u00e3o ganhadora intitulada \u201cInspira\u00e7\u00e3o da Noite\u201d.<\/p>\n\n\n\n<p>Aten\u00e7\u00e3o, Jaguarari!<br>Chegou a sua vez!<br>O Batalha de Poesias, que possui tr\u00eas categorias,<br>Vai revelar o talento de voc\u00eas.<br>Poetas, Cordelistas e Rappers,<br>Todos entrela\u00e7ados,<br>Com muita alegria,<br>Unindo criatividade e significado,<br>Um momento para a fam\u00edlia<br>Curtir cultura lado a lado.<br>Cada um revelar\u00e1 o seu talento,<br>N\u00e3o importa qual dos tr\u00eas,<br>A Pra\u00e7a estar\u00e1 pronta para receber todos voc\u00eas.<\/p>\n","protected":false},"excerpt":{"rendered":"<p>ASCOM &#8211; Prefeitura de Jaguarari-BA A prefeitura de Jaguarari, atrav\u00e9s da Secretaria de Educa\u00e7\u00e3o, realiza nesta quinta-feira (21), \u00e0s 19h, na Pra\u00e7a Alfredo Viana, o 1\u00ba Batalha de Poesias. Os alunos inscritos mostrar\u00e3o todo seu talento nesse grande evento cultural. Todos os alunos das escolas da rede p\u00fablica e particular que desejam participar poder\u00e3o fazer [&hellip;]<\/p>\n","protected":false},"author":2,"featured_media":38945,"comment_status":"open","ping_status":"open","sticky":false,"template":"","format":"standard","meta":{"_acf_changed":false,"_monsterinsights_skip_tracking":false,"_monsterinsights_sitenote_active":false,"_monsterinsights_sitenote_note":"","_monsterinsights_sitenote_category":0,"_jetpack_memberships_contains_paid_content":false,"footnotes":"","jetpack_publicize_message":"","jetpack_publicize_feature_enabled":true,"jetpack_social_post_already_shared":true,"jetpack_social_options":{"image_generator_settings":{"template":"highway","default_image_id":0,"font":"","enabled":false},"version":2}},"categories":[8,1,11],"tags":[],"class_list":["post-38944","post","type-post","status-publish","format-standard","has-post-thumbnail","hentry","category-cultura","category-noticias","category-regional"],"acf":[],"jetpack_publicize_connections":[],"jetpack_featured_media_url":"https:\/\/i0.wp.com\/blogdoeloiltoncajuhy.com.br\/site\/wp-content\/uploads\/2019\/11\/PMJ_BatlhaPoesias-2097.jpg?fit=834%2C960&ssl=1","jetpack_sharing_enabled":true,"publishpress_future_workflow_manual_trigger":{"enabledWorkflows":[]},"_links":{"self":[{"href":"https:\/\/blogdoeloiltoncajuhy.com.br\/site\/wp-json\/wp\/v2\/posts\/38944","targetHints":{"allow":["GET"]}}],"collection":[{"href":"https:\/\/blogdoeloiltoncajuhy.com.br\/site\/wp-json\/wp\/v2\/posts"}],"about":[{"href":"https:\/\/blogdoeloiltoncajuhy.com.br\/site\/wp-json\/wp\/v2\/types\/post"}],"author":[{"embeddable":true,"href":"https:\/\/blogdoeloiltoncajuhy.com.br\/site\/wp-json\/wp\/v2\/users\/2"}],"replies":[{"embeddable":true,"href":"https:\/\/blogdoeloiltoncajuhy.com.br\/site\/wp-json\/wp\/v2\/comments?post=38944"}],"version-history":[{"count":1,"href":"https:\/\/blogdoeloiltoncajuhy.com.br\/site\/wp-json\/wp\/v2\/posts\/38944\/revisions"}],"predecessor-version":[{"id":38946,"href":"https:\/\/blogdoeloiltoncajuhy.com.br\/site\/wp-json\/wp\/v2\/posts\/38944\/revisions\/38946"}],"wp:featuredmedia":[{"embeddable":true,"href":"https:\/\/blogdoeloiltoncajuhy.com.br\/site\/wp-json\/wp\/v2\/media\/38945"}],"wp:attachment":[{"href":"https:\/\/blogdoeloiltoncajuhy.com.br\/site\/wp-json\/wp\/v2\/media?parent=38944"}],"wp:term":[{"taxonomy":"category","embeddable":true,"href":"https:\/\/blogdoeloiltoncajuhy.com.br\/site\/wp-json\/wp\/v2\/categories?post=38944"},{"taxonomy":"post_tag","embeddable":true,"href":"https:\/\/blogdoeloiltoncajuhy.com.br\/site\/wp-json\/wp\/v2\/tags?post=38944"}],"curies":[{"name":"wp","href":"https:\/\/api.w.org\/{rel}","templated":true}]}}