{"id":38930,"date":"2019-11-20T15:01:38","date_gmt":"2019-11-20T18:01:38","guid":{"rendered":"http:\/\/blogdoeloiltoncajuhy.com.br\/site\/?p=38930"},"modified":"2019-11-20T15:34:48","modified_gmt":"2019-11-20T18:34:48","slug":"morre-em-salvador-o-ex-goleiro-bonfinense-binho","status":"publish","type":"post","link":"https:\/\/blogdoeloiltoncajuhy.com.br\/site\/morre-em-salvador-o-ex-goleiro-bonfinense-binho\/","title":{"rendered":"Morre em Salvador, o ex-goleiro bonfinense Binho"},"content":{"rendered":"\n<p><strong>BLOG DO ELOILTON CAJUHY<\/strong><\/p>\n\n\n\n<div class=\"wp-block-image\"><figure class=\"aligncenter\"><img data-recalc-dims=\"1\" fetchpriority=\"high\" decoding=\"async\" width=\"140\" height=\"437\" src=\"https:\/\/i0.wp.com\/blogdoeloiltoncajuhy.com.br\/site\/wp-content\/uploads\/2019\/11\/GoleiroBinho-1.jpg?resize=140%2C437\" alt=\"\" class=\"wp-image-38933\" srcset=\"https:\/\/i0.wp.com\/blogdoeloiltoncajuhy.com.br\/site\/wp-content\/uploads\/2019\/11\/GoleiroBinho-1.jpg?w=140&amp;ssl=1 140w, https:\/\/i0.wp.com\/blogdoeloiltoncajuhy.com.br\/site\/wp-content\/uploads\/2019\/11\/GoleiroBinho-1.jpg?resize=96%2C300&amp;ssl=1 96w, https:\/\/i0.wp.com\/blogdoeloiltoncajuhy.com.br\/site\/wp-content\/uploads\/2019\/11\/GoleiroBinho-1.jpg?resize=80%2C250&amp;ssl=1 80w\" sizes=\"(max-width: 140px) 100vw, 140px\" \/><\/figure><\/div>\n\n\n\n<p>Faleceu nesta quarta-feira (20), em Salvador, o ex-goleiro Binho, da Sele\u00e7\u00e3o Bonfinense e do Vila Nova, nas d\u00e9cadas de 60 e 70.<\/p>\n\n\n\n<p>De baixa estatura, mas um gigante debaixo das traves, Wilson Gomes de Ara\u00fajo tinha 78 anos, e patrocinou feitos memor\u00e1veis, nas referidas agremia\u00e7\u00f5es, recebendo v\u00e1rios convites de clubes profissionais, mas os recusou por conta dos la\u00e7os familiares e atividades comerciais da fam\u00edlia Ara\u00fajo.<\/p>\n\n\n\n<p>Defendendo as cores da Sele\u00e7\u00e3o Bonfinense e do Vila Nova, que marcaram sua trajet\u00f3ria de maior e melhor goleiro de todos os tempos do futebol bonfinense, marcou hist\u00f3ria, e at\u00e9 bem pouco tempo, ainda pod\u00edamos v\u00ea-lo percorrendo as cal\u00e7adas entre as Casas Populares e o centro da cidade.<\/p>\n\n\n\n<p>Binho contribuiu e deixou de legado, nas p\u00e1ginas da hist\u00f3ria do futebol bonfinense e regional, sua hist\u00f3ria de jogador e homem exemplar.<\/p>\n\n\n\n<p>Segundo informa\u00e7\u00f5es, o corpo de Binho chegar\u00e1 por volta das 17h em nossa cidade e ser\u00e1 velado no Memorial Vila Nova. Seu sepultamento ser\u00e1 nesta quinta-feira (20). O local e hor\u00e1rio n\u00e3o foram informados.<\/p>\n","protected":false},"excerpt":{"rendered":"<p>BLOG DO ELOILTON CAJUHY Faleceu nesta quarta-feira (20), em Salvador, o ex-goleiro Binho, da Sele\u00e7\u00e3o Bonfinense e do Vila Nova, nas d\u00e9cadas de 60 e 70. De baixa estatura, mas um gigante debaixo das traves, Wilson Gomes de Ara\u00fajo tinha 78 anos, e patrocinou feitos memor\u00e1veis, nas referidas agremia\u00e7\u00f5es, recebendo v\u00e1rios convites de clubes profissionais, [&hellip;]<\/p>\n","protected":false},"author":2,"featured_media":38933,"comment_status":"open","ping_status":"open","sticky":false,"template":"","format":"standard","meta":{"_acf_changed":false,"_monsterinsights_skip_tracking":false,"_monsterinsights_sitenote_active":false,"_monsterinsights_sitenote_note":"","_monsterinsights_sitenote_category":0,"_jetpack_memberships_contains_paid_content":false,"footnotes":"","jetpack_publicize_message":"","jetpack_publicize_feature_enabled":true,"jetpack_social_post_already_shared":true,"jetpack_social_options":{"image_generator_settings":{"template":"highway","default_image_id":0,"font":"","enabled":false},"version":2}},"categories":[1,4],"tags":[],"class_list":["post-38930","post","type-post","status-publish","format-standard","has-post-thumbnail","hentry","category-noticias","category-local"],"acf":[],"jetpack_publicize_connections":[],"jetpack_featured_media_url":"https:\/\/i0.wp.com\/blogdoeloiltoncajuhy.com.br\/site\/wp-content\/uploads\/2019\/11\/GoleiroBinho-1.jpg?fit=140%2C437&ssl=1","jetpack_sharing_enabled":true,"publishpress_future_workflow_manual_trigger":{"enabledWorkflows":[]},"_links":{"self":[{"href":"https:\/\/blogdoeloiltoncajuhy.com.br\/site\/wp-json\/wp\/v2\/posts\/38930","targetHints":{"allow":["GET"]}}],"collection":[{"href":"https:\/\/blogdoeloiltoncajuhy.com.br\/site\/wp-json\/wp\/v2\/posts"}],"about":[{"href":"https:\/\/blogdoeloiltoncajuhy.com.br\/site\/wp-json\/wp\/v2\/types\/post"}],"author":[{"embeddable":true,"href":"https:\/\/blogdoeloiltoncajuhy.com.br\/site\/wp-json\/wp\/v2\/users\/2"}],"replies":[{"embeddable":true,"href":"https:\/\/blogdoeloiltoncajuhy.com.br\/site\/wp-json\/wp\/v2\/comments?post=38930"}],"version-history":[{"count":3,"href":"https:\/\/blogdoeloiltoncajuhy.com.br\/site\/wp-json\/wp\/v2\/posts\/38930\/revisions"}],"predecessor-version":[{"id":38943,"href":"https:\/\/blogdoeloiltoncajuhy.com.br\/site\/wp-json\/wp\/v2\/posts\/38930\/revisions\/38943"}],"wp:featuredmedia":[{"embeddable":true,"href":"https:\/\/blogdoeloiltoncajuhy.com.br\/site\/wp-json\/wp\/v2\/media\/38933"}],"wp:attachment":[{"href":"https:\/\/blogdoeloiltoncajuhy.com.br\/site\/wp-json\/wp\/v2\/media?parent=38930"}],"wp:term":[{"taxonomy":"category","embeddable":true,"href":"https:\/\/blogdoeloiltoncajuhy.com.br\/site\/wp-json\/wp\/v2\/categories?post=38930"},{"taxonomy":"post_tag","embeddable":true,"href":"https:\/\/blogdoeloiltoncajuhy.com.br\/site\/wp-json\/wp\/v2\/tags?post=38930"}],"curies":[{"name":"wp","href":"https:\/\/api.w.org\/{rel}","templated":true}]}}