{"id":38914,"date":"2019-11-20T09:34:21","date_gmt":"2019-11-20T12:34:21","guid":{"rendered":"http:\/\/blogdoeloiltoncajuhy.com.br\/site\/?p=38914"},"modified":"2019-11-20T09:34:28","modified_gmt":"2019-11-20T12:34:28","slug":"sessao-solene-homenageia-dia-nacional-da-consciencia-negra-na-camara-municipal-de-bonfim","status":"publish","type":"post","link":"https:\/\/blogdoeloiltoncajuhy.com.br\/site\/sessao-solene-homenageia-dia-nacional-da-consciencia-negra-na-camara-municipal-de-bonfim\/","title":{"rendered":"Sess\u00e3o solene homenageia Dia Nacional da Consci\u00eancia Negra na C\u00e2mara Municipal de Bonfim"},"content":{"rendered":"\n<p><strong>ASCOM &#8211; C\u00e2mara Municipal de Senhor do Bonfim-BA<\/strong><\/p>\n\n\n\n<div class=\"wp-block-image\"><figure class=\"aligncenter\"><img fetchpriority=\"high\" decoding=\"async\" width=\"1280\" height=\"853\" src=\"https:\/\/i0.wp.com\/blogdoeloiltoncajuhy.com.br\/site\/wp-content\/uploads\/2019\/11\/CMSB_DiaConscienciaNegra-2019-01.jpg?fit=590%2C393\" alt=\"\" class=\"wp-image-38915\" srcset=\"https:\/\/i0.wp.com\/blogdoeloiltoncajuhy.com.br\/site\/wp-content\/uploads\/2019\/11\/CMSB_DiaConscienciaNegra-2019-01.jpg?w=1280&amp;ssl=1 1280w, https:\/\/i0.wp.com\/blogdoeloiltoncajuhy.com.br\/site\/wp-content\/uploads\/2019\/11\/CMSB_DiaConscienciaNegra-2019-01.jpg?resize=300%2C200&amp;ssl=1 300w, https:\/\/i0.wp.com\/blogdoeloiltoncajuhy.com.br\/site\/wp-content\/uploads\/2019\/11\/CMSB_DiaConscienciaNegra-2019-01.jpg?resize=768%2C512&amp;ssl=1 768w, https:\/\/i0.wp.com\/blogdoeloiltoncajuhy.com.br\/site\/wp-content\/uploads\/2019\/11\/CMSB_DiaConscienciaNegra-2019-01.jpg?resize=1024%2C682&amp;ssl=1 1024w, https:\/\/i0.wp.com\/blogdoeloiltoncajuhy.com.br\/site\/wp-content\/uploads\/2019\/11\/CMSB_DiaConscienciaNegra-2019-01.jpg?resize=250%2C167&amp;ssl=1 250w\" sizes=\"(max-width: 800px) 100vw, 800px\" \/><\/figure><\/div>\n\n\n\n<p>Nesta ter\u00e7a-feira, 19 de novembro, a C\u00e2mara Municipal de Senhor do Bonfim realizou uma Sess\u00e3o Solene Alusiva ao Dia da Consci\u00eancia Negra, oportunidade em que enalteceu o valor e a import\u00e2ncia dos cidad\u00e3os negros na constru\u00e7\u00e3o do pa\u00eds, do estado e do munic\u00edpio, bem como homenageou personalidades da comunidade bonfinense ligadas a defesa dos seus interesses e combate ao preconceito racial.<\/p>\n\n\n\n<div class=\"wp-block-image\"><figure class=\"aligncenter\"><img decoding=\"async\" width=\"1280\" height=\"853\" src=\"https:\/\/i2.wp.com\/blogdoeloiltoncajuhy.com.br\/site\/wp-content\/uploads\/2019\/11\/CMSB_DiaConscienciaNegra-2019-02.jpg?fit=590%2C393\" alt=\"\" class=\"wp-image-38916\" srcset=\"https:\/\/i0.wp.com\/blogdoeloiltoncajuhy.com.br\/site\/wp-content\/uploads\/2019\/11\/CMSB_DiaConscienciaNegra-2019-02.jpg?w=1280&amp;ssl=1 1280w, https:\/\/i0.wp.com\/blogdoeloiltoncajuhy.com.br\/site\/wp-content\/uploads\/2019\/11\/CMSB_DiaConscienciaNegra-2019-02.jpg?resize=300%2C200&amp;ssl=1 300w, https:\/\/i0.wp.com\/blogdoeloiltoncajuhy.com.br\/site\/wp-content\/uploads\/2019\/11\/CMSB_DiaConscienciaNegra-2019-02.jpg?resize=768%2C512&amp;ssl=1 768w, https:\/\/i0.wp.com\/blogdoeloiltoncajuhy.com.br\/site\/wp-content\/uploads\/2019\/11\/CMSB_DiaConscienciaNegra-2019-02.jpg?resize=1024%2C682&amp;ssl=1 1024w, https:\/\/i0.wp.com\/blogdoeloiltoncajuhy.com.br\/site\/wp-content\/uploads\/2019\/11\/CMSB_DiaConscienciaNegra-2019-02.jpg?resize=250%2C167&amp;ssl=1 250w\" sizes=\"(max-width: 800px) 100vw, 800px\" \/><\/figure><\/div>\n\n\n\n<p>Realizada no Sal\u00e3o Nobre Joaquim Muricy Sobrinho, a solenidade deste ano entregou diversas placas-homenagem a diversos bonfinenses, atrav\u00e9s da indica\u00e7\u00e3o dos vereadores. Com as apresenta\u00e7\u00f5es dos grupos culturais do Distrito de Tijua\u00e7u da Dan\u00e7a do Parentesco e Percuss\u00e3o Afro, al\u00e9m dos cantores Jaula, Raiane e Luan Lins.<\/p>\n\n\n\n<p>O Presidente da C\u00e2mara Municipal, vereador Cleiton Vieira, falou sobre a import\u00e2ncia do evento. <em>\u201cO Dia da Consci\u00eancia Negra \u00e9 muito importante para todos n\u00f3s. \u00c9 um reconhecimento da import\u00e2ncia dos afrodescendentes na constru\u00e7\u00e3o da sociedade brasileira e bonfinense\u201d<\/em>, destacou.<\/p>\n\n\n\n<div class=\"wp-block-image\"><figure class=\"aligncenter\"><img decoding=\"async\" width=\"1280\" height=\"853\" src=\"https:\/\/i2.wp.com\/blogdoeloiltoncajuhy.com.br\/site\/wp-content\/uploads\/2019\/11\/CMSB_DiaConscienciaNegra-2019-03.jpg?fit=590%2C393\" alt=\"\" class=\"wp-image-38917\" srcset=\"https:\/\/i0.wp.com\/blogdoeloiltoncajuhy.com.br\/site\/wp-content\/uploads\/2019\/11\/CMSB_DiaConscienciaNegra-2019-03.jpg?w=1280&amp;ssl=1 1280w, https:\/\/i0.wp.com\/blogdoeloiltoncajuhy.com.br\/site\/wp-content\/uploads\/2019\/11\/CMSB_DiaConscienciaNegra-2019-03.jpg?resize=300%2C200&amp;ssl=1 300w, https:\/\/i0.wp.com\/blogdoeloiltoncajuhy.com.br\/site\/wp-content\/uploads\/2019\/11\/CMSB_DiaConscienciaNegra-2019-03.jpg?resize=768%2C512&amp;ssl=1 768w, https:\/\/i0.wp.com\/blogdoeloiltoncajuhy.com.br\/site\/wp-content\/uploads\/2019\/11\/CMSB_DiaConscienciaNegra-2019-03.jpg?resize=1024%2C682&amp;ssl=1 1024w, https:\/\/i0.wp.com\/blogdoeloiltoncajuhy.com.br\/site\/wp-content\/uploads\/2019\/11\/CMSB_DiaConscienciaNegra-2019-03.jpg?resize=250%2C167&amp;ssl=1 250w\" sizes=\"(max-width: 800px) 100vw, 800px\" \/><\/figure><\/div>\n","protected":false},"excerpt":{"rendered":"<p>ASCOM &#8211; C\u00e2mara Municipal de Senhor do Bonfim-BA Nesta ter\u00e7a-feira, 19 de novembro, a C\u00e2mara Municipal de Senhor do Bonfim realizou uma Sess\u00e3o Solene Alusiva ao Dia da Consci\u00eancia Negra, oportunidade em que enalteceu o valor e a import\u00e2ncia dos cidad\u00e3os negros na constru\u00e7\u00e3o do pa\u00eds, do estado e do munic\u00edpio, bem como homenageou personalidades [&hellip;]<\/p>\n","protected":false},"author":2,"featured_media":38917,"comment_status":"open","ping_status":"open","sticky":false,"template":"","format":"standard","meta":{"_acf_changed":false,"_monsterinsights_skip_tracking":false,"_monsterinsights_sitenote_active":false,"_monsterinsights_sitenote_note":"","_monsterinsights_sitenote_category":0,"_jetpack_memberships_contains_paid_content":false,"footnotes":"","jetpack_publicize_message":"","jetpack_publicize_feature_enabled":true,"jetpack_social_post_already_shared":true,"jetpack_social_options":{"image_generator_settings":{"template":"highway","default_image_id":0,"font":"","enabled":false},"version":2}},"categories":[1,3,4],"tags":[],"class_list":["post-38914","post","type-post","status-publish","format-standard","has-post-thumbnail","hentry","category-noticias","category-politica","category-local"],"acf":[],"jetpack_publicize_connections":[],"jetpack_featured_media_url":"https:\/\/i0.wp.com\/blogdoeloiltoncajuhy.com.br\/site\/wp-content\/uploads\/2019\/11\/CMSB_DiaConscienciaNegra-2019-03.jpg?fit=1280%2C853&ssl=1","jetpack_sharing_enabled":true,"publishpress_future_workflow_manual_trigger":{"enabledWorkflows":[]},"_links":{"self":[{"href":"https:\/\/blogdoeloiltoncajuhy.com.br\/site\/wp-json\/wp\/v2\/posts\/38914","targetHints":{"allow":["GET"]}}],"collection":[{"href":"https:\/\/blogdoeloiltoncajuhy.com.br\/site\/wp-json\/wp\/v2\/posts"}],"about":[{"href":"https:\/\/blogdoeloiltoncajuhy.com.br\/site\/wp-json\/wp\/v2\/types\/post"}],"author":[{"embeddable":true,"href":"https:\/\/blogdoeloiltoncajuhy.com.br\/site\/wp-json\/wp\/v2\/users\/2"}],"replies":[{"embeddable":true,"href":"https:\/\/blogdoeloiltoncajuhy.com.br\/site\/wp-json\/wp\/v2\/comments?post=38914"}],"version-history":[{"count":1,"href":"https:\/\/blogdoeloiltoncajuhy.com.br\/site\/wp-json\/wp\/v2\/posts\/38914\/revisions"}],"predecessor-version":[{"id":38918,"href":"https:\/\/blogdoeloiltoncajuhy.com.br\/site\/wp-json\/wp\/v2\/posts\/38914\/revisions\/38918"}],"wp:featuredmedia":[{"embeddable":true,"href":"https:\/\/blogdoeloiltoncajuhy.com.br\/site\/wp-json\/wp\/v2\/media\/38917"}],"wp:attachment":[{"href":"https:\/\/blogdoeloiltoncajuhy.com.br\/site\/wp-json\/wp\/v2\/media?parent=38914"}],"wp:term":[{"taxonomy":"category","embeddable":true,"href":"https:\/\/blogdoeloiltoncajuhy.com.br\/site\/wp-json\/wp\/v2\/categories?post=38914"},{"taxonomy":"post_tag","embeddable":true,"href":"https:\/\/blogdoeloiltoncajuhy.com.br\/site\/wp-json\/wp\/v2\/tags?post=38914"}],"curies":[{"name":"wp","href":"https:\/\/api.w.org\/{rel}","templated":true}]}}