{"id":38910,"date":"2019-11-20T07:20:50","date_gmt":"2019-11-20T10:20:50","guid":{"rendered":"http:\/\/blogdoeloiltoncajuhy.com.br\/site\/?p=38910"},"modified":"2019-11-20T07:20:57","modified_gmt":"2019-11-20T10:20:57","slug":"na-rota-dos-grandes-eventos-senhor-do-bonfim-recebe-etapa-do-campeonato-baiano-de-jiu-jitsu","status":"publish","type":"post","link":"https:\/\/blogdoeloiltoncajuhy.com.br\/site\/na-rota-dos-grandes-eventos-senhor-do-bonfim-recebe-etapa-do-campeonato-baiano-de-jiu-jitsu\/","title":{"rendered":"Na rota dos grandes eventos, Senhor do Bonfim recebe etapa do Campeonato Baiano de Jiu Jitsu"},"content":{"rendered":"\n<p><strong>ASCOM &#8211; Prefeitura de Senhor do Bonfim-BA<\/strong><\/p>\n\n\n\n<div class=\"wp-block-image\"><figure class=\"aligncenter\"><img fetchpriority=\"high\" decoding=\"async\" width=\"1163\" height=\"654\" src=\"https:\/\/i2.wp.com\/blogdoeloiltoncajuhy.com.br\/site\/wp-content\/uploads\/2019\/11\/PMSB_JiuJitsu-01.jpg?fit=590%2C332\" alt=\"\" class=\"wp-image-38911\" srcset=\"https:\/\/i0.wp.com\/blogdoeloiltoncajuhy.com.br\/site\/wp-content\/uploads\/2019\/11\/PMSB_JiuJitsu-01.jpg?w=1163&amp;ssl=1 1163w, https:\/\/i0.wp.com\/blogdoeloiltoncajuhy.com.br\/site\/wp-content\/uploads\/2019\/11\/PMSB_JiuJitsu-01.jpg?resize=300%2C169&amp;ssl=1 300w, https:\/\/i0.wp.com\/blogdoeloiltoncajuhy.com.br\/site\/wp-content\/uploads\/2019\/11\/PMSB_JiuJitsu-01.jpg?resize=768%2C432&amp;ssl=1 768w, https:\/\/i0.wp.com\/blogdoeloiltoncajuhy.com.br\/site\/wp-content\/uploads\/2019\/11\/PMSB_JiuJitsu-01.jpg?resize=1024%2C576&amp;ssl=1 1024w, https:\/\/i0.wp.com\/blogdoeloiltoncajuhy.com.br\/site\/wp-content\/uploads\/2019\/11\/PMSB_JiuJitsu-01.jpg?resize=250%2C141&amp;ssl=1 250w\" sizes=\"(max-width: 800px) 100vw, 800px\" \/><\/figure><\/div>\n\n\n\n<p>A Federa\u00e7\u00e3o Baiana de Jiu Jitsu e MMA \u2013 FBJJMMA, em parceria com a Sudesb e a secretaria de Desenvolvimento Econ\u00f4mico Esporte e Turismo \u2013 Sedete, realizou no \u00faltimo domingo, 17 de novembro, a 8\u00aa Etapa do Campeonato Baiano de Jiu Jitsu.<\/p>\n\n\n\n<p>A competi\u00e7\u00e3o aconteceu no Gin\u00e1sio Poliesportivo Jo\u00e3o Correia e teve disputa nas categorias Pr\u00e9-mirim, Mirim, Infanto-juvenil, Juvenil, Adulto e M\u00e1ster (masculino e feminino), nas faixas branca, cinza, amarela, laranja, verde, azul, roxa, marrom e preta.<\/p>\n\n\n\n<p><em>&#8220;Senhor do Bonfim \u00e9 um polo muito importante do Jiu Jitsu. A gente v\u00ea muitos atletas de Bonfim e da regi\u00e3o se revelando e sendo destaque em todo Brasil &#8211; e at\u00e9 em outros pa\u00edses. H\u00e1 tempos t\u00ednhamos interesse em realizar um evento aqui. Estamos muito satisfeitos com o resultado. Esperamos retornar ano que vem\u201d<\/em>, disse o diretor da Federa\u00e7\u00e3o Baiana de Jiu Jitsu, Ricardo Caldeira.<\/p>\n\n\n\n<p>Ao todo, foram inscritos e participaram 250 atletas de v\u00e1rias cidades do estado da Bahia. As pr\u00f3ximas etapas da competi\u00e7\u00e3o est\u00e3o marcadas para acontecer em Itabuna (08\/12) e Lauro de Freitas (15\/12).<\/p>\n\n\n\n<div class=\"wp-block-image\"><figure class=\"aligncenter\"><img decoding=\"async\" width=\"1163\" height=\"654\" src=\"https:\/\/i0.wp.com\/blogdoeloiltoncajuhy.com.br\/site\/wp-content\/uploads\/2019\/11\/PMSB_JiuJitsu-02.jpg?fit=590%2C332\" alt=\"\" class=\"wp-image-38912\" srcset=\"https:\/\/i0.wp.com\/blogdoeloiltoncajuhy.com.br\/site\/wp-content\/uploads\/2019\/11\/PMSB_JiuJitsu-02.jpg?w=1163&amp;ssl=1 1163w, https:\/\/i0.wp.com\/blogdoeloiltoncajuhy.com.br\/site\/wp-content\/uploads\/2019\/11\/PMSB_JiuJitsu-02.jpg?resize=300%2C169&amp;ssl=1 300w, https:\/\/i0.wp.com\/blogdoeloiltoncajuhy.com.br\/site\/wp-content\/uploads\/2019\/11\/PMSB_JiuJitsu-02.jpg?resize=768%2C432&amp;ssl=1 768w, https:\/\/i0.wp.com\/blogdoeloiltoncajuhy.com.br\/site\/wp-content\/uploads\/2019\/11\/PMSB_JiuJitsu-02.jpg?resize=1024%2C576&amp;ssl=1 1024w, https:\/\/i0.wp.com\/blogdoeloiltoncajuhy.com.br\/site\/wp-content\/uploads\/2019\/11\/PMSB_JiuJitsu-02.jpg?resize=250%2C141&amp;ssl=1 250w\" sizes=\"(max-width: 800px) 100vw, 800px\" \/><\/figure><\/div>\n","protected":false},"excerpt":{"rendered":"<p>ASCOM &#8211; Prefeitura de Senhor do Bonfim-BA A Federa\u00e7\u00e3o Baiana de Jiu Jitsu e MMA \u2013 FBJJMMA, em parceria com a Sudesb e a secretaria de Desenvolvimento Econ\u00f4mico Esporte e Turismo \u2013 Sedete, realizou no \u00faltimo domingo, 17 de novembro, a 8\u00aa Etapa do Campeonato Baiano de Jiu Jitsu. A competi\u00e7\u00e3o aconteceu no Gin\u00e1sio Poliesportivo [&hellip;]<\/p>\n","protected":false},"author":2,"featured_media":38912,"comment_status":"open","ping_status":"open","sticky":false,"template":"","format":"standard","meta":{"_acf_changed":false,"_monsterinsights_skip_tracking":false,"_monsterinsights_sitenote_active":false,"_monsterinsights_sitenote_note":"","_monsterinsights_sitenote_category":0,"_jetpack_memberships_contains_paid_content":false,"footnotes":"","jetpack_publicize_message":"","jetpack_publicize_feature_enabled":true,"jetpack_social_post_already_shared":true,"jetpack_social_options":{"image_generator_settings":{"template":"highway","default_image_id":0,"font":"","enabled":false},"version":2}},"categories":[6,1,4],"tags":[],"class_list":["post-38910","post","type-post","status-publish","format-standard","has-post-thumbnail","hentry","category-esportes","category-noticias","category-local"],"acf":[],"jetpack_publicize_connections":[],"jetpack_featured_media_url":"https:\/\/i0.wp.com\/blogdoeloiltoncajuhy.com.br\/site\/wp-content\/uploads\/2019\/11\/PMSB_JiuJitsu-02.jpg?fit=1163%2C654&ssl=1","jetpack_sharing_enabled":true,"publishpress_future_workflow_manual_trigger":{"enabledWorkflows":[]},"_links":{"self":[{"href":"https:\/\/blogdoeloiltoncajuhy.com.br\/site\/wp-json\/wp\/v2\/posts\/38910","targetHints":{"allow":["GET"]}}],"collection":[{"href":"https:\/\/blogdoeloiltoncajuhy.com.br\/site\/wp-json\/wp\/v2\/posts"}],"about":[{"href":"https:\/\/blogdoeloiltoncajuhy.com.br\/site\/wp-json\/wp\/v2\/types\/post"}],"author":[{"embeddable":true,"href":"https:\/\/blogdoeloiltoncajuhy.com.br\/site\/wp-json\/wp\/v2\/users\/2"}],"replies":[{"embeddable":true,"href":"https:\/\/blogdoeloiltoncajuhy.com.br\/site\/wp-json\/wp\/v2\/comments?post=38910"}],"version-history":[{"count":1,"href":"https:\/\/blogdoeloiltoncajuhy.com.br\/site\/wp-json\/wp\/v2\/posts\/38910\/revisions"}],"predecessor-version":[{"id":38913,"href":"https:\/\/blogdoeloiltoncajuhy.com.br\/site\/wp-json\/wp\/v2\/posts\/38910\/revisions\/38913"}],"wp:featuredmedia":[{"embeddable":true,"href":"https:\/\/blogdoeloiltoncajuhy.com.br\/site\/wp-json\/wp\/v2\/media\/38912"}],"wp:attachment":[{"href":"https:\/\/blogdoeloiltoncajuhy.com.br\/site\/wp-json\/wp\/v2\/media?parent=38910"}],"wp:term":[{"taxonomy":"category","embeddable":true,"href":"https:\/\/blogdoeloiltoncajuhy.com.br\/site\/wp-json\/wp\/v2\/categories?post=38910"},{"taxonomy":"post_tag","embeddable":true,"href":"https:\/\/blogdoeloiltoncajuhy.com.br\/site\/wp-json\/wp\/v2\/tags?post=38910"}],"curies":[{"name":"wp","href":"https:\/\/api.w.org\/{rel}","templated":true}]}}