{"id":38907,"date":"2019-11-20T07:13:16","date_gmt":"2019-11-20T10:13:16","guid":{"rendered":"http:\/\/blogdoeloiltoncajuhy.com.br\/site\/?p=38907"},"modified":"2019-11-20T07:13:23","modified_gmt":"2019-11-20T10:13:23","slug":"uneb-realiza-7a-edicao-do-vem-me-ver-nos-dias-26-27-e-28-deste-mes","status":"publish","type":"post","link":"https:\/\/blogdoeloiltoncajuhy.com.br\/site\/uneb-realiza-7a-edicao-do-vem-me-ver-nos-dias-26-27-e-28-deste-mes\/","title":{"rendered":"UNEB realiza 7\u00aa edi\u00e7\u00e3o do \u201cVem Me Ver\u201d nos dias 26, 27 e 28 deste m\u00eas"},"content":{"rendered":"\n<p><strong>Lorena Simas<\/strong><br>Coordenadora do N\u00facleo de Assessoria de Comunica\u00e7\u00e3o (NAC-DEDC\/ UNEB)<\/p>\n\n\n\n<div class=\"wp-block-image\"><figure class=\"alignright is-resized\"><img fetchpriority=\"high\" decoding=\"async\" src=\"https:\/\/i1.wp.com\/blogdoeloiltoncajuhy.com.br\/site\/wp-content\/uploads\/2019\/11\/Uneb_VemMeVer.jpg?fit=590%2C852\" alt=\"\" class=\"wp-image-38908\" width=\"295\" height=\"426\" srcset=\"https:\/\/i0.wp.com\/blogdoeloiltoncajuhy.com.br\/site\/wp-content\/uploads\/2019\/11\/Uneb_VemMeVer.jpg?w=720&amp;ssl=1 720w, https:\/\/i0.wp.com\/blogdoeloiltoncajuhy.com.br\/site\/wp-content\/uploads\/2019\/11\/Uneb_VemMeVer.jpg?resize=208%2C300&amp;ssl=1 208w, https:\/\/i0.wp.com\/blogdoeloiltoncajuhy.com.br\/site\/wp-content\/uploads\/2019\/11\/Uneb_VemMeVer.jpg?resize=709%2C1024&amp;ssl=1 709w, https:\/\/i0.wp.com\/blogdoeloiltoncajuhy.com.br\/site\/wp-content\/uploads\/2019\/11\/Uneb_VemMeVer.jpg?resize=173%2C250&amp;ssl=1 173w\" sizes=\"(max-width: 295px) 100vw, 295px\" \/><\/figure><\/div>\n\n\n\n<p>Mesas redondas, palestras, oficinas, visitas aos laborat\u00f3rios, apresenta\u00e7\u00f5es culturais e exposi\u00e7\u00f5es fotogr\u00e1ficas far\u00e3o parte da 7\u00aa edi\u00e7\u00e3o do <strong><em>\u201cVem Me Ver\u201d<\/em><\/strong> do Departamento de Educa\u00e7\u00e3o (DEDC), Campus VII da UNEB. O evento acontecer\u00e1 nos dias 26, 27 e 28 de novembro, trazendo o tema <strong><em>\u201cPor uma universidade popular e democr\u00e1tica\u201d<\/em><\/strong>, com o objetivo de integrar saberes, espa\u00e7os, pessoas e conhecimentos.<\/p>\n\n\n\n<p>O \u201cVem Me Ver\u201d tem como princ\u00edpio a aproxima\u00e7\u00e3o da comunidade com a UNEB, desenvolvendo processos educacionais tendo os estudantes como protagonistas do caminho acad\u00eamico, destacando a produ\u00e7\u00e3o da ci\u00eancia e a rela\u00e7\u00e3o com a melhoria de vida da comunidade. Assim, a universidade se aproxima das escolas p\u00fablicas contribuindo para a educa\u00e7\u00e3o, ao inserir conhecimento cient\u00edfico no cotidiano de estudantes, professores e comunidade em geral.<\/p>\n\n\n\n<p>Durante o \u201cVem Me Ver\u201d, o DEDC VII da UNEB recebe escolas do Ensino Fundamental e M\u00e9dio que conhecem as instala\u00e7\u00f5es institucionais e visitam os stands vinculados \u00e0s atividades de ensino, pesquisa e extens\u00e3o dos cursos de Ci\u00eancias Biol\u00f3gicas, Ci\u00eancias Cont\u00e1beis, Enfermagem, Matem\u00e1tica, Pedagogia e Teatro. De acordo com a coordenadora do \u201cVem Me Ver\u201d, Rafaela Rocha, \u201cO evento tem o compromisso de reafirmar a import\u00e2ncia da UNEB &#8211; Campus VII no Territ\u00f3rio Piemonte Norte do Itapicuru. Por isso, \u00e9 muito importante que a comunidade participe e conhe\u00e7a o que UNEB pode oferecer\u201d.<\/p>\n\n\n\n<p>Os interessados podem se inscrever durante os dias do evento, atrav\u00e9s do endere\u00e7o eletr\u00f4nico: <a href=\"https:\/\/www.sge.uneb.br\/inicio\/detalhe\/2454?sigla=VMVVII&amp;nome=VEM+ME+VER+-+ANO+VII&amp;tipo=1\"><strong><em>https:\/\/www.sge.uneb.br\/inicio\/detalhe\/2454?sigla=VMVVII&amp;nome=VEM+ME+VER+-+ANO+VII&amp;tipo=1<\/em><\/strong><\/a> ou presencialmente. As inscri\u00e7\u00f5es s\u00e3o gratuitas.<\/p>\n\n\n\n<p>Confira a programa\u00e7\u00e3o completa no link dispon\u00edvel acima.<\/p>\n","protected":false},"excerpt":{"rendered":"<p>Lorena SimasCoordenadora do N\u00facleo de Assessoria de Comunica\u00e7\u00e3o (NAC-DEDC\/ UNEB) Mesas redondas, palestras, oficinas, visitas aos laborat\u00f3rios, apresenta\u00e7\u00f5es culturais e exposi\u00e7\u00f5es fotogr\u00e1ficas far\u00e3o parte da 7\u00aa edi\u00e7\u00e3o do \u201cVem Me Ver\u201d do Departamento de Educa\u00e7\u00e3o (DEDC), Campus VII da UNEB. O evento acontecer\u00e1 nos dias 26, 27 e 28 de novembro, trazendo o tema \u201cPor [&hellip;]<\/p>\n","protected":false},"author":2,"featured_media":38908,"comment_status":"open","ping_status":"open","sticky":false,"template":"","format":"standard","meta":{"_acf_changed":false,"_monsterinsights_skip_tracking":false,"_monsterinsights_sitenote_active":false,"_monsterinsights_sitenote_note":"","_monsterinsights_sitenote_category":0,"_jetpack_memberships_contains_paid_content":false,"footnotes":"","jetpack_publicize_message":"","jetpack_publicize_feature_enabled":true,"jetpack_social_post_already_shared":true,"jetpack_social_options":{"image_generator_settings":{"template":"highway","default_image_id":0,"font":"","enabled":false},"version":2}},"categories":[14,1,4],"tags":[],"class_list":["post-38907","post","type-post","status-publish","format-standard","has-post-thumbnail","hentry","category-educacao","category-noticias","category-local"],"acf":[],"jetpack_publicize_connections":[],"jetpack_featured_media_url":"https:\/\/i0.wp.com\/blogdoeloiltoncajuhy.com.br\/site\/wp-content\/uploads\/2019\/11\/Uneb_VemMeVer.jpg?fit=720%2C1040&ssl=1","jetpack_sharing_enabled":true,"publishpress_future_workflow_manual_trigger":{"enabledWorkflows":[]},"_links":{"self":[{"href":"https:\/\/blogdoeloiltoncajuhy.com.br\/site\/wp-json\/wp\/v2\/posts\/38907","targetHints":{"allow":["GET"]}}],"collection":[{"href":"https:\/\/blogdoeloiltoncajuhy.com.br\/site\/wp-json\/wp\/v2\/posts"}],"about":[{"href":"https:\/\/blogdoeloiltoncajuhy.com.br\/site\/wp-json\/wp\/v2\/types\/post"}],"author":[{"embeddable":true,"href":"https:\/\/blogdoeloiltoncajuhy.com.br\/site\/wp-json\/wp\/v2\/users\/2"}],"replies":[{"embeddable":true,"href":"https:\/\/blogdoeloiltoncajuhy.com.br\/site\/wp-json\/wp\/v2\/comments?post=38907"}],"version-history":[{"count":1,"href":"https:\/\/blogdoeloiltoncajuhy.com.br\/site\/wp-json\/wp\/v2\/posts\/38907\/revisions"}],"predecessor-version":[{"id":38909,"href":"https:\/\/blogdoeloiltoncajuhy.com.br\/site\/wp-json\/wp\/v2\/posts\/38907\/revisions\/38909"}],"wp:featuredmedia":[{"embeddable":true,"href":"https:\/\/blogdoeloiltoncajuhy.com.br\/site\/wp-json\/wp\/v2\/media\/38908"}],"wp:attachment":[{"href":"https:\/\/blogdoeloiltoncajuhy.com.br\/site\/wp-json\/wp\/v2\/media?parent=38907"}],"wp:term":[{"taxonomy":"category","embeddable":true,"href":"https:\/\/blogdoeloiltoncajuhy.com.br\/site\/wp-json\/wp\/v2\/categories?post=38907"},{"taxonomy":"post_tag","embeddable":true,"href":"https:\/\/blogdoeloiltoncajuhy.com.br\/site\/wp-json\/wp\/v2\/tags?post=38907"}],"curies":[{"name":"wp","href":"https:\/\/api.w.org\/{rel}","templated":true}]}}