{"id":38904,"date":"2019-11-20T06:58:31","date_gmt":"2019-11-20T09:58:31","guid":{"rendered":"http:\/\/blogdoeloiltoncajuhy.com.br\/site\/?p=38904"},"modified":"2019-11-20T06:58:37","modified_gmt":"2019-11-20T09:58:37","slug":"jaguarari-contas-do-prefeito-everton-rocha-sao-aprovadas-pelo-tcm","status":"publish","type":"post","link":"https:\/\/blogdoeloiltoncajuhy.com.br\/site\/jaguarari-contas-do-prefeito-everton-rocha-sao-aprovadas-pelo-tcm\/","title":{"rendered":"Jaguarari: Contas do prefeito Everton Rocha s\u00e3o aprovadas pelo TCM"},"content":{"rendered":"\n<p><strong>ASCOM &#8211; Prefeitura de Jaguarari-BA<\/strong><\/p>\n\n\n\n<div class=\"wp-block-image\"><figure class=\"aligncenter is-resized\"><img fetchpriority=\"high\" decoding=\"async\" src=\"https:\/\/i0.wp.com\/blogdoeloiltoncajuhy.com.br\/site\/wp-content\/uploads\/2019\/11\/PMJ_Contas2018Aprovadas.jpg?fit=590%2C590\" alt=\"\" class=\"wp-image-38905\" width=\"443\" height=\"443\" srcset=\"https:\/\/i0.wp.com\/blogdoeloiltoncajuhy.com.br\/site\/wp-content\/uploads\/2019\/11\/PMJ_Contas2018Aprovadas.jpg?w=1280&amp;ssl=1 1280w, https:\/\/i0.wp.com\/blogdoeloiltoncajuhy.com.br\/site\/wp-content\/uploads\/2019\/11\/PMJ_Contas2018Aprovadas.jpg?resize=150%2C150&amp;ssl=1 150w, https:\/\/i0.wp.com\/blogdoeloiltoncajuhy.com.br\/site\/wp-content\/uploads\/2019\/11\/PMJ_Contas2018Aprovadas.jpg?resize=300%2C300&amp;ssl=1 300w, https:\/\/i0.wp.com\/blogdoeloiltoncajuhy.com.br\/site\/wp-content\/uploads\/2019\/11\/PMJ_Contas2018Aprovadas.jpg?resize=768%2C768&amp;ssl=1 768w, https:\/\/i0.wp.com\/blogdoeloiltoncajuhy.com.br\/site\/wp-content\/uploads\/2019\/11\/PMJ_Contas2018Aprovadas.jpg?resize=1024%2C1024&amp;ssl=1 1024w, https:\/\/i0.wp.com\/blogdoeloiltoncajuhy.com.br\/site\/wp-content\/uploads\/2019\/11\/PMJ_Contas2018Aprovadas.jpg?resize=250%2C250&amp;ssl=1 250w, https:\/\/i0.wp.com\/blogdoeloiltoncajuhy.com.br\/site\/wp-content\/uploads\/2019\/11\/PMJ_Contas2018Aprovadas.jpg?resize=48%2C48&amp;ssl=1 48w\" sizes=\"(max-width: 443px) 100vw, 443px\" \/><\/figure><\/div>\n\n\n\n<p>O prefeito de Jaguarari, Everton Carvalho Rocha, obteve mais uma importante vit\u00f3ria. Nesta ter\u00e7a-feira (19), o Tribunal de Contas dos Munic\u00edpios \u2013 TCM, emitiu parecer pela aprova\u00e7\u00e3o, com ressalvas, das contas relativas ao exerc\u00edcio do ano de 2018. A gest\u00e3o iniciou o ano de 2018 com muita cautela, tendo um rigoroso controle no \u00edndice de pessoal.<\/p>\n\n\n\n<p>Assim que o governo foi retomado, ao final do ano, alguns ajustes se fizeram necess\u00e1rios para colocar um imenso controle nas contrata\u00e7\u00f5es para as contas de 2018. <em>&#8220;Eu como prefeito, sendo respons\u00e1vel, n\u00e3o poderia ter problemas com rejei\u00e7\u00e3o por conta de \u00edndice de pessoal e dispensas. Foi dif\u00edcil controlar um carro desgovernado, que foi assim que encontrei a prefeitura. Mas deu tudo certo, contas de 2018 de minha responsabilidade como prefeito, aprovadas!&#8221;<\/em>, comemorou Everton Rocha.<\/p>\n\n\n\n<p>Assim como foi relatado pelo conselheiro Raimundo Moreira, a condu\u00e7\u00e3o final do \u00faltimo quadrimestre, com rela\u00e7\u00e3o ao \u00edndice de pessoal, quando reduziu para 52, 83%, foi o fato primordial para a aprova\u00e7\u00e3o das contas de 2018, demonstrando assim mais uma vez, a compet\u00eancia e o comprometimento da atual gest\u00e3o com os recursos p\u00fablicos e com o povo de Jaguarari.<\/p>\n","protected":false},"excerpt":{"rendered":"<p>ASCOM &#8211; Prefeitura de Jaguarari-BA O prefeito de Jaguarari, Everton Carvalho Rocha, obteve mais uma importante vit\u00f3ria. Nesta ter\u00e7a-feira (19), o Tribunal de Contas dos Munic\u00edpios \u2013 TCM, emitiu parecer pela aprova\u00e7\u00e3o, com ressalvas, das contas relativas ao exerc\u00edcio do ano de 2018. A gest\u00e3o iniciou o ano de 2018 com muita cautela, tendo um [&hellip;]<\/p>\n","protected":false},"author":2,"featured_media":38905,"comment_status":"open","ping_status":"open","sticky":false,"template":"","format":"standard","meta":{"_acf_changed":false,"_monsterinsights_skip_tracking":false,"_monsterinsights_sitenote_active":false,"_monsterinsights_sitenote_note":"","_monsterinsights_sitenote_category":0,"_jetpack_memberships_contains_paid_content":false,"footnotes":"","jetpack_publicize_message":"","jetpack_publicize_feature_enabled":true,"jetpack_social_post_already_shared":true,"jetpack_social_options":{"image_generator_settings":{"template":"highway","default_image_id":0,"font":"","enabled":false},"version":2}},"categories":[1,3,11],"tags":[],"class_list":["post-38904","post","type-post","status-publish","format-standard","has-post-thumbnail","hentry","category-noticias","category-politica","category-regional"],"acf":[],"jetpack_publicize_connections":[],"jetpack_featured_media_url":"https:\/\/i0.wp.com\/blogdoeloiltoncajuhy.com.br\/site\/wp-content\/uploads\/2019\/11\/PMJ_Contas2018Aprovadas.jpg?fit=1280%2C1280&ssl=1","jetpack_sharing_enabled":true,"publishpress_future_workflow_manual_trigger":{"enabledWorkflows":[]},"_links":{"self":[{"href":"https:\/\/blogdoeloiltoncajuhy.com.br\/site\/wp-json\/wp\/v2\/posts\/38904","targetHints":{"allow":["GET"]}}],"collection":[{"href":"https:\/\/blogdoeloiltoncajuhy.com.br\/site\/wp-json\/wp\/v2\/posts"}],"about":[{"href":"https:\/\/blogdoeloiltoncajuhy.com.br\/site\/wp-json\/wp\/v2\/types\/post"}],"author":[{"embeddable":true,"href":"https:\/\/blogdoeloiltoncajuhy.com.br\/site\/wp-json\/wp\/v2\/users\/2"}],"replies":[{"embeddable":true,"href":"https:\/\/blogdoeloiltoncajuhy.com.br\/site\/wp-json\/wp\/v2\/comments?post=38904"}],"version-history":[{"count":1,"href":"https:\/\/blogdoeloiltoncajuhy.com.br\/site\/wp-json\/wp\/v2\/posts\/38904\/revisions"}],"predecessor-version":[{"id":38906,"href":"https:\/\/blogdoeloiltoncajuhy.com.br\/site\/wp-json\/wp\/v2\/posts\/38904\/revisions\/38906"}],"wp:featuredmedia":[{"embeddable":true,"href":"https:\/\/blogdoeloiltoncajuhy.com.br\/site\/wp-json\/wp\/v2\/media\/38905"}],"wp:attachment":[{"href":"https:\/\/blogdoeloiltoncajuhy.com.br\/site\/wp-json\/wp\/v2\/media?parent=38904"}],"wp:term":[{"taxonomy":"category","embeddable":true,"href":"https:\/\/blogdoeloiltoncajuhy.com.br\/site\/wp-json\/wp\/v2\/categories?post=38904"},{"taxonomy":"post_tag","embeddable":true,"href":"https:\/\/blogdoeloiltoncajuhy.com.br\/site\/wp-json\/wp\/v2\/tags?post=38904"}],"curies":[{"name":"wp","href":"https:\/\/api.w.org\/{rel}","templated":true}]}}