{"id":38872,"date":"2019-11-19T07:09:48","date_gmt":"2019-11-19T10:09:48","guid":{"rendered":"http:\/\/blogdoeloiltoncajuhy.com.br\/site\/?p=38872"},"modified":"2019-11-19T07:09:54","modified_gmt":"2019-11-19T10:09:54","slug":"estradas-da-bahia-registram-5-mortes-no-feriado-prolongado","status":"publish","type":"post","link":"https:\/\/blogdoeloiltoncajuhy.com.br\/site\/estradas-da-bahia-registram-5-mortes-no-feriado-prolongado\/","title":{"rendered":"Estradas da Bahia registram 5 mortes no feriado prolongado"},"content":{"rendered":"\n<h5 class=\"wp-block-heading\" style=\"text-align:center\"><em>Balan\u00e7o foi divulgado pelas Pol\u00edcias Rodovi\u00e1ria Federal e Estadual, nesta segunda-feira (18)<\/em><\/h5>\n\n\n\n<p><strong>Por G1 BA<\/strong><\/p>\n\n\n\n<div class=\"wp-block-image\"><figure class=\"aligncenter\"><img data-recalc-dims=\"1\" fetchpriority=\"high\" decoding=\"async\" width=\"800\" height=\"501\" src=\"https:\/\/i0.wp.com\/blogdoeloiltoncajuhy.com.br\/site\/wp-content\/uploads\/2019\/11\/preso-suspeita-de-estupro-.jpg?resize=800%2C501\" alt=\"\" class=\"wp-image-38873\" srcset=\"https:\/\/i0.wp.com\/blogdoeloiltoncajuhy.com.br\/site\/wp-content\/uploads\/2019\/11\/preso-suspeita-de-estupro-.jpg?w=984&amp;ssl=1 984w, https:\/\/i0.wp.com\/blogdoeloiltoncajuhy.com.br\/site\/wp-content\/uploads\/2019\/11\/preso-suspeita-de-estupro-.jpg?resize=300%2C188&amp;ssl=1 300w, https:\/\/i0.wp.com\/blogdoeloiltoncajuhy.com.br\/site\/wp-content\/uploads\/2019\/11\/preso-suspeita-de-estupro-.jpg?resize=768%2C481&amp;ssl=1 768w, https:\/\/i0.wp.com\/blogdoeloiltoncajuhy.com.br\/site\/wp-content\/uploads\/2019\/11\/preso-suspeita-de-estupro-.jpg?resize=250%2C157&amp;ssl=1 250w\" sizes=\"(max-width: 800px) 100vw, 800px\" \/><figcaption><em>Homem foi preso por suspeita de participar de estupro coletivo na cidade de Ribeira do Pombal \u2014 Foto: Divulga\u00e7\u00e3o\/PRF-BA<\/em><\/figcaption><\/figure><\/div>\n\n\n\n<p>As estradas baianas registraram cinco mortes durante o feriado prolongado da Proclama\u00e7\u00e3o da Rep\u00fablica, conforme balan\u00e7o divulgado pela Pol\u00edcias Rodovi\u00e1ria Federal e Estadual (PRF) e (PRE), nesta segunda-feira (18).<\/p>\n\n\n\n<p>Nas estradas federais que cortam o estado foram registrados 37 acidentes com 2 mortes e 40 feridos, segundo a PRF.<\/p>\n\n\n\n<p>O balan\u00e7o faz parte da Opera\u00e7\u00e3o Proclama\u00e7\u00e3o da Rep\u00fablica, iniciada na quinta-feira (14) e finalizada pela PRF \u00e0s 23h59 do domingo (17), e os dados correspondem \u00e0s ocorr\u00eancias registradas nesse intervalo.<\/p>\n\n\n\n<p>Dos 37 acidentes, 10 foram considerados graves, quando resultam em, pelo menos, um \u00f3bito ou ferido grave. O n\u00famero total de ocorr\u00eancias \u00e9 maior que o contabilizado em 2018, que teve 35 acidentes. A quantidade de acidentes graves tamb\u00e9m subiu de 8 para 10.<\/p>\n\n\n\n<p>A PRF aponta, no entanto, que houve uma redu\u00e7\u00e3o de 50% no n\u00famero de \u00f3bitos, se comparado com o mesmo per\u00edodo do ano passado, quando foram contabilizadas quatro mortes. Dados do balan\u00e7o apontam, ainda, queda de 15% no n\u00famero de pessoas feridos \u2014 em 2019, foram 47.<\/p>\n\n\n\n<p>Um dos acidentes com mortes ocorreu na tarde do domingo (17), na BR 242, em Cristopolis, na regi\u00e3o oeste da Bahia. Uma pessoa morreu ap\u00f3s o carro em que estava capotar no Km 682 da rodovia, informou a PRF. A v\u00edtima n\u00e3o teve identidade divulgada.<\/p>\n\n\n\n<p>O outro acidente com morte foi em um trecho da BR-242, no munic\u00edpio de Seabra, na Chapada Diamantina, na madrugada do s\u00e1bado (16). O condutor de uma moto, tamb\u00e9m sem identidade divulgada, morreu ap\u00f3s bater na parte traseira de um carro, na altura do Km 410 da rodovia.<\/p>\n\n\n\n<p>J\u00e1 nas rodovias estaduais, o Batalh\u00e3o de Pol\u00edcia Rodovi\u00e1ria (BPRv) da Pol\u00edcia Militar registrou 16 acidentes durante o feriad\u00e3o. Houve tr\u00eas mortes, cinco pessoas gravemente feridas e 13 com ferimentos leves.<\/p>\n\n\n\n<p>Conforme o balan\u00e7o, o n\u00famero de acidentes aumentou em rela\u00e7\u00e3o a 2018, quando foram registrados 10 casos. Este ano foram 16 acidentes. O n\u00famero de mortes foi o mesmo registrado durante o feriad\u00e3o do ano passado.<\/p>\n\n\n\n<p>J\u00e1 os n\u00fameros de feridos graves aumentou. Foram 5 esse ano e um no ano passado. Os registros de feridos com les\u00f5es leves diminuiu de 13 em 2018 para 8 este ano.<\/p>\n\n\n\n<p class=\"has-medium-font-size\"><strong>Infra\u00e7\u00f5es<\/strong><\/p>\n\n\n\n<p>Durante a opera\u00e7\u00e3o, a PRF disse que autuou 3.676 condutores por infra\u00e7\u00f5es diversas. Foram fiscalizados um total de 10.329 ve\u00edculos e 11.090 pessoas. Uma das infra\u00e7\u00f5es mais registradas foi ultrapassagem proibida. Foram 708 casos.<\/p>\n\n\n\n<p>A PRF disse ainda que, durante as abordagens, foram realizados 5.655 testes com etil\u00f4metro (baf\u00f4metro), que flagraram 119 condutores dirigindo sob efeito do \u00e1lcool, infra\u00e7\u00e3o grav\u00edssima, com multa de R$ 2.934,70.<\/p>\n\n\n\n<p>A PRF tamb\u00e9m emitiu 58 autos de infra\u00e7\u00e3o para motociclistas ou passageiro sem capacete e 6 motoristas foram flagrados trafegando manuseando o aparelho celular. Por infra\u00e7\u00f5es por conta do n\u00e3o uso de cinto de seguran\u00e7a, foram 253 autua\u00e7\u00f5es.<\/p>\n\n\n\n<p>Durante os quatro dias da opera\u00e7\u00e3o, a PRF ainda disse que recuperou 9 ve\u00edculos e 40 pessoas foram detidas por diversos crimes. Tamb\u00e9m foi respons\u00e1vel pela apreens\u00e3o de 100 kg de maconha. As abordagens resultaram ainda na apreens\u00e3o de uma arma de fogo.<\/p>\n\n\n\n<div class=\"wp-block-image\"><figure class=\"aligncenter\"><img data-recalc-dims=\"1\" decoding=\"async\" width=\"800\" height=\"445\" src=\"https:\/\/i0.wp.com\/blogdoeloiltoncajuhy.com.br\/site\/wp-content\/uploads\/2019\/11\/PRF-apreeensao-drogas-nov-2019.jpeg?resize=800%2C445\" alt=\"\" class=\"wp-image-38874\" srcset=\"https:\/\/i0.wp.com\/blogdoeloiltoncajuhy.com.br\/site\/wp-content\/uploads\/2019\/11\/PRF-apreeensao-drogas-nov-2019.jpeg?w=984&amp;ssl=1 984w, https:\/\/i0.wp.com\/blogdoeloiltoncajuhy.com.br\/site\/wp-content\/uploads\/2019\/11\/PRF-apreeensao-drogas-nov-2019.jpeg?resize=300%2C167&amp;ssl=1 300w, https:\/\/i0.wp.com\/blogdoeloiltoncajuhy.com.br\/site\/wp-content\/uploads\/2019\/11\/PRF-apreeensao-drogas-nov-2019.jpeg?resize=768%2C427&amp;ssl=1 768w, https:\/\/i0.wp.com\/blogdoeloiltoncajuhy.com.br\/site\/wp-content\/uploads\/2019\/11\/PRF-apreeensao-drogas-nov-2019.jpeg?resize=250%2C139&amp;ssl=1 250w\" sizes=\"(max-width: 800px) 100vw, 800px\" \/><figcaption><em>Droga foi encontrada quando ve\u00edculo passava pelo Km-677, da BR-116, altura de Jequi\u00e9 \u2014 Foto: Pol\u00edcia Rodovi\u00e1ria Federal (PRF)<\/em><\/figcaption><\/figure><\/div>\n\n\n\n<p class=\"has-medium-font-size\"><strong>Pris\u00f5es<\/strong><\/p>\n\n\n\n<p>Ainda segundo o \u00f3rg\u00e3o, na noite de domingo, uma mulher de 34 anos foi presa ap\u00f3s ser flagrada com 100 kg de maconha no Km 677 da BR 116, trecho do munic\u00edpio de Jequi\u00e9. A droga foi encontrada durante abordagem a um \u00f4nibus que seguia de S\u00e3o Paulo (SP) com destino a cidade alagoana de Arapiraca.<\/p>\n\n\n\n<p>No compartimento externo de bagagens, foram encontrados em duas malas 183 tabletes contendo a subst\u00e2ncia entorpecente. A PRF disse que, ao ser questionada, a mulher informou que recebeu o entorpecente na regi\u00e3o do Br\u00e1s em S\u00e3o Paulo (SP) e pretendia lev\u00e1-la at\u00e9 a capital sergipana de Aracaju. Disse ainda que receberia R$ 6 mil pelo transporte da droga.<\/p>\n\n\n\n<p>Tamb\u00e9m durante a opera\u00e7\u00e3o, um homem foragido da justi\u00e7a por suspeita de estupro coletivo foi preso, na tarde do domingo. A pris\u00e3o ocorreu durante fiscaliza\u00e7\u00e3o no Km 172 da BR 110, trecho do munic\u00edpio de Ribeira do Pombal. O suspeito estava em uma moto.<\/p>\n","protected":false},"excerpt":{"rendered":"<p>Balan\u00e7o foi divulgado pelas Pol\u00edcias Rodovi\u00e1ria Federal e Estadual, nesta segunda-feira (18) Por G1 BA As estradas baianas registraram cinco mortes durante o feriado prolongado da Proclama\u00e7\u00e3o da Rep\u00fablica, conforme balan\u00e7o divulgado pela Pol\u00edcias Rodovi\u00e1ria Federal e Estadual (PRF) e (PRE), nesta segunda-feira (18). Nas estradas federais que cortam o estado foram registrados 37 acidentes [&hellip;]<\/p>\n","protected":false},"author":2,"featured_media":38874,"comment_status":"open","ping_status":"open","sticky":false,"template":"","format":"standard","meta":{"_acf_changed":false,"_monsterinsights_skip_tracking":false,"_monsterinsights_sitenote_active":false,"_monsterinsights_sitenote_note":"","_monsterinsights_sitenote_category":0,"_jetpack_memberships_contains_paid_content":false,"footnotes":"","jetpack_publicize_message":"","jetpack_publicize_feature_enabled":true,"jetpack_social_post_already_shared":true,"jetpack_social_options":{"image_generator_settings":{"template":"highway","default_image_id":0,"font":"","enabled":false},"version":2}},"categories":[5,1],"tags":[],"class_list":["post-38872","post","type-post","status-publish","format-standard","has-post-thumbnail","hentry","category-cotidiano","category-noticias"],"acf":[],"jetpack_publicize_connections":[],"jetpack_featured_media_url":"https:\/\/i0.wp.com\/blogdoeloiltoncajuhy.com.br\/site\/wp-content\/uploads\/2019\/11\/PRF-apreeensao-drogas-nov-2019.jpeg?fit=984%2C547&ssl=1","jetpack_sharing_enabled":true,"publishpress_future_workflow_manual_trigger":{"enabledWorkflows":[]},"_links":{"self":[{"href":"https:\/\/blogdoeloiltoncajuhy.com.br\/site\/wp-json\/wp\/v2\/posts\/38872","targetHints":{"allow":["GET"]}}],"collection":[{"href":"https:\/\/blogdoeloiltoncajuhy.com.br\/site\/wp-json\/wp\/v2\/posts"}],"about":[{"href":"https:\/\/blogdoeloiltoncajuhy.com.br\/site\/wp-json\/wp\/v2\/types\/post"}],"author":[{"embeddable":true,"href":"https:\/\/blogdoeloiltoncajuhy.com.br\/site\/wp-json\/wp\/v2\/users\/2"}],"replies":[{"embeddable":true,"href":"https:\/\/blogdoeloiltoncajuhy.com.br\/site\/wp-json\/wp\/v2\/comments?post=38872"}],"version-history":[{"count":1,"href":"https:\/\/blogdoeloiltoncajuhy.com.br\/site\/wp-json\/wp\/v2\/posts\/38872\/revisions"}],"predecessor-version":[{"id":38875,"href":"https:\/\/blogdoeloiltoncajuhy.com.br\/site\/wp-json\/wp\/v2\/posts\/38872\/revisions\/38875"}],"wp:featuredmedia":[{"embeddable":true,"href":"https:\/\/blogdoeloiltoncajuhy.com.br\/site\/wp-json\/wp\/v2\/media\/38874"}],"wp:attachment":[{"href":"https:\/\/blogdoeloiltoncajuhy.com.br\/site\/wp-json\/wp\/v2\/media?parent=38872"}],"wp:term":[{"taxonomy":"category","embeddable":true,"href":"https:\/\/blogdoeloiltoncajuhy.com.br\/site\/wp-json\/wp\/v2\/categories?post=38872"},{"taxonomy":"post_tag","embeddable":true,"href":"https:\/\/blogdoeloiltoncajuhy.com.br\/site\/wp-json\/wp\/v2\/tags?post=38872"}],"curies":[{"name":"wp","href":"https:\/\/api.w.org\/{rel}","templated":true}]}}