{"id":38870,"date":"2019-11-18T22:01:01","date_gmt":"2019-11-19T01:01:01","guid":{"rendered":"http:\/\/blogdoeloiltoncajuhy.com.br\/site\/?p=38870"},"modified":"2019-11-18T22:01:06","modified_gmt":"2019-11-19T01:01:06","slug":"reflexao-nao-torne-os-problemas-maiores-do-que-sao","status":"publish","type":"post","link":"https:\/\/blogdoeloiltoncajuhy.com.br\/site\/reflexao-nao-torne-os-problemas-maiores-do-que-sao\/","title":{"rendered":"Reflex\u00e3o: N\u00e3o torne os problemas maiores do que s\u00e3o"},"content":{"rendered":"\n<p><strong>Mensagens Com Amor<\/strong><\/p>\n\n\n\n<div class=\"wp-block-image\"><figure class=\"aligncenter is-resized\"><img data-recalc-dims=\"1\" fetchpriority=\"high\" decoding=\"async\" src=\"https:\/\/i0.wp.com\/blogdoeloiltoncajuhy.com.br\/site\/wp-content\/uploads\/2019\/07\/Reflex%C3%A3o_0705.jpg?resize=479%2C319\" alt=\"\" class=\"wp-image-35730\" width=\"479\" height=\"319\" srcset=\"https:\/\/i0.wp.com\/blogdoeloiltoncajuhy.com.br\/site\/wp-content\/uploads\/2019\/07\/Reflex%C3%A3o_0705.jpg?w=638&amp;ssl=1 638w, https:\/\/i0.wp.com\/blogdoeloiltoncajuhy.com.br\/site\/wp-content\/uploads\/2019\/07\/Reflex%C3%A3o_0705.jpg?resize=300%2C200&amp;ssl=1 300w, https:\/\/i0.wp.com\/blogdoeloiltoncajuhy.com.br\/site\/wp-content\/uploads\/2019\/07\/Reflex%C3%A3o_0705.jpg?resize=250%2C167&amp;ssl=1 250w\" sizes=\"(max-width: 479px) 100vw, 479px\" \/><\/figure><\/div>\n\n\n\n<p style=\"text-align:center\" class=\"has-medium-font-size\"><strong>O al\u00edvio<\/strong><\/p>\n\n\n\n<p>Hoje sentimos dor, mas na semana que vem ela deixa de existir. J\u00e1 tentou pensar dessa forma? Quantas vezes o sofrimento parecia inacab\u00e1vel, at\u00e9 que enfim acabou? A supera\u00e7\u00e3o \u00e9 inerente a todos, s\u00f3 n\u00e3o torne os problemas maiores do que s\u00e3o.<\/p>\n\n\n\n<p style=\"text-align:center\" class=\"has-medium-font-size\"><strong>O meu lugar<\/strong><\/p>\n\n\n\n<p>O melhor da vida \u00e9 sentir a gratid\u00e3o de alcan\u00e7ar a posi\u00e7\u00e3o desejada depois que a tempestade passa. Talvez agora isso pare\u00e7a imposs\u00edvel de acontecer, mas voc\u00ea ver\u00e1 que acontece. Com paci\u00eancia e esfor\u00e7o, o seu cora\u00e7\u00e3o vai se aliviar e voc\u00ea vai estar exatamente onde quer estar.<\/p>\n\n\n\n<p style=\"text-align:center\" class=\"has-medium-font-size\"><strong>O rem\u00e9dio<\/strong><\/p>\n\n\n\n<p>Hoje a sensa\u00e7\u00e3o \u00e9 de que nunca vai passar, mas nunca se esque\u00e7a de que o tempo \u00e9 o melhor rem\u00e9dio e tem a capacidade de curar tudo. Respire fundo e tenha paci\u00eancia, pois, como diz o ditado, n\u00e3o h\u00e1 nada como um dia ap\u00f3s o outro.<\/p>\n","protected":false},"excerpt":{"rendered":"<p>Mensagens Com Amor O al\u00edvio Hoje sentimos dor, mas na semana que vem ela deixa de existir. J\u00e1 tentou pensar dessa forma? Quantas vezes o sofrimento parecia inacab\u00e1vel, at\u00e9 que enfim acabou? A supera\u00e7\u00e3o \u00e9 inerente a todos, s\u00f3 n\u00e3o torne os problemas maiores do que s\u00e3o. O meu lugar O melhor da vida \u00e9 [&hellip;]<\/p>\n","protected":false},"author":2,"featured_media":0,"comment_status":"open","ping_status":"open","sticky":false,"template":"","format":"standard","meta":{"_acf_changed":false,"_monsterinsights_skip_tracking":false,"_monsterinsights_sitenote_active":false,"_monsterinsights_sitenote_note":"","_monsterinsights_sitenote_category":0,"_jetpack_memberships_contains_paid_content":false,"footnotes":"","jetpack_publicize_message":"","jetpack_publicize_feature_enabled":true,"jetpack_social_post_already_shared":true,"jetpack_social_options":{"image_generator_settings":{"template":"highway","default_image_id":0,"font":"","enabled":false},"version":2}},"categories":[1,9],"tags":[],"class_list":["post-38870","post","type-post","status-publish","format-standard","hentry","category-noticias","category-reflexao"],"acf":[],"jetpack_publicize_connections":[],"jetpack_featured_media_url":"","jetpack_sharing_enabled":true,"publishpress_future_workflow_manual_trigger":{"enabledWorkflows":[]},"_links":{"self":[{"href":"https:\/\/blogdoeloiltoncajuhy.com.br\/site\/wp-json\/wp\/v2\/posts\/38870","targetHints":{"allow":["GET"]}}],"collection":[{"href":"https:\/\/blogdoeloiltoncajuhy.com.br\/site\/wp-json\/wp\/v2\/posts"}],"about":[{"href":"https:\/\/blogdoeloiltoncajuhy.com.br\/site\/wp-json\/wp\/v2\/types\/post"}],"author":[{"embeddable":true,"href":"https:\/\/blogdoeloiltoncajuhy.com.br\/site\/wp-json\/wp\/v2\/users\/2"}],"replies":[{"embeddable":true,"href":"https:\/\/blogdoeloiltoncajuhy.com.br\/site\/wp-json\/wp\/v2\/comments?post=38870"}],"version-history":[{"count":1,"href":"https:\/\/blogdoeloiltoncajuhy.com.br\/site\/wp-json\/wp\/v2\/posts\/38870\/revisions"}],"predecessor-version":[{"id":38871,"href":"https:\/\/blogdoeloiltoncajuhy.com.br\/site\/wp-json\/wp\/v2\/posts\/38870\/revisions\/38871"}],"wp:attachment":[{"href":"https:\/\/blogdoeloiltoncajuhy.com.br\/site\/wp-json\/wp\/v2\/media?parent=38870"}],"wp:term":[{"taxonomy":"category","embeddable":true,"href":"https:\/\/blogdoeloiltoncajuhy.com.br\/site\/wp-json\/wp\/v2\/categories?post=38870"},{"taxonomy":"post_tag","embeddable":true,"href":"https:\/\/blogdoeloiltoncajuhy.com.br\/site\/wp-json\/wp\/v2\/tags?post=38870"}],"curies":[{"name":"wp","href":"https:\/\/api.w.org\/{rel}","templated":true}]}}