{"id":38867,"date":"2019-11-18T19:43:23","date_gmt":"2019-11-18T22:43:23","guid":{"rendered":"http:\/\/blogdoeloiltoncajuhy.com.br\/site\/?p=38867"},"modified":"2019-11-18T19:43:29","modified_gmt":"2019-11-18T22:43:29","slug":"jaguarari-prefeitura-nas-comunidades-chega-a-localidade-de-macambira","status":"publish","type":"post","link":"https:\/\/blogdoeloiltoncajuhy.com.br\/site\/jaguarari-prefeitura-nas-comunidades-chega-a-localidade-de-macambira\/","title":{"rendered":"Jaguarari: Prefeitura nas comunidades chega \u00e0 localidade de Macambira"},"content":{"rendered":"\n<p><strong>ASCOM &#8211; Prefeitura de Jaguarari-BA<\/strong><\/p>\n\n\n\n<div class=\"wp-block-image\"><figure class=\"aligncenter is-resized\"><img fetchpriority=\"high\" decoding=\"async\" src=\"https:\/\/i1.wp.com\/blogdoeloiltoncajuhy.com.br\/site\/wp-content\/uploads\/2019\/11\/PMJ_PrefeituraComunidadesMacambira.jpg?fit=590%2C598\" alt=\"\" class=\"wp-image-38868\" width=\"443\" height=\"449\" srcset=\"https:\/\/i0.wp.com\/blogdoeloiltoncajuhy.com.br\/site\/wp-content\/uploads\/2019\/11\/PMJ_PrefeituraComunidadesMacambira.jpg?w=1189&amp;ssl=1 1189w, https:\/\/i0.wp.com\/blogdoeloiltoncajuhy.com.br\/site\/wp-content\/uploads\/2019\/11\/PMJ_PrefeituraComunidadesMacambira.jpg?resize=296%2C300&amp;ssl=1 296w, https:\/\/i0.wp.com\/blogdoeloiltoncajuhy.com.br\/site\/wp-content\/uploads\/2019\/11\/PMJ_PrefeituraComunidadesMacambira.jpg?resize=768%2C779&amp;ssl=1 768w, https:\/\/i0.wp.com\/blogdoeloiltoncajuhy.com.br\/site\/wp-content\/uploads\/2019\/11\/PMJ_PrefeituraComunidadesMacambira.jpg?resize=1010%2C1024&amp;ssl=1 1010w, https:\/\/i0.wp.com\/blogdoeloiltoncajuhy.com.br\/site\/wp-content\/uploads\/2019\/11\/PMJ_PrefeituraComunidadesMacambira.jpg?resize=246%2C250&amp;ssl=1 246w, https:\/\/i0.wp.com\/blogdoeloiltoncajuhy.com.br\/site\/wp-content\/uploads\/2019\/11\/PMJ_PrefeituraComunidadesMacambira.jpg?resize=48%2C48&amp;ssl=1 48w\" sizes=\"(max-width: 443px) 100vw, 443px\" \/><\/figure><\/div>\n\n\n\n<p>A prefeitura de Jaguarari, atrav\u00e9s de suas secretarias, levar\u00e1 para a localidade de Macambira nesta sexta-feira (22), o Programa Prefeitura nas Comunidades. A ida desse programa \u00e0 localidade possibilitar\u00e1 atender a v\u00e1rias demandas dos moradores e adjac\u00eancias.<\/p>\n\n\n\n<p>Durante a a\u00e7\u00e3o, os moradores ter\u00e3o acesso a diversos servi\u00e7os oferecidos pela gest\u00e3o municipal, atrav\u00e9s de suas secretarias, como vacina\u00e7\u00e3o, testes r\u00e1pidos, aferi\u00e7\u00e3o de press\u00e3o, ventosa terapia, exames laboratoriais, atendimento e atualiza\u00e7\u00e3o cadastral do programa Bolsa Fam\u00edlia, concess\u00e3o de Carteira do Idoso e Passe Livre, encaminhamento de segunda via de documentos e muito mais.<\/p>\n\n\n\n<p>Programa Prefeitura nas comunidades: \u00c9 a prefeitura de Jaguarari pertinho de voc\u00ea!<\/p>\n","protected":false},"excerpt":{"rendered":"<p>ASCOM &#8211; Prefeitura de Jaguarari-BA A prefeitura de Jaguarari, atrav\u00e9s de suas secretarias, levar\u00e1 para a localidade de Macambira nesta sexta-feira (22), o Programa Prefeitura nas Comunidades. A ida desse programa \u00e0 localidade possibilitar\u00e1 atender a v\u00e1rias demandas dos moradores e adjac\u00eancias. Durante a a\u00e7\u00e3o, os moradores ter\u00e3o acesso a diversos servi\u00e7os oferecidos pela gest\u00e3o [&hellip;]<\/p>\n","protected":false},"author":2,"featured_media":38868,"comment_status":"open","ping_status":"open","sticky":false,"template":"","format":"standard","meta":{"_acf_changed":false,"_monsterinsights_skip_tracking":false,"_monsterinsights_sitenote_active":false,"_monsterinsights_sitenote_note":"","_monsterinsights_sitenote_category":0,"_jetpack_memberships_contains_paid_content":false,"footnotes":"","jetpack_publicize_message":"","jetpack_publicize_feature_enabled":true,"jetpack_social_post_already_shared":true,"jetpack_social_options":{"image_generator_settings":{"template":"highway","default_image_id":0,"font":"","enabled":false},"version":2}},"categories":[1,3,11],"tags":[],"class_list":["post-38867","post","type-post","status-publish","format-standard","has-post-thumbnail","hentry","category-noticias","category-politica","category-regional"],"acf":[],"jetpack_publicize_connections":[],"jetpack_featured_media_url":"https:\/\/i0.wp.com\/blogdoeloiltoncajuhy.com.br\/site\/wp-content\/uploads\/2019\/11\/PMJ_PrefeituraComunidadesMacambira.jpg?fit=1189%2C1206&ssl=1","jetpack_sharing_enabled":true,"publishpress_future_workflow_manual_trigger":{"enabledWorkflows":[]},"_links":{"self":[{"href":"https:\/\/blogdoeloiltoncajuhy.com.br\/site\/wp-json\/wp\/v2\/posts\/38867","targetHints":{"allow":["GET"]}}],"collection":[{"href":"https:\/\/blogdoeloiltoncajuhy.com.br\/site\/wp-json\/wp\/v2\/posts"}],"about":[{"href":"https:\/\/blogdoeloiltoncajuhy.com.br\/site\/wp-json\/wp\/v2\/types\/post"}],"author":[{"embeddable":true,"href":"https:\/\/blogdoeloiltoncajuhy.com.br\/site\/wp-json\/wp\/v2\/users\/2"}],"replies":[{"embeddable":true,"href":"https:\/\/blogdoeloiltoncajuhy.com.br\/site\/wp-json\/wp\/v2\/comments?post=38867"}],"version-history":[{"count":1,"href":"https:\/\/blogdoeloiltoncajuhy.com.br\/site\/wp-json\/wp\/v2\/posts\/38867\/revisions"}],"predecessor-version":[{"id":38869,"href":"https:\/\/blogdoeloiltoncajuhy.com.br\/site\/wp-json\/wp\/v2\/posts\/38867\/revisions\/38869"}],"wp:featuredmedia":[{"embeddable":true,"href":"https:\/\/blogdoeloiltoncajuhy.com.br\/site\/wp-json\/wp\/v2\/media\/38868"}],"wp:attachment":[{"href":"https:\/\/blogdoeloiltoncajuhy.com.br\/site\/wp-json\/wp\/v2\/media?parent=38867"}],"wp:term":[{"taxonomy":"category","embeddable":true,"href":"https:\/\/blogdoeloiltoncajuhy.com.br\/site\/wp-json\/wp\/v2\/categories?post=38867"},{"taxonomy":"post_tag","embeddable":true,"href":"https:\/\/blogdoeloiltoncajuhy.com.br\/site\/wp-json\/wp\/v2\/tags?post=38867"}],"curies":[{"name":"wp","href":"https:\/\/api.w.org\/{rel}","templated":true}]}}