{"id":38864,"date":"2019-11-18T15:39:03","date_gmt":"2019-11-18T18:39:03","guid":{"rendered":"http:\/\/blogdoeloiltoncajuhy.com.br\/site\/?p=38864"},"modified":"2019-11-18T15:39:09","modified_gmt":"2019-11-18T18:39:09","slug":"pre-matriculas-da-rede-estadual-de-ensino-da-bahia-estao-abertas-pela-internet-veja-prazos","status":"publish","type":"post","link":"https:\/\/blogdoeloiltoncajuhy.com.br\/site\/pre-matriculas-da-rede-estadual-de-ensino-da-bahia-estao-abertas-pela-internet-veja-prazos\/","title":{"rendered":"Pr\u00e9-matr\u00edculas da rede estadual de ensino da Bahia est\u00e3o abertas pela internet; veja prazos"},"content":{"rendered":"\n<h5 class=\"wp-block-heading\" style=\"text-align:center\"><em>Cadastro vai ficar dispon\u00edvel at\u00e9 quarta-feira (20). Na quinta, come\u00e7a a renova\u00e7\u00e3o da matr\u00edcula para os estudantes com uma frequ\u00eancia regular no ano de 2019<\/em><\/h5>\n\n\n\n<p><strong>Por G1 BA<\/strong><\/p>\n\n\n\n<div class=\"wp-block-image\"><figure class=\"aligncenter\"><img data-recalc-dims=\"1\" fetchpriority=\"high\" decoding=\"async\" width=\"600\" height=\"288\" src=\"https:\/\/i0.wp.com\/blogdoeloiltoncajuhy.com.br\/site\/wp-content\/uploads\/2019\/11\/MatriculasRedeEstadual-2019-2020.jpg?resize=600%2C288\" alt=\"\" class=\"wp-image-38865\" srcset=\"https:\/\/i0.wp.com\/blogdoeloiltoncajuhy.com.br\/site\/wp-content\/uploads\/2019\/11\/MatriculasRedeEstadual-2019-2020.jpg?w=600&amp;ssl=1 600w, https:\/\/i0.wp.com\/blogdoeloiltoncajuhy.com.br\/site\/wp-content\/uploads\/2019\/11\/MatriculasRedeEstadual-2019-2020.jpg?resize=300%2C144&amp;ssl=1 300w, https:\/\/i0.wp.com\/blogdoeloiltoncajuhy.com.br\/site\/wp-content\/uploads\/2019\/11\/MatriculasRedeEstadual-2019-2020.jpg?resize=250%2C120&amp;ssl=1 250w\" sizes=\"(max-width: 600px) 100vw, 600px\" \/><figcaption><em>Abertas pr\u00e9-matr\u00edculas online para Educa\u00e7\u00e3o Inclusiva da rede estadual de ensino da Bahia \u2014 Foto: Divulga\u00e7\u00e3o\/SEC<\/em><\/figcaption><\/figure><\/div>\n\n\n\n<p>A pr\u00e9-matr\u00edcula de estudantes da Educa\u00e7\u00e3o Inclusiva, na rede estadual de ensino na Bahia, foi aberta nesta segunda-feira (18) e segue at\u00e9 quarta (20). O processo pode ser realizado pela internet, por meio do aplicativo SAC Digital ou pr\u00f3prio site do SAC.<\/p>\n\n\n\n<p>Os pais e respons\u00e1veis tamb\u00e9m podem fazer o cadastro da pr\u00e9-matr\u00edcula em uma unidade de ensino, mas a matr\u00edcula da rede estadual de ensino pode ser feita 100% online pelo aplicativo.<\/p>\n\n\n\n<p>Na quinta-feira (21), vai come\u00e7ar a renova\u00e7\u00e3o da matr\u00edcula para os estudantes com uma frequ\u00eancia regular no ano de 2019. O processo segue at\u00e9 o dia 10 de dezembro. Os estudantes j\u00e1 matriculados na rede estadual tamb\u00e9m poder\u00e3o optar por fazer a renova\u00e7\u00e3o da matr\u00edcula na pr\u00f3pria escola.<\/p>\n\n\n\n<p>Os alunos novos tamb\u00e9m poder\u00e3o utilizar o SAC Digital, mas a matr\u00edcula acontecer\u00e1 entre os dias 21 a 28 de janeiro de 2020. Ap\u00f3s o cadastro online, eles ter\u00e3o 24 horas para apresentar a documenta\u00e7\u00e3o necess\u00e1ria na escola matriculada.<\/p>\n\n\n\n<p class=\"has-medium-font-size\"><strong>Cadastro<\/strong><\/p>\n\n\n\n<p>Para realizar o cadastro, o estudante precisa acessar o SAC Digital (portal ou aplicativo) e clicar em \u201cCadastre-se\u201d no menu principal. Em seguida, \u00e9 s\u00f3 preencher um formul\u00e1rio. No campo \u201cE-mail\u201d, \u00e9 necess\u00e1rio informar um e-mail que o usu\u00e1rio costuma acessar e que lembra a senha.<\/p>\n\n\n\n<p>No final do cadastro, ser\u00e1 necess\u00e1rio acessar o e-mail para ativar a conta no SAC Digital. A matr\u00edcula s\u00f3 poder\u00e1 ser realizada mediante este cadastro.<\/p>\n","protected":false},"excerpt":{"rendered":"<p>Cadastro vai ficar dispon\u00edvel at\u00e9 quarta-feira (20). Na quinta, come\u00e7a a renova\u00e7\u00e3o da matr\u00edcula para os estudantes com uma frequ\u00eancia regular no ano de 2019 Por G1 BA A pr\u00e9-matr\u00edcula de estudantes da Educa\u00e7\u00e3o Inclusiva, na rede estadual de ensino na Bahia, foi aberta nesta segunda-feira (18) e segue at\u00e9 quarta (20). O processo pode [&hellip;]<\/p>\n","protected":false},"author":2,"featured_media":38865,"comment_status":"open","ping_status":"open","sticky":false,"template":"","format":"standard","meta":{"_acf_changed":false,"_monsterinsights_skip_tracking":false,"_monsterinsights_sitenote_active":false,"_monsterinsights_sitenote_note":"","_monsterinsights_sitenote_category":0,"_jetpack_memberships_contains_paid_content":false,"footnotes":"","jetpack_publicize_message":"","jetpack_publicize_feature_enabled":true,"jetpack_social_post_already_shared":true,"jetpack_social_options":{"image_generator_settings":{"template":"highway","default_image_id":0,"font":"","enabled":false},"version":2}},"categories":[14,1],"tags":[],"class_list":["post-38864","post","type-post","status-publish","format-standard","has-post-thumbnail","hentry","category-educacao","category-noticias"],"acf":[],"jetpack_publicize_connections":[],"jetpack_featured_media_url":"https:\/\/i0.wp.com\/blogdoeloiltoncajuhy.com.br\/site\/wp-content\/uploads\/2019\/11\/MatriculasRedeEstadual-2019-2020.jpg?fit=600%2C288&ssl=1","jetpack_sharing_enabled":true,"publishpress_future_workflow_manual_trigger":{"enabledWorkflows":[]},"_links":{"self":[{"href":"https:\/\/blogdoeloiltoncajuhy.com.br\/site\/wp-json\/wp\/v2\/posts\/38864","targetHints":{"allow":["GET"]}}],"collection":[{"href":"https:\/\/blogdoeloiltoncajuhy.com.br\/site\/wp-json\/wp\/v2\/posts"}],"about":[{"href":"https:\/\/blogdoeloiltoncajuhy.com.br\/site\/wp-json\/wp\/v2\/types\/post"}],"author":[{"embeddable":true,"href":"https:\/\/blogdoeloiltoncajuhy.com.br\/site\/wp-json\/wp\/v2\/users\/2"}],"replies":[{"embeddable":true,"href":"https:\/\/blogdoeloiltoncajuhy.com.br\/site\/wp-json\/wp\/v2\/comments?post=38864"}],"version-history":[{"count":1,"href":"https:\/\/blogdoeloiltoncajuhy.com.br\/site\/wp-json\/wp\/v2\/posts\/38864\/revisions"}],"predecessor-version":[{"id":38866,"href":"https:\/\/blogdoeloiltoncajuhy.com.br\/site\/wp-json\/wp\/v2\/posts\/38864\/revisions\/38866"}],"wp:featuredmedia":[{"embeddable":true,"href":"https:\/\/blogdoeloiltoncajuhy.com.br\/site\/wp-json\/wp\/v2\/media\/38865"}],"wp:attachment":[{"href":"https:\/\/blogdoeloiltoncajuhy.com.br\/site\/wp-json\/wp\/v2\/media?parent=38864"}],"wp:term":[{"taxonomy":"category","embeddable":true,"href":"https:\/\/blogdoeloiltoncajuhy.com.br\/site\/wp-json\/wp\/v2\/categories?post=38864"},{"taxonomy":"post_tag","embeddable":true,"href":"https:\/\/blogdoeloiltoncajuhy.com.br\/site\/wp-json\/wp\/v2\/tags?post=38864"}],"curies":[{"name":"wp","href":"https:\/\/api.w.org\/{rel}","templated":true}]}}