{"id":38857,"date":"2019-11-18T10:13:25","date_gmt":"2019-11-18T13:13:25","guid":{"rendered":"http:\/\/blogdoeloiltoncajuhy.com.br\/site\/?p=38857"},"modified":"2019-11-18T10:13:32","modified_gmt":"2019-11-18T13:13:32","slug":"1a-feirinha-livre-noturna-de-jaguarari-reune-agricultura-familiar-artesanato-e-gastronomia","status":"publish","type":"post","link":"https:\/\/blogdoeloiltoncajuhy.com.br\/site\/1a-feirinha-livre-noturna-de-jaguarari-reune-agricultura-familiar-artesanato-e-gastronomia\/","title":{"rendered":"1\u00aa Feirinha Livre Noturna de Jaguarari re\u00fane agricultura familiar, artesanato e gastronomia"},"content":{"rendered":"\n<p><strong>ASCOM &#8211; Prefeitura de Jaguarari-BA<\/strong><\/p>\n\n\n\n<div class=\"wp-block-image\"><figure class=\"aligncenter is-resized\"><img data-recalc-dims=\"1\" fetchpriority=\"high\" decoding=\"async\" src=\"https:\/\/i0.wp.com\/blogdoeloiltoncajuhy.com.br\/site\/wp-content\/uploads\/2019\/11\/PMJ_FeiraLivreNoturna-01.jpg?resize=480%2C360\" alt=\"\" class=\"wp-image-38858\" width=\"480\" height=\"360\" srcset=\"https:\/\/i0.wp.com\/blogdoeloiltoncajuhy.com.br\/site\/wp-content\/uploads\/2019\/11\/PMJ_FeiraLivreNoturna-01.jpg?w=960&amp;ssl=1 960w, https:\/\/i0.wp.com\/blogdoeloiltoncajuhy.com.br\/site\/wp-content\/uploads\/2019\/11\/PMJ_FeiraLivreNoturna-01.jpg?resize=300%2C225&amp;ssl=1 300w, https:\/\/i0.wp.com\/blogdoeloiltoncajuhy.com.br\/site\/wp-content\/uploads\/2019\/11\/PMJ_FeiraLivreNoturna-01.jpg?resize=768%2C576&amp;ssl=1 768w, https:\/\/i0.wp.com\/blogdoeloiltoncajuhy.com.br\/site\/wp-content\/uploads\/2019\/11\/PMJ_FeiraLivreNoturna-01.jpg?resize=250%2C188&amp;ssl=1 250w\" sizes=\"(max-width: 480px) 100vw, 480px\" \/><\/figure><\/div>\n\n\n\n<p>Na \u00faltima quinta-feira (14), aconteceu com grande sucesso a 1\u00aa Feirinha Livre Noturna de Jaguarari. O evento realizado na Pra\u00e7a Alfredo Viana, foi organizado pela prefeitura de Jaguarari atrav\u00e9s da Secretaria de Agricultura e teve como objetivo fortalecer a economia, valorizando a agricultura familiar, o artesanato e a culin\u00e1ria local.<\/p>\n\n\n\n<p><em>\u201cO projeto da feirinha livre noturna \u00e9 bom para o produtor rural, artes\u00e3o e vendedor de alimentos que comercializar\u00e3o seus produtos. Bom para o consumidor, que ter\u00e1 acesso a um hor\u00e1rio diferenciado para realizar suas compras e excelente para a cidade que ter\u00e1 o seu espa\u00e7o p\u00fablico ocupado de forma saud\u00e1vel \u00e0 noite\u201d<\/em>, salientou o prefeito Everton Rocha.<\/p>\n\n\n\n<div class=\"wp-block-image\"><figure class=\"aligncenter is-resized\"><img data-recalc-dims=\"1\" decoding=\"async\" src=\"https:\/\/i0.wp.com\/blogdoeloiltoncajuhy.com.br\/site\/wp-content\/uploads\/2019\/11\/PMJ_FeiraLivreNoturna-02.jpg?resize=360%2C480\" alt=\"\" class=\"wp-image-38859\" width=\"360\" height=\"480\" srcset=\"https:\/\/i0.wp.com\/blogdoeloiltoncajuhy.com.br\/site\/wp-content\/uploads\/2019\/11\/PMJ_FeiraLivreNoturna-02.jpg?w=720&amp;ssl=1 720w, https:\/\/i0.wp.com\/blogdoeloiltoncajuhy.com.br\/site\/wp-content\/uploads\/2019\/11\/PMJ_FeiraLivreNoturna-02.jpg?resize=225%2C300&amp;ssl=1 225w, https:\/\/i0.wp.com\/blogdoeloiltoncajuhy.com.br\/site\/wp-content\/uploads\/2019\/11\/PMJ_FeiraLivreNoturna-02.jpg?resize=188%2C250&amp;ssl=1 188w\" sizes=\"(max-width: 360px) 100vw, 360px\" \/><\/figure><\/div>\n\n\n\n<p>O mun\u00edcipe que foi at\u00e9 a feira teve a sua disposi\u00e7\u00e3o barracas com produtos da agricultura familiar, como frutas, verduras, legumes e hortali\u00e7as, artesanatos em couro, vidro, tecido, pinturas em telas, etc. Tamb\u00e9m foram comercializados alimentos, como doces, salgados, entre outros. O espa\u00e7o contou tamb\u00e9m com m\u00fasica ao vivo. O munic\u00edpio passou a contar com mais uma op\u00e7\u00e3o para a compra de produtos, alem de utilizar o local para o lazer com sua fam\u00edlia.<\/p>\n\n\n\n<p>Segundo a secret\u00e1ria de Agricultura, Luciana Souza, a primeira feira noturna foi um sucesso e a ideia agora \u00e9 realizar a cada 15 dias. <em>&#8220;Sentindo a necessidade dos comerciantes poderemos estudar a realiza\u00e7\u00e3o da feira por mais vezes&#8221;<\/em>.<\/p>\n\n\n\n<p>O senhor Ricardo Fagundes, que estava visitando parentes em Jaguarari, aproveitou para comprar produtos org\u00e2nicos na feira. <em>\u201cGosto de consumir verduras e legumes org\u00e2nicos. Hoje encontrei aqui na feira noturna e vou levar pra minha casa em Juazeiro\u201d<\/em>, disse o visitante.<\/p>\n\n\n\n<div class=\"wp-block-image\"><figure class=\"aligncenter is-resized\"><img data-recalc-dims=\"1\" decoding=\"async\" src=\"https:\/\/i0.wp.com\/blogdoeloiltoncajuhy.com.br\/site\/wp-content\/uploads\/2019\/11\/PMJ_FeiraLivreNoturna-03.jpg?resize=480%2C360\" alt=\"\" class=\"wp-image-38860\" width=\"480\" height=\"360\" srcset=\"https:\/\/i0.wp.com\/blogdoeloiltoncajuhy.com.br\/site\/wp-content\/uploads\/2019\/11\/PMJ_FeiraLivreNoturna-03.jpg?w=960&amp;ssl=1 960w, https:\/\/i0.wp.com\/blogdoeloiltoncajuhy.com.br\/site\/wp-content\/uploads\/2019\/11\/PMJ_FeiraLivreNoturna-03.jpg?resize=300%2C225&amp;ssl=1 300w, https:\/\/i0.wp.com\/blogdoeloiltoncajuhy.com.br\/site\/wp-content\/uploads\/2019\/11\/PMJ_FeiraLivreNoturna-03.jpg?resize=768%2C576&amp;ssl=1 768w, https:\/\/i0.wp.com\/blogdoeloiltoncajuhy.com.br\/site\/wp-content\/uploads\/2019\/11\/PMJ_FeiraLivreNoturna-03.jpg?resize=250%2C188&amp;ssl=1 250w\" sizes=\"(max-width: 480px) 100vw, 480px\" \/><\/figure><\/div>\n","protected":false},"excerpt":{"rendered":"<p>ASCOM &#8211; Prefeitura de Jaguarari-BA Na \u00faltima quinta-feira (14), aconteceu com grande sucesso a 1\u00aa Feirinha Livre Noturna de Jaguarari. O evento realizado na Pra\u00e7a Alfredo Viana, foi organizado pela prefeitura de Jaguarari atrav\u00e9s da Secretaria de Agricultura e teve como objetivo fortalecer a economia, valorizando a agricultura familiar, o artesanato e a culin\u00e1ria local. [&hellip;]<\/p>\n","protected":false},"author":2,"featured_media":38860,"comment_status":"open","ping_status":"open","sticky":false,"template":"","format":"standard","meta":{"_acf_changed":false,"_monsterinsights_skip_tracking":false,"_monsterinsights_sitenote_active":false,"_monsterinsights_sitenote_note":"","_monsterinsights_sitenote_category":0,"_jetpack_memberships_contains_paid_content":false,"footnotes":"","jetpack_publicize_message":"","jetpack_publicize_feature_enabled":true,"jetpack_social_post_already_shared":true,"jetpack_social_options":{"image_generator_settings":{"template":"highway","default_image_id":0,"font":"","enabled":false},"version":2}},"categories":[1,3,11],"tags":[],"class_list":["post-38857","post","type-post","status-publish","format-standard","has-post-thumbnail","hentry","category-noticias","category-politica","category-regional"],"acf":[],"jetpack_publicize_connections":[],"jetpack_featured_media_url":"https:\/\/i0.wp.com\/blogdoeloiltoncajuhy.com.br\/site\/wp-content\/uploads\/2019\/11\/PMJ_FeiraLivreNoturna-03.jpg?fit=960%2C720&ssl=1","jetpack_sharing_enabled":true,"publishpress_future_workflow_manual_trigger":{"enabledWorkflows":[]},"_links":{"self":[{"href":"https:\/\/blogdoeloiltoncajuhy.com.br\/site\/wp-json\/wp\/v2\/posts\/38857","targetHints":{"allow":["GET"]}}],"collection":[{"href":"https:\/\/blogdoeloiltoncajuhy.com.br\/site\/wp-json\/wp\/v2\/posts"}],"about":[{"href":"https:\/\/blogdoeloiltoncajuhy.com.br\/site\/wp-json\/wp\/v2\/types\/post"}],"author":[{"embeddable":true,"href":"https:\/\/blogdoeloiltoncajuhy.com.br\/site\/wp-json\/wp\/v2\/users\/2"}],"replies":[{"embeddable":true,"href":"https:\/\/blogdoeloiltoncajuhy.com.br\/site\/wp-json\/wp\/v2\/comments?post=38857"}],"version-history":[{"count":1,"href":"https:\/\/blogdoeloiltoncajuhy.com.br\/site\/wp-json\/wp\/v2\/posts\/38857\/revisions"}],"predecessor-version":[{"id":38861,"href":"https:\/\/blogdoeloiltoncajuhy.com.br\/site\/wp-json\/wp\/v2\/posts\/38857\/revisions\/38861"}],"wp:featuredmedia":[{"embeddable":true,"href":"https:\/\/blogdoeloiltoncajuhy.com.br\/site\/wp-json\/wp\/v2\/media\/38860"}],"wp:attachment":[{"href":"https:\/\/blogdoeloiltoncajuhy.com.br\/site\/wp-json\/wp\/v2\/media?parent=38857"}],"wp:term":[{"taxonomy":"category","embeddable":true,"href":"https:\/\/blogdoeloiltoncajuhy.com.br\/site\/wp-json\/wp\/v2\/categories?post=38857"},{"taxonomy":"post_tag","embeddable":true,"href":"https:\/\/blogdoeloiltoncajuhy.com.br\/site\/wp-json\/wp\/v2\/tags?post=38857"}],"curies":[{"name":"wp","href":"https:\/\/api.w.org\/{rel}","templated":true}]}}