{"id":38783,"date":"2019-11-14T11:16:46","date_gmt":"2019-11-14T14:16:46","guid":{"rendered":"http:\/\/blogdoeloiltoncajuhy.com.br\/site\/?p=38783"},"modified":"2019-11-14T11:16:52","modified_gmt":"2019-11-14T14:16:52","slug":"suspeito-de-assassinar-crianca-de-5-anos-em-juazeiro-na-ba-e-preso-na-orla-de-petrolina-em-pe","status":"publish","type":"post","link":"https:\/\/blogdoeloiltoncajuhy.com.br\/site\/suspeito-de-assassinar-crianca-de-5-anos-em-juazeiro-na-ba-e-preso-na-orla-de-petrolina-em-pe\/","title":{"rendered":"Suspeito de assassinar crian\u00e7a de 5 anos em Juazeiro na BA \u00e9 preso na Orla de Petrolina, em PE"},"content":{"rendered":"\n<h5 class=\"wp-block-heading\" style=\"text-align:center\"><em>O homicida foi identificado por um policial do 2\u00ba Biesp que estava de servi\u00e7o na Orla de Petrolina, no Sert\u00e3o de Pernambuco. Ap\u00f3s uma persegui\u00e7\u00e3o, ele foi capturado<\/em><\/h5>\n\n\n\n<p><strong>Por G1 Petrolina<\/strong><\/p>\n\n\n\n<div class=\"wp-block-image\"><figure class=\"aligncenter is-resized\"><img fetchpriority=\"high\" decoding=\"async\" src=\"https:\/\/i1.wp.com\/blogdoeloiltoncajuhy.com.br\/site\/wp-content\/uploads\/2019\/11\/patrick-juazeiro-crime.jpg?fit=590%2C787\" alt=\"\" class=\"wp-image-38784\" width=\"443\" height=\"590\" srcset=\"https:\/\/i0.wp.com\/blogdoeloiltoncajuhy.com.br\/site\/wp-content\/uploads\/2019\/11\/patrick-juazeiro-crime.jpg?w=984&amp;ssl=1 984w, https:\/\/i0.wp.com\/blogdoeloiltoncajuhy.com.br\/site\/wp-content\/uploads\/2019\/11\/patrick-juazeiro-crime.jpg?resize=225%2C300&amp;ssl=1 225w, https:\/\/i0.wp.com\/blogdoeloiltoncajuhy.com.br\/site\/wp-content\/uploads\/2019\/11\/patrick-juazeiro-crime.jpg?resize=768%2C1024&amp;ssl=1 768w, https:\/\/i0.wp.com\/blogdoeloiltoncajuhy.com.br\/site\/wp-content\/uploads\/2019\/11\/patrick-juazeiro-crime.jpg?resize=188%2C250&amp;ssl=1 188w\" sizes=\"(max-width: 443px) 100vw, 443px\" \/><figcaption><em>Suspeito de assassinado crian\u00e7a de cinco anos na BA \u00e9 preso na Orla de Petrolina \u2014 Foto: Divulga\u00e7\u00e3o\/ Redes Sociais<\/em><\/figcaption><\/figure><\/div>\n\n\n\n<p>A Pol\u00edcia Militar prendeu em flagrante na noite de quarta-feira (13), na Orla de Petrolina, no Sert\u00e3o de Pernambuco, o suspeito de ter assassinado uma crian\u00e7a de cinco anos, na tarde do mesmo dia, na cidade vizinha, Juazeiro, na Bahia. De acordo 2\u00ba Batalh\u00e3o Integrado Especializado (2\u00ba Biesp), <strong>Patrick de Souza Bezerra<\/strong>, foi identificado por um policial que estava de servi\u00e7o, e, ap\u00f3s uma persegui\u00e7\u00e3o, capturado. Ele estava sozinho e desarmado.<\/p>\n\n\n\n<p><em>&#8220;O homic\u00eddio aconteceu em Juazeiro, o homicida mora l\u00e1, mas ele fugiu para Petrolina. Segundo informa\u00e7\u00f5es, dizem que ele ia tentar fugir com a mulher, mas n\u00e3o conseguiu e foi para Petrolina. Um policial nosso de servi\u00e7o, recebeu as informa\u00e7\u00f5es que esse indiv\u00edduo estaria aqui e ele visualizou o fugitivo descendo de um mototaxi e deu voz de pris\u00e3o. O individuo saiu correndo e nosso policial saiu em persegui\u00e7\u00e3o e conseguiu captur\u00e1-lo&#8221;<\/em>, explicou o oficial de Comunica\u00e7\u00e3o Social do 2\u00ba Biesp, tenente Welligton, Salvatore.<\/p>\n\n\n\n<p>Ap\u00f3s confirmada a identidade do criminoso pela Pol\u00edcia Civil da Bahia, o suspeito foi conduzido pelo 2\u00b0Biesp at\u00e9 uma delegacia de Pol\u00edcia Civil em Juazeiro, para ser realizado o auto de pris\u00e3o em flagrante. O suspeito vai ser apresentado a audi\u00eancia de cust\u00f3dia.<\/p>\n\n\n\n<p>Ainda segundo o tenente Salvatore, possivelmente se trata de um crime passional. Patrick de Souza Bezerra, juntamente com seu comparsa, em uma moto, emboscaram um jovem para mat\u00e1-lo. Na a\u00e7\u00e3o, eles atingiram o enteado do rapaz, <strong>Pedro Davi Lima Camargo Midon<\/strong>, de cinco anos de idade, que n\u00e3o resistiu e morreu.<\/p>\n\n\n\n<p class=\"has-medium-font-size\"><strong>O Crime<\/strong><\/p>\n\n\n\n<p>O crime ocorreu na quarta-feira (13), por volta das 15h, na Rua Seis, no bairro Alto da Maravilha em Juazeiro, na Bahia. De acordo com a pol\u00edcia, dois homens chegaram em uma moto e atiraram na dire\u00e7\u00e3o da v\u00edtima, Pedro Davi Lima Camargo Midon, que estava em uma moto com o namorado da m\u00e3e, na porta de casa. Os dois foram atingidos por disparos de arma de fogo e socorridos por uma equipe do Servi\u00e7o de Atendimento M\u00f3vel de Urg\u00eancia (Samu). O jovem de 18 anos foi atingido de rasp\u00e3o, atendido e liberado. A crian\u00e7a n\u00e3o resistiu e morreu.<\/p>\n\n\n\n<p>O corpo do menino foi levado para o Instituto M\u00e9dico Legal (IML) do munic\u00edpio. O caso est\u00e1 sendo investigado pela delegacia de Juazeiro, na Bahia.<\/p>\n","protected":false},"excerpt":{"rendered":"<p>O homicida foi identificado por um policial do 2\u00ba Biesp que estava de servi\u00e7o na Orla de Petrolina, no Sert\u00e3o de Pernambuco. Ap\u00f3s uma persegui\u00e7\u00e3o, ele foi capturado Por G1 Petrolina A Pol\u00edcia Militar prendeu em flagrante na noite de quarta-feira (13), na Orla de Petrolina, no Sert\u00e3o de Pernambuco, o suspeito de ter assassinado [&hellip;]<\/p>\n","protected":false},"author":2,"featured_media":38784,"comment_status":"open","ping_status":"open","sticky":false,"template":"","format":"standard","meta":{"_acf_changed":false,"_monsterinsights_skip_tracking":false,"_monsterinsights_sitenote_active":false,"_monsterinsights_sitenote_note":"","_monsterinsights_sitenote_category":0,"_jetpack_memberships_contains_paid_content":false,"footnotes":"","jetpack_publicize_message":"","jetpack_publicize_feature_enabled":true,"jetpack_social_post_already_shared":true,"jetpack_social_options":{"image_generator_settings":{"template":"highway","default_image_id":0,"font":"","enabled":false},"version":2}},"categories":[5,1],"tags":[],"class_list":["post-38783","post","type-post","status-publish","format-standard","has-post-thumbnail","hentry","category-cotidiano","category-noticias"],"acf":[],"jetpack_publicize_connections":[],"jetpack_featured_media_url":"https:\/\/i0.wp.com\/blogdoeloiltoncajuhy.com.br\/site\/wp-content\/uploads\/2019\/11\/patrick-juazeiro-crime.jpg?fit=984%2C1312&ssl=1","jetpack_sharing_enabled":true,"publishpress_future_workflow_manual_trigger":{"enabledWorkflows":[]},"_links":{"self":[{"href":"https:\/\/blogdoeloiltoncajuhy.com.br\/site\/wp-json\/wp\/v2\/posts\/38783","targetHints":{"allow":["GET"]}}],"collection":[{"href":"https:\/\/blogdoeloiltoncajuhy.com.br\/site\/wp-json\/wp\/v2\/posts"}],"about":[{"href":"https:\/\/blogdoeloiltoncajuhy.com.br\/site\/wp-json\/wp\/v2\/types\/post"}],"author":[{"embeddable":true,"href":"https:\/\/blogdoeloiltoncajuhy.com.br\/site\/wp-json\/wp\/v2\/users\/2"}],"replies":[{"embeddable":true,"href":"https:\/\/blogdoeloiltoncajuhy.com.br\/site\/wp-json\/wp\/v2\/comments?post=38783"}],"version-history":[{"count":1,"href":"https:\/\/blogdoeloiltoncajuhy.com.br\/site\/wp-json\/wp\/v2\/posts\/38783\/revisions"}],"predecessor-version":[{"id":38785,"href":"https:\/\/blogdoeloiltoncajuhy.com.br\/site\/wp-json\/wp\/v2\/posts\/38783\/revisions\/38785"}],"wp:featuredmedia":[{"embeddable":true,"href":"https:\/\/blogdoeloiltoncajuhy.com.br\/site\/wp-json\/wp\/v2\/media\/38784"}],"wp:attachment":[{"href":"https:\/\/blogdoeloiltoncajuhy.com.br\/site\/wp-json\/wp\/v2\/media?parent=38783"}],"wp:term":[{"taxonomy":"category","embeddable":true,"href":"https:\/\/blogdoeloiltoncajuhy.com.br\/site\/wp-json\/wp\/v2\/categories?post=38783"},{"taxonomy":"post_tag","embeddable":true,"href":"https:\/\/blogdoeloiltoncajuhy.com.br\/site\/wp-json\/wp\/v2\/tags?post=38783"}],"curies":[{"name":"wp","href":"https:\/\/api.w.org\/{rel}","templated":true}]}}