{"id":38780,"date":"2019-11-14T11:03:45","date_gmt":"2019-11-14T14:03:45","guid":{"rendered":"http:\/\/blogdoeloiltoncajuhy.com.br\/site\/?p=38780"},"modified":"2019-11-14T11:03:50","modified_gmt":"2019-11-14T14:03:50","slug":"atraves-do-projeto-amparo-prefeitura-de-jaguarari-dara-assistencia-psicologica-aos-alunos-da-rede-municipal","status":"publish","type":"post","link":"https:\/\/blogdoeloiltoncajuhy.com.br\/site\/atraves-do-projeto-amparo-prefeitura-de-jaguarari-dara-assistencia-psicologica-aos-alunos-da-rede-municipal\/","title":{"rendered":"Atrav\u00e9s do Projeto Amparo, prefeitura de Jaguarari dar\u00e1 assist\u00eancia psicol\u00f3gica aos alunos da rede municipal"},"content":{"rendered":"\n<p><strong>ASCOM &#8211; Prefeitura de Jaguarari-BA<\/strong><\/p>\n\n\n\n<div class=\"wp-block-image\"><figure class=\"aligncenter is-resized\"><img data-recalc-dims=\"1\" fetchpriority=\"high\" decoding=\"async\" src=\"https:\/\/i0.wp.com\/blogdoeloiltoncajuhy.com.br\/site\/wp-content\/uploads\/2019\/11\/PMJ_ProjetoAmparo.jpg?resize=439%2C451\" alt=\"\" class=\"wp-image-38781\" width=\"439\" height=\"451\" srcset=\"https:\/\/i0.wp.com\/blogdoeloiltoncajuhy.com.br\/site\/wp-content\/uploads\/2019\/11\/PMJ_ProjetoAmparo.jpg?w=878&amp;ssl=1 878w, https:\/\/i0.wp.com\/blogdoeloiltoncajuhy.com.br\/site\/wp-content\/uploads\/2019\/11\/PMJ_ProjetoAmparo.jpg?resize=292%2C300&amp;ssl=1 292w, https:\/\/i0.wp.com\/blogdoeloiltoncajuhy.com.br\/site\/wp-content\/uploads\/2019\/11\/PMJ_ProjetoAmparo.jpg?resize=768%2C789&amp;ssl=1 768w, https:\/\/i0.wp.com\/blogdoeloiltoncajuhy.com.br\/site\/wp-content\/uploads\/2019\/11\/PMJ_ProjetoAmparo.jpg?resize=243%2C250&amp;ssl=1 243w, https:\/\/i0.wp.com\/blogdoeloiltoncajuhy.com.br\/site\/wp-content\/uploads\/2019\/11\/PMJ_ProjetoAmparo.jpg?resize=48%2C48&amp;ssl=1 48w\" sizes=\"(max-width: 439px) 100vw, 439px\" \/><\/figure><\/div>\n\n\n\n<p>Ap\u00f3s a realiza\u00e7\u00e3o de eventos alusivos ao setembro amarelo nas escolas da rede municipal, que abordaram temas como depress\u00e3o, automutila\u00e7\u00e3o e suic\u00eddio, m\u00e3es e alunos se sentiram mais a vontade para expor certos problemas vivenciados por eles, tanto no \u00e2mbito pessoal, como no espa\u00e7o escolar. Por essa raz\u00e3o, a prefeitura de Jaguarari, em conjunto as secretarias de Educa\u00e7\u00e3o, Desenvolvimento Social e Sa\u00fade, resolveu implantar o Projeto Amparo: \u201dCon (Versando) com as Emo\u00e7\u00f5es\u201d.<\/p>\n\n\n\n<p>Esse projeto traz modos de cuidados psicol\u00f3gicos sob uma nova perspectiva, redimensionando o olhar das pr\u00e1ticas psicol\u00f3gicas frente \u00e0s demandas escolares, tendo por meta estimular diversas habilidades do cotidiano: amadurecimento emocional, aproxima\u00e7\u00e3o entre escola, p\u00fablico estudantil e fam\u00edlia, desenvolver compreens\u00f5es b\u00e1sicas de autocuidado, socializa\u00e7\u00e3o entre professores e adolescentes.<\/p>\n\n\n\n<p>Idealizado pelo psic\u00f3logo cl\u00ednico Fernando S\u00e1 e pela professora Lara Benares de S\u00e1, a concep\u00e7\u00e3o desta importante empreitada surgiu das demandas cl\u00ednicas que impactam consideravelmente nas rela\u00e7\u00f5es escolares. Inicialmente, esse projeto contemplar\u00e1 uma institui\u00e7\u00e3o educacional de grande porte, atendendo jovens com idades entre 13 a 17 anos. O objetivo \u00e9 de que todas as escolas do munic\u00edpio sejam inseridas neste projeto em curto prazo.<\/p>\n\n\n\n<p>\u00c9 mais uma a\u00e7\u00e3o de grande relev\u00e2ncia do Governo \u201cUma cidade para Todos\u201d, visando o fortalecimento entre Escola, Fam\u00edlia e Comunidade.<\/p>\n","protected":false},"excerpt":{"rendered":"<p>ASCOM &#8211; Prefeitura de Jaguarari-BA Ap\u00f3s a realiza\u00e7\u00e3o de eventos alusivos ao setembro amarelo nas escolas da rede municipal, que abordaram temas como depress\u00e3o, automutila\u00e7\u00e3o e suic\u00eddio, m\u00e3es e alunos se sentiram mais a vontade para expor certos problemas vivenciados por eles, tanto no \u00e2mbito pessoal, como no espa\u00e7o escolar. Por essa raz\u00e3o, a prefeitura [&hellip;]<\/p>\n","protected":false},"author":2,"featured_media":38781,"comment_status":"open","ping_status":"open","sticky":false,"template":"","format":"standard","meta":{"_acf_changed":false,"_monsterinsights_skip_tracking":false,"_monsterinsights_sitenote_active":false,"_monsterinsights_sitenote_note":"","_monsterinsights_sitenote_category":0,"_jetpack_memberships_contains_paid_content":false,"footnotes":"","jetpack_publicize_message":"","jetpack_publicize_feature_enabled":true,"jetpack_social_post_already_shared":true,"jetpack_social_options":{"image_generator_settings":{"template":"highway","default_image_id":0,"font":"","enabled":false},"version":2}},"categories":[1,3,11],"tags":[],"class_list":["post-38780","post","type-post","status-publish","format-standard","has-post-thumbnail","hentry","category-noticias","category-politica","category-regional"],"acf":[],"jetpack_publicize_connections":[],"jetpack_featured_media_url":"https:\/\/i0.wp.com\/blogdoeloiltoncajuhy.com.br\/site\/wp-content\/uploads\/2019\/11\/PMJ_ProjetoAmparo.jpg?fit=878%2C902&ssl=1","jetpack_sharing_enabled":true,"publishpress_future_workflow_manual_trigger":{"enabledWorkflows":[]},"_links":{"self":[{"href":"https:\/\/blogdoeloiltoncajuhy.com.br\/site\/wp-json\/wp\/v2\/posts\/38780","targetHints":{"allow":["GET"]}}],"collection":[{"href":"https:\/\/blogdoeloiltoncajuhy.com.br\/site\/wp-json\/wp\/v2\/posts"}],"about":[{"href":"https:\/\/blogdoeloiltoncajuhy.com.br\/site\/wp-json\/wp\/v2\/types\/post"}],"author":[{"embeddable":true,"href":"https:\/\/blogdoeloiltoncajuhy.com.br\/site\/wp-json\/wp\/v2\/users\/2"}],"replies":[{"embeddable":true,"href":"https:\/\/blogdoeloiltoncajuhy.com.br\/site\/wp-json\/wp\/v2\/comments?post=38780"}],"version-history":[{"count":1,"href":"https:\/\/blogdoeloiltoncajuhy.com.br\/site\/wp-json\/wp\/v2\/posts\/38780\/revisions"}],"predecessor-version":[{"id":38782,"href":"https:\/\/blogdoeloiltoncajuhy.com.br\/site\/wp-json\/wp\/v2\/posts\/38780\/revisions\/38782"}],"wp:featuredmedia":[{"embeddable":true,"href":"https:\/\/blogdoeloiltoncajuhy.com.br\/site\/wp-json\/wp\/v2\/media\/38781"}],"wp:attachment":[{"href":"https:\/\/blogdoeloiltoncajuhy.com.br\/site\/wp-json\/wp\/v2\/media?parent=38780"}],"wp:term":[{"taxonomy":"category","embeddable":true,"href":"https:\/\/blogdoeloiltoncajuhy.com.br\/site\/wp-json\/wp\/v2\/categories?post=38780"},{"taxonomy":"post_tag","embeddable":true,"href":"https:\/\/blogdoeloiltoncajuhy.com.br\/site\/wp-json\/wp\/v2\/tags?post=38780"}],"curies":[{"name":"wp","href":"https:\/\/api.w.org\/{rel}","templated":true}]}}