{"id":38774,"date":"2019-11-14T10:47:07","date_gmt":"2019-11-14T13:47:07","guid":{"rendered":"http:\/\/blogdoeloiltoncajuhy.com.br\/site\/?p=38774"},"modified":"2019-11-14T10:47:14","modified_gmt":"2019-11-14T13:47:14","slug":"pela-3a-vez-center-moveis-e-eletros-e-contemplada-com-o-premio-merito-lojista","status":"publish","type":"post","link":"https:\/\/blogdoeloiltoncajuhy.com.br\/site\/pela-3a-vez-center-moveis-e-eletros-e-contemplada-com-o-premio-merito-lojista\/","title":{"rendered":"Pela 3\u00aa vez, Center M\u00f3veis e Eletros \u00e9 contemplada com o Pr\u00eamio M\u00e9rito Lojista"},"content":{"rendered":"\n<div class=\"wp-block-image\"><figure class=\"aligncenter is-resized\"><img fetchpriority=\"high\" decoding=\"async\" src=\"https:\/\/i1.wp.com\/blogdoeloiltoncajuhy.com.br\/site\/wp-content\/uploads\/2019\/11\/CM_MeritoLojista-2019-01.jpg?fit=576%2C1024\" alt=\"\" class=\"wp-image-38775\" width=\"288\" height=\"512\" srcset=\"https:\/\/i0.wp.com\/blogdoeloiltoncajuhy.com.br\/site\/wp-content\/uploads\/2019\/11\/CM_MeritoLojista-2019-01.jpg?w=581&amp;ssl=1 581w, https:\/\/i0.wp.com\/blogdoeloiltoncajuhy.com.br\/site\/wp-content\/uploads\/2019\/11\/CM_MeritoLojista-2019-01.jpg?resize=169%2C300&amp;ssl=1 169w, https:\/\/i0.wp.com\/blogdoeloiltoncajuhy.com.br\/site\/wp-content\/uploads\/2019\/11\/CM_MeritoLojista-2019-01.jpg?resize=576%2C1024&amp;ssl=1 576w, https:\/\/i0.wp.com\/blogdoeloiltoncajuhy.com.br\/site\/wp-content\/uploads\/2019\/11\/CM_MeritoLojista-2019-01.jpg?resize=141%2C250&amp;ssl=1 141w\" sizes=\"(max-width: 288px) 100vw, 288px\" \/><\/figure><\/div>\n\n\n\n<p>A Center M\u00f3veis e Eletros foi contemplada pela terceira vez com o Pr\u00eamio M\u00e9rito Lojista, em solenidade que aconteceu no \u00faltimo s\u00e1bado (09), em Senhor do Bonfim.<\/p>\n\n\n\n<p>Ao oferecer m\u00f3veis e eletros com os menores e facilidades de pagamento, a Center M\u00f3veis tamb\u00e9m vai se firmando pela presteza no atendimento e log\u00edstica na entrega dos produtos aos seus clientes.<\/p>\n\n\n\n<p><strong>O gerente da loja de Senhor do Bonfim, Eduardo, na oportunidade agradeceu a confian\u00e7a depositada pela popula\u00e7\u00e3o bonfinense. Veja:<\/strong><\/p>\n\n\n\n<figure class=\"wp-block-embed-youtube aligncenter wp-block-embed is-type-video is-provider-youtube wp-embed-aspect-16-9 wp-has-aspect-ratio\"><div class=\"wp-block-embed__wrapper\">\n<iframe title=\"Center M\u00f3veis e Eletros - Loja destaque\" width=\"800\" height=\"450\" src=\"https:\/\/www.youtube.com\/embed\/9NvyqDepZtM?feature=oembed\" frameborder=\"0\" allow=\"accelerometer; autoplay; encrypted-media; gyroscope; picture-in-picture\" allowfullscreen><\/iframe>\n<\/div><\/figure>\n\n\n\n<figure class=\"wp-block-embed-youtube aligncenter wp-block-embed is-type-video is-provider-youtube wp-embed-aspect-4-3 wp-has-aspect-ratio\"><div class=\"wp-block-embed__wrapper\">\n<iframe title=\"Center M\u00f3veis e Eletros 14\u00b0 Pr\u00eamio M\u00e9rito Lojista 2019\" width=\"800\" height=\"600\" src=\"https:\/\/www.youtube.com\/embed\/NkldxBN_sN4?feature=oembed\" frameborder=\"0\" allow=\"accelerometer; autoplay; encrypted-media; gyroscope; picture-in-picture\" allowfullscreen><\/iframe>\n<\/div><\/figure>\n","protected":false},"excerpt":{"rendered":"<p>A Center M\u00f3veis e Eletros foi contemplada pela terceira vez com o Pr\u00eamio M\u00e9rito Lojista, em solenidade que aconteceu no \u00faltimo s\u00e1bado (09), em Senhor do Bonfim. Ao oferecer m\u00f3veis e eletros com os menores e facilidades de pagamento, a Center M\u00f3veis tamb\u00e9m vai se firmando pela presteza no atendimento e log\u00edstica na entrega dos [&hellip;]<\/p>\n","protected":false},"author":2,"featured_media":38775,"comment_status":"open","ping_status":"open","sticky":false,"template":"","format":"standard","meta":{"_acf_changed":false,"_monsterinsights_skip_tracking":false,"_monsterinsights_sitenote_active":false,"_monsterinsights_sitenote_note":"","_monsterinsights_sitenote_category":0,"_jetpack_memberships_contains_paid_content":false,"footnotes":"","jetpack_publicize_message":"","jetpack_publicize_feature_enabled":true,"jetpack_social_post_already_shared":true,"jetpack_social_options":{"image_generator_settings":{"template":"highway","default_image_id":0,"font":"","enabled":false},"version":2}},"categories":[1,4],"tags":[],"class_list":["post-38774","post","type-post","status-publish","format-standard","has-post-thumbnail","hentry","category-noticias","category-local"],"acf":[],"jetpack_publicize_connections":[],"jetpack_featured_media_url":"https:\/\/i0.wp.com\/blogdoeloiltoncajuhy.com.br\/site\/wp-content\/uploads\/2019\/11\/CM_MeritoLojista-2019-01.jpg?fit=581%2C1032&ssl=1","jetpack_sharing_enabled":true,"publishpress_future_workflow_manual_trigger":{"enabledWorkflows":[]},"_links":{"self":[{"href":"https:\/\/blogdoeloiltoncajuhy.com.br\/site\/wp-json\/wp\/v2\/posts\/38774","targetHints":{"allow":["GET"]}}],"collection":[{"href":"https:\/\/blogdoeloiltoncajuhy.com.br\/site\/wp-json\/wp\/v2\/posts"}],"about":[{"href":"https:\/\/blogdoeloiltoncajuhy.com.br\/site\/wp-json\/wp\/v2\/types\/post"}],"author":[{"embeddable":true,"href":"https:\/\/blogdoeloiltoncajuhy.com.br\/site\/wp-json\/wp\/v2\/users\/2"}],"replies":[{"embeddable":true,"href":"https:\/\/blogdoeloiltoncajuhy.com.br\/site\/wp-json\/wp\/v2\/comments?post=38774"}],"version-history":[{"count":1,"href":"https:\/\/blogdoeloiltoncajuhy.com.br\/site\/wp-json\/wp\/v2\/posts\/38774\/revisions"}],"predecessor-version":[{"id":38776,"href":"https:\/\/blogdoeloiltoncajuhy.com.br\/site\/wp-json\/wp\/v2\/posts\/38774\/revisions\/38776"}],"wp:featuredmedia":[{"embeddable":true,"href":"https:\/\/blogdoeloiltoncajuhy.com.br\/site\/wp-json\/wp\/v2\/media\/38775"}],"wp:attachment":[{"href":"https:\/\/blogdoeloiltoncajuhy.com.br\/site\/wp-json\/wp\/v2\/media?parent=38774"}],"wp:term":[{"taxonomy":"category","embeddable":true,"href":"https:\/\/blogdoeloiltoncajuhy.com.br\/site\/wp-json\/wp\/v2\/categories?post=38774"},{"taxonomy":"post_tag","embeddable":true,"href":"https:\/\/blogdoeloiltoncajuhy.com.br\/site\/wp-json\/wp\/v2\/tags?post=38774"}],"curies":[{"name":"wp","href":"https:\/\/api.w.org\/{rel}","templated":true}]}}