{"id":38772,"date":"2019-11-14T09:39:54","date_gmt":"2019-11-14T12:39:54","guid":{"rendered":"http:\/\/blogdoeloiltoncajuhy.com.br\/site\/?p=38772"},"modified":"2019-11-14T09:40:00","modified_gmt":"2019-11-14T12:40:00","slug":"sr-do-bonfim-contas-do-ex-prefeito-dr-correia-serao-analisadas-pela-camara-em-sessao-nesta-quinta-feira-14","status":"publish","type":"post","link":"https:\/\/blogdoeloiltoncajuhy.com.br\/site\/sr-do-bonfim-contas-do-ex-prefeito-dr-correia-serao-analisadas-pela-camara-em-sessao-nesta-quinta-feira-14\/","title":{"rendered":"Sr. do Bonfim: Contas do ex-prefeito Dr. Correia ser\u00e3o analisadas pela C\u00e2mara em sess\u00e3o nesta quinta-feira (14)"},"content":{"rendered":"\n<p><strong>ASCOM &#8211; C\u00e2mara Municipal de Senhor do Bonfim-BA<\/strong><\/p>\n\n\n\n<div class=\"wp-block-image\"><figure class=\"aligncenter is-resized\"><img data-recalc-dims=\"1\" fetchpriority=\"high\" decoding=\"async\" src=\"https:\/\/i0.wp.com\/blogdoeloiltoncajuhy.com.br\/site\/wp-content\/uploads\/2019\/04\/camara-de-bonfim-2.jpg?resize=493%2C274\" alt=\"\" class=\"wp-image-33523\" width=\"493\" height=\"274\" srcset=\"https:\/\/i0.wp.com\/blogdoeloiltoncajuhy.com.br\/site\/wp-content\/uploads\/2019\/04\/camara-de-bonfim-2.jpg?w=768&amp;ssl=1 768w, https:\/\/i0.wp.com\/blogdoeloiltoncajuhy.com.br\/site\/wp-content\/uploads\/2019\/04\/camara-de-bonfim-2.jpg?resize=300%2C167&amp;ssl=1 300w, https:\/\/i0.wp.com\/blogdoeloiltoncajuhy.com.br\/site\/wp-content\/uploads\/2019\/04\/camara-de-bonfim-2.jpg?resize=250%2C139&amp;ssl=1 250w\" sizes=\"(max-width: 493px) 100vw, 493px\" \/><\/figure><\/div>\n\n\n\n<p>Acontece nesta quinta-feira, 14 de novembro, a vota\u00e7\u00e3o, na C\u00e2mara Municipal de senhor do Bonfim, \u00e0s 19 horas, das contas do ex-prefeito Edvaldo Martins Correia, referentes ao ano de 2015, que tiveram orienta\u00e7\u00e3o do Tribunal de Contas dos Munic\u00edpios (TCM) para serem reprovadas.<\/p>\n\n\n\n<p>O ex-prefeito foi convidado para que possa se defender e cada vereador vai ter um tempo para se pronunciar em rela\u00e7\u00e3o ao voto. A C\u00e2mara \u00e9 respons\u00e1vel por aprovar ou reprovar contas de um prefeito. Se a reprova\u00e7\u00e3o acontecer, Dr. Correia fica ineleg\u00edvel.<\/p>\n","protected":false},"excerpt":{"rendered":"<p>ASCOM &#8211; C\u00e2mara Municipal de Senhor do Bonfim-BA Acontece nesta quinta-feira, 14 de novembro, a vota\u00e7\u00e3o, na C\u00e2mara Municipal de senhor do Bonfim, \u00e0s 19 horas, das contas do ex-prefeito Edvaldo Martins Correia, referentes ao ano de 2015, que tiveram orienta\u00e7\u00e3o do Tribunal de Contas dos Munic\u00edpios (TCM) para serem reprovadas. O ex-prefeito foi convidado [&hellip;]<\/p>\n","protected":false},"author":2,"featured_media":0,"comment_status":"open","ping_status":"open","sticky":false,"template":"","format":"standard","meta":{"_acf_changed":false,"_monsterinsights_skip_tracking":false,"_monsterinsights_sitenote_active":false,"_monsterinsights_sitenote_note":"","_monsterinsights_sitenote_category":0,"_jetpack_memberships_contains_paid_content":false,"footnotes":"","jetpack_publicize_message":"","jetpack_publicize_feature_enabled":true,"jetpack_social_post_already_shared":true,"jetpack_social_options":{"image_generator_settings":{"template":"highway","default_image_id":0,"font":"","enabled":false},"version":2}},"categories":[1,3,4],"tags":[],"class_list":["post-38772","post","type-post","status-publish","format-standard","hentry","category-noticias","category-politica","category-local"],"acf":[],"jetpack_publicize_connections":[],"jetpack_featured_media_url":"","jetpack_sharing_enabled":true,"publishpress_future_workflow_manual_trigger":{"enabledWorkflows":[]},"_links":{"self":[{"href":"https:\/\/blogdoeloiltoncajuhy.com.br\/site\/wp-json\/wp\/v2\/posts\/38772","targetHints":{"allow":["GET"]}}],"collection":[{"href":"https:\/\/blogdoeloiltoncajuhy.com.br\/site\/wp-json\/wp\/v2\/posts"}],"about":[{"href":"https:\/\/blogdoeloiltoncajuhy.com.br\/site\/wp-json\/wp\/v2\/types\/post"}],"author":[{"embeddable":true,"href":"https:\/\/blogdoeloiltoncajuhy.com.br\/site\/wp-json\/wp\/v2\/users\/2"}],"replies":[{"embeddable":true,"href":"https:\/\/blogdoeloiltoncajuhy.com.br\/site\/wp-json\/wp\/v2\/comments?post=38772"}],"version-history":[{"count":1,"href":"https:\/\/blogdoeloiltoncajuhy.com.br\/site\/wp-json\/wp\/v2\/posts\/38772\/revisions"}],"predecessor-version":[{"id":38773,"href":"https:\/\/blogdoeloiltoncajuhy.com.br\/site\/wp-json\/wp\/v2\/posts\/38772\/revisions\/38773"}],"wp:attachment":[{"href":"https:\/\/blogdoeloiltoncajuhy.com.br\/site\/wp-json\/wp\/v2\/media?parent=38772"}],"wp:term":[{"taxonomy":"category","embeddable":true,"href":"https:\/\/blogdoeloiltoncajuhy.com.br\/site\/wp-json\/wp\/v2\/categories?post=38772"},{"taxonomy":"post_tag","embeddable":true,"href":"https:\/\/blogdoeloiltoncajuhy.com.br\/site\/wp-json\/wp\/v2\/tags?post=38772"}],"curies":[{"name":"wp","href":"https:\/\/api.w.org\/{rel}","templated":true}]}}