{"id":38738,"date":"2019-11-12T15:56:51","date_gmt":"2019-11-12T18:56:51","guid":{"rendered":"http:\/\/blogdoeloiltoncajuhy.com.br\/site\/?p=38738"},"modified":"2019-11-12T15:56:57","modified_gmt":"2019-11-12T18:56:57","slug":"durante-inauguracao-da-policlinica-rui-costa-libera-cerca-de-r-20-milhoes-para-construcao-do-aeroporto-de-senhor-do-bonfim","status":"publish","type":"post","link":"https:\/\/blogdoeloiltoncajuhy.com.br\/site\/durante-inauguracao-da-policlinica-rui-costa-libera-cerca-de-r-20-milhoes-para-construcao-do-aeroporto-de-senhor-do-bonfim\/","title":{"rendered":"Durante inaugura\u00e7\u00e3o da Policl\u00ednica, Rui Costa libera cerca de R$ 20 milh\u00f5es para constru\u00e7\u00e3o do Aeroporto de Senhor do Bonfim"},"content":{"rendered":"\n<p><strong>ASCOM &#8211; Prefeitura de Senhor do Bonfim-BA<\/strong><\/p>\n\n\n\n<div class=\"wp-block-image\"><figure class=\"aligncenter\"><img fetchpriority=\"high\" decoding=\"async\" width=\"1280\" height=\"853\" src=\"https:\/\/i0.wp.com\/blogdoeloiltoncajuhy.com.br\/site\/wp-content\/uploads\/2019\/11\/PMSB_GovAeroporto.jpg?fit=590%2C393\" alt=\"\" class=\"wp-image-38739\" srcset=\"https:\/\/i0.wp.com\/blogdoeloiltoncajuhy.com.br\/site\/wp-content\/uploads\/2019\/11\/PMSB_GovAeroporto.jpg?w=1280&amp;ssl=1 1280w, https:\/\/i0.wp.com\/blogdoeloiltoncajuhy.com.br\/site\/wp-content\/uploads\/2019\/11\/PMSB_GovAeroporto.jpg?resize=300%2C200&amp;ssl=1 300w, https:\/\/i0.wp.com\/blogdoeloiltoncajuhy.com.br\/site\/wp-content\/uploads\/2019\/11\/PMSB_GovAeroporto.jpg?resize=768%2C512&amp;ssl=1 768w, https:\/\/i0.wp.com\/blogdoeloiltoncajuhy.com.br\/site\/wp-content\/uploads\/2019\/11\/PMSB_GovAeroporto.jpg?resize=1024%2C682&amp;ssl=1 1024w, https:\/\/i0.wp.com\/blogdoeloiltoncajuhy.com.br\/site\/wp-content\/uploads\/2019\/11\/PMSB_GovAeroporto.jpg?resize=250%2C167&amp;ssl=1 250w\" sizes=\"(max-width: 800px) 100vw, 800px\" \/><\/figure><\/div>\n\n\n\n<p>Centenas de pessoas acompanharam na manh\u00e3 desta segunda, 11 de novembro, a inaugura\u00e7\u00e3o da d\u00e9cima quarta policl\u00ednica constru\u00edda pelo Governo do Estado, em Senhor do Bonfim.<\/p>\n\n\n\n<p>A dona de casa Id\u00e1lia da Silva Nascimento, de 61 anos, moradora do Alto da Rainha, foi uma das primeiras a chegar para recepcionar o governador Rui Costa. A idosa ficou feliz s\u00f3 de saber quer ficou livre de viajar longas distancias para realizar exames ou consultas.<\/p>\n\n\n\n<p><em>\u201cSaber que agora vou fazer tudo por aqui \u00e9 maravilhoso. \u00c9 muito bom mesmo. Obrigada, prefeito! Obrigada, governador!\u201d<\/em>, disse emocionada e satisfeita.<\/p>\n\n\n\n<p>O ato de inaugura\u00e7\u00e3o come\u00e7ou com o governador realizando o descerramento da placa inaugural, acompanhado de todos os prefeitos que comp\u00f5em o Cons\u00f3rcio P\u00fablico Interfederativo de Sa\u00fade da Regi\u00e3o de Senhor do Bonfim.<\/p>\n\n\n\n<p>Logo ap\u00f3s, a comitiva visitou as depend\u00eancias da moderna unidade de sa\u00fade. <em>\u201cMe orgulha muito estar entregando esse equipamento. Eu sempre digo assim: \u00e9 um equipamento de primeiro mundo, o que tem de melhor na medicina est\u00e1 aqui dentro, os equipamentos s\u00e3o os mesmos encontrados nos hospitais particulares de S\u00e3o Paulo ou de qualquer lugar do Brasil\u201d<\/em>, enfatizou o governador.<\/p>\n\n\n\n<p>A policl\u00ednica contar\u00e1 com 67 profissionais atuando para dar assist\u00eancia \u00e0 popula\u00e7\u00e3o de 11 munic\u00edpios. <em>\u201c\u00c9 de primeira linha, j\u00e1 estou com 60 anos e nunca vi uma coisa boa dessa\u201d<\/em>, expressou o Seu Jos\u00e9 Carlos de Oliveira, morador da comunidade de Jacun\u00e3, zona rural de Jaguarari.<\/p>\n\n\n\n<p>O empres\u00e1rio Paulo Braga de Miranda e fam\u00edlia receberam das m\u00e3os do Governador e do presidente do Cons\u00f3rcio de Sa\u00fade e prefeito de Senhor do Bonfim, Carlos Brasileiro, uma placa em reconhecimento pelo terreno doado para a constru\u00e7\u00e3o da Policl\u00ednica. O espa\u00e7o cedido tem cerca de 15 mil metros quadrados.<\/p>\n\n\n\n<p><em>\u201cS\u00f3 faz isso quem tem amor a sua terra e pensa nos outros. Parab\u00e9ns, Paulo, que Deus lhe conceda muitos anos de vida sempre com sa\u00fade, muito obrigado. O povo de Bonfim e da regi\u00e3o h\u00e1 de reconhecer sempre a sua generosidade\u201d<\/em>, agradeceu Brasileiro.<\/p>\n\n\n\n<p>Outro momento marcante foi a entrega do T\u00edtulo de Cidad\u00e3o bonfinense para o governador Rui Costa e o secret\u00e1rio de Infraestrutura, Marcus Cavalcanti. O t\u00edtulo de cidadania foi concedido pela C\u00e2mara de Vereadores.<\/p>\n\n\n\n<p><em>&#8220;Fica minha gratid\u00e3o, meu agradecimento. [\u2026] Agora s\u00f3 aumenta a nossa responsabilidade para fazer muito mais\u201d<\/em>, ressaltou Rui Costa.<\/p>\n\n\n\n<p>Ainda durante o evento, o governador assinou diversos conv\u00eanios, entre eles, a libera\u00e7\u00e3o de R$ 287 mil para a segunda etapa do projeto de instala\u00e7\u00e3o do sistema de abastecimento de \u00e1gua da comunidade de Picada; recursos na ordem de R$ 577 mil do programa Bahia Produtiva\/CAR para projetos coordenados pela Associa\u00e7\u00e3o de Moradores do Cazumba e Associa\u00e7\u00e3o de Camponeses e Camponesas do Assentamento Jiboia; conv\u00eanio de R$ 250 mil com a Central da Agricultura Familiar do Territ\u00f3rio do Piemonte Norte do Itapicuru.<\/p>\n\n\n\n<p>Um dos momentos mais esperados durante a solenidade foi a assinatura de autoriza\u00e7\u00e3o de licita\u00e7\u00e3o para constru\u00e7\u00e3o do Aeroporto Regional de Senhor do Bonfim. A obra liberada pelo governador Rui Costa ter\u00e1 investimentos de cerca de R$ 20 milh\u00f5es.<\/p>\n\n\n\n<p><em>&#8220;Toda cidade e regi\u00e3o que queira se desenvolver economicamente e socialmente tem que ter uma estrutura no seguimento do transporte a\u00e9reo, n\u00e3o s\u00f3 para facilitar a vida de setores j\u00e1 instalados na regi\u00e3o, como atrair novos empreendimentos. Esperamos que at\u00e9 o in\u00edcio de 2021, nosso aeroporto esteja pronto e apto para receber voos&#8221;<\/em>, disse Brasileiro. Ele ainda destacou: <em>&#8220;s\u00f3 o melhor governador do Brasil poderia nos dar mais esse presente&#8221;<\/em>.<\/p>\n\n\n\n<p>O munic\u00edpio tamb\u00e9m recebeu uma nova ambul\u00e2ncia para Secretaria de Sa\u00fade. A policl\u00ednica vai atender \u00e0 popula\u00e7\u00e3o dos munic\u00edpios de Andorinha, Ant\u00f4nio Gon\u00e7alves, Campo Formoso, Cansan\u00e7\u00e3o, Filad\u00e9lfia, Iti\u00faba, Jaguarari, Nordestina, Ponto Novo, Queimadas e Senhor do Bonfim.<\/p>\n\n\n\n<p>Deputados estaduais, federais, secret\u00e1rios municipais e estaduais, prefeitos, vice-prefeitos, ex-gestores, vereadores de toda regi\u00e3o, lideran\u00e7as comunit\u00e1rias, e a popula\u00e7\u00e3o em geral participaram do evento.<\/p>\n","protected":false},"excerpt":{"rendered":"<p>ASCOM &#8211; Prefeitura de Senhor do Bonfim-BA Centenas de pessoas acompanharam na manh\u00e3 desta segunda, 11 de novembro, a inaugura\u00e7\u00e3o da d\u00e9cima quarta policl\u00ednica constru\u00edda pelo Governo do Estado, em Senhor do Bonfim. A dona de casa Id\u00e1lia da Silva Nascimento, de 61 anos, moradora do Alto da Rainha, foi uma das primeiras a chegar [&hellip;]<\/p>\n","protected":false},"author":2,"featured_media":38739,"comment_status":"open","ping_status":"open","sticky":false,"template":"","format":"standard","meta":{"_acf_changed":false,"_monsterinsights_skip_tracking":false,"_monsterinsights_sitenote_active":false,"_monsterinsights_sitenote_note":"","_monsterinsights_sitenote_category":0,"_jetpack_memberships_contains_paid_content":false,"footnotes":"","jetpack_publicize_message":"","jetpack_publicize_feature_enabled":true,"jetpack_social_post_already_shared":true,"jetpack_social_options":{"image_generator_settings":{"template":"highway","default_image_id":0,"font":"","enabled":false},"version":2}},"categories":[1,3,4],"tags":[],"class_list":["post-38738","post","type-post","status-publish","format-standard","has-post-thumbnail","hentry","category-noticias","category-politica","category-local"],"acf":[],"jetpack_publicize_connections":[],"jetpack_featured_media_url":"https:\/\/i0.wp.com\/blogdoeloiltoncajuhy.com.br\/site\/wp-content\/uploads\/2019\/11\/PMSB_GovAeroporto.jpg?fit=1280%2C853&ssl=1","jetpack_sharing_enabled":true,"publishpress_future_workflow_manual_trigger":{"enabledWorkflows":[]},"_links":{"self":[{"href":"https:\/\/blogdoeloiltoncajuhy.com.br\/site\/wp-json\/wp\/v2\/posts\/38738","targetHints":{"allow":["GET"]}}],"collection":[{"href":"https:\/\/blogdoeloiltoncajuhy.com.br\/site\/wp-json\/wp\/v2\/posts"}],"about":[{"href":"https:\/\/blogdoeloiltoncajuhy.com.br\/site\/wp-json\/wp\/v2\/types\/post"}],"author":[{"embeddable":true,"href":"https:\/\/blogdoeloiltoncajuhy.com.br\/site\/wp-json\/wp\/v2\/users\/2"}],"replies":[{"embeddable":true,"href":"https:\/\/blogdoeloiltoncajuhy.com.br\/site\/wp-json\/wp\/v2\/comments?post=38738"}],"version-history":[{"count":1,"href":"https:\/\/blogdoeloiltoncajuhy.com.br\/site\/wp-json\/wp\/v2\/posts\/38738\/revisions"}],"predecessor-version":[{"id":38740,"href":"https:\/\/blogdoeloiltoncajuhy.com.br\/site\/wp-json\/wp\/v2\/posts\/38738\/revisions\/38740"}],"wp:featuredmedia":[{"embeddable":true,"href":"https:\/\/blogdoeloiltoncajuhy.com.br\/site\/wp-json\/wp\/v2\/media\/38739"}],"wp:attachment":[{"href":"https:\/\/blogdoeloiltoncajuhy.com.br\/site\/wp-json\/wp\/v2\/media?parent=38738"}],"wp:term":[{"taxonomy":"category","embeddable":true,"href":"https:\/\/blogdoeloiltoncajuhy.com.br\/site\/wp-json\/wp\/v2\/categories?post=38738"},{"taxonomy":"post_tag","embeddable":true,"href":"https:\/\/blogdoeloiltoncajuhy.com.br\/site\/wp-json\/wp\/v2\/tags?post=38738"}],"curies":[{"name":"wp","href":"https:\/\/api.w.org\/{rel}","templated":true}]}}