{"id":38734,"date":"2019-11-12T15:27:38","date_gmt":"2019-11-12T18:27:38","guid":{"rendered":"http:\/\/blogdoeloiltoncajuhy.com.br\/site\/?p=38734"},"modified":"2019-11-12T15:27:44","modified_gmt":"2019-11-12T18:27:44","slug":"prefeito-de-jaguarari-acompanha-recuperacao-de-pocos-artesianos-no-interior","status":"publish","type":"post","link":"https:\/\/blogdoeloiltoncajuhy.com.br\/site\/prefeito-de-jaguarari-acompanha-recuperacao-de-pocos-artesianos-no-interior\/","title":{"rendered":"Prefeito de Jaguarari acompanha recupera\u00e7\u00e3o de po\u00e7os artesianos no interior"},"content":{"rendered":"\n<p><strong>ASCOM &#8211; Prefeitura de Jaguarari-BA<\/strong><\/p>\n\n\n\n<div class=\"wp-block-image\"><figure class=\"aligncenter is-resized\"><img data-recalc-dims=\"1\" fetchpriority=\"high\" decoding=\"async\" src=\"https:\/\/i0.wp.com\/blogdoeloiltoncajuhy.com.br\/site\/wp-content\/uploads\/2019\/11\/PMJ_RecupPocosArt-01.jpg?resize=377%2C251\" alt=\"\" class=\"wp-image-38735\" width=\"377\" height=\"251\" srcset=\"https:\/\/i0.wp.com\/blogdoeloiltoncajuhy.com.br\/site\/wp-content\/uploads\/2019\/11\/PMJ_RecupPocosArt-01.jpg?w=960&amp;ssl=1 960w, https:\/\/i0.wp.com\/blogdoeloiltoncajuhy.com.br\/site\/wp-content\/uploads\/2019\/11\/PMJ_RecupPocosArt-01.jpg?resize=300%2C200&amp;ssl=1 300w, https:\/\/i0.wp.com\/blogdoeloiltoncajuhy.com.br\/site\/wp-content\/uploads\/2019\/11\/PMJ_RecupPocosArt-01.jpg?resize=768%2C512&amp;ssl=1 768w, https:\/\/i0.wp.com\/blogdoeloiltoncajuhy.com.br\/site\/wp-content\/uploads\/2019\/11\/PMJ_RecupPocosArt-01.jpg?resize=250%2C167&amp;ssl=1 250w\" sizes=\"(max-width: 377px) 100vw, 377px\" \/><\/figure><\/div>\n\n\n\n<p>No ultimo domingo (10), o prefeito de Jaguarari visitou a localidade de Bend\u00f3 acompanhando o servi\u00e7o de limpeza e aspira\u00e7\u00e3o de tubula\u00e7\u00e3o do po\u00e7o artesiano que abastece a adutora de Jacun\u00e3, Gameleira, Ponta da Serra, Lagoa da On\u00e7a e se estende at\u00e9 a localidade de Anh\u00e3.<\/p>\n\n\n\n<p>Com esse trabalho que est\u00e1 sendo realizado pela CERB, espera-se que a vaz\u00e3o de \u00e1gua aumente beneficiando as localidades abastecidas por esse sistema.<\/p>\n\n\n\n<p><em>&#8220;A recupera\u00e7\u00e3o deste po\u00e7o foi solicitada por n\u00f3s a cerca de 6 meses atr\u00e1s junto a CERB. No mesmo oficio protocolado junto ao \u00f3rg\u00e3o estadual, solicitamos tamb\u00e9m a recupera\u00e7\u00e3o e limpeza dos po\u00e7os 7 e 8 do sistema de Outeiro, localizados no Catuni da Grota&#8221;<\/em>, destacou o prefeito Everton Rocha. <\/p>\n\n\n\n<div class=\"wp-block-image\"><figure class=\"aligncenter is-resized\"><img decoding=\"async\" src=\"https:\/\/i2.wp.com\/blogdoeloiltoncajuhy.com.br\/site\/wp-content\/uploads\/2019\/11\/PMJ_RecupPocosArt-02.jpg?fit=590%2C393\" alt=\"\" class=\"wp-image-38736\" width=\"377\" height=\"251\" srcset=\"https:\/\/i0.wp.com\/blogdoeloiltoncajuhy.com.br\/site\/wp-content\/uploads\/2019\/11\/PMJ_RecupPocosArt-02.jpg?w=1280&amp;ssl=1 1280w, https:\/\/i0.wp.com\/blogdoeloiltoncajuhy.com.br\/site\/wp-content\/uploads\/2019\/11\/PMJ_RecupPocosArt-02.jpg?resize=300%2C200&amp;ssl=1 300w, https:\/\/i0.wp.com\/blogdoeloiltoncajuhy.com.br\/site\/wp-content\/uploads\/2019\/11\/PMJ_RecupPocosArt-02.jpg?resize=768%2C512&amp;ssl=1 768w, https:\/\/i0.wp.com\/blogdoeloiltoncajuhy.com.br\/site\/wp-content\/uploads\/2019\/11\/PMJ_RecupPocosArt-02.jpg?resize=1024%2C682&amp;ssl=1 1024w, https:\/\/i0.wp.com\/blogdoeloiltoncajuhy.com.br\/site\/wp-content\/uploads\/2019\/11\/PMJ_RecupPocosArt-02.jpg?resize=250%2C167&amp;ssl=1 250w\" sizes=\"(max-width: 377px) 100vw, 377px\" \/><\/figure><\/div>\n\n\n\n<p>Durante a solenidade de inaugura\u00e7\u00e3o da Policl\u00ednica de Senhor do Bonfim, em uma conversa mais reservada, o chefe do executivo jaguarariense solicitou ao Presidente da Assembl\u00e9ia Legislativa, Nelson Leal, que intercedesse e buscasse junto ao governo do estado a realiza\u00e7\u00e3o do servi\u00e7o de recupera\u00e7\u00e3o dos po\u00e7os 7 e 8 do sistema de Outeiro solicitados pela Secretaria de Agricultura no mesmo oficio que contemplou a a\u00e7\u00e3o realizada ontem na localidade de Bend\u00f3.<\/p>\n\n\n\n<p>Ap\u00f3s realizar uma liga\u00e7\u00e3o, o chefe do legislativo baiano garantiu a execu\u00e7\u00e3o da recupera\u00e7\u00e3o dos po\u00e7os, haja vista que os equipamentos j\u00e1 se encontram no munic\u00edpio.<\/p>\n","protected":false},"excerpt":{"rendered":"<p>ASCOM &#8211; Prefeitura de Jaguarari-BA No ultimo domingo (10), o prefeito de Jaguarari visitou a localidade de Bend\u00f3 acompanhando o servi\u00e7o de limpeza e aspira\u00e7\u00e3o de tubula\u00e7\u00e3o do po\u00e7o artesiano que abastece a adutora de Jacun\u00e3, Gameleira, Ponta da Serra, Lagoa da On\u00e7a e se estende at\u00e9 a localidade de Anh\u00e3. Com esse trabalho que [&hellip;]<\/p>\n","protected":false},"author":2,"featured_media":38736,"comment_status":"open","ping_status":"open","sticky":false,"template":"","format":"standard","meta":{"_acf_changed":false,"_monsterinsights_skip_tracking":false,"_monsterinsights_sitenote_active":false,"_monsterinsights_sitenote_note":"","_monsterinsights_sitenote_category":0,"_jetpack_memberships_contains_paid_content":false,"footnotes":"","jetpack_publicize_message":"","jetpack_publicize_feature_enabled":true,"jetpack_social_post_already_shared":true,"jetpack_social_options":{"image_generator_settings":{"template":"highway","default_image_id":0,"font":"","enabled":false},"version":2}},"categories":[1,3,11],"tags":[],"class_list":["post-38734","post","type-post","status-publish","format-standard","has-post-thumbnail","hentry","category-noticias","category-politica","category-regional"],"acf":[],"jetpack_publicize_connections":[],"jetpack_featured_media_url":"https:\/\/i0.wp.com\/blogdoeloiltoncajuhy.com.br\/site\/wp-content\/uploads\/2019\/11\/PMJ_RecupPocosArt-02.jpg?fit=1280%2C853&ssl=1","jetpack_sharing_enabled":true,"publishpress_future_workflow_manual_trigger":{"enabledWorkflows":[]},"_links":{"self":[{"href":"https:\/\/blogdoeloiltoncajuhy.com.br\/site\/wp-json\/wp\/v2\/posts\/38734","targetHints":{"allow":["GET"]}}],"collection":[{"href":"https:\/\/blogdoeloiltoncajuhy.com.br\/site\/wp-json\/wp\/v2\/posts"}],"about":[{"href":"https:\/\/blogdoeloiltoncajuhy.com.br\/site\/wp-json\/wp\/v2\/types\/post"}],"author":[{"embeddable":true,"href":"https:\/\/blogdoeloiltoncajuhy.com.br\/site\/wp-json\/wp\/v2\/users\/2"}],"replies":[{"embeddable":true,"href":"https:\/\/blogdoeloiltoncajuhy.com.br\/site\/wp-json\/wp\/v2\/comments?post=38734"}],"version-history":[{"count":1,"href":"https:\/\/blogdoeloiltoncajuhy.com.br\/site\/wp-json\/wp\/v2\/posts\/38734\/revisions"}],"predecessor-version":[{"id":38737,"href":"https:\/\/blogdoeloiltoncajuhy.com.br\/site\/wp-json\/wp\/v2\/posts\/38734\/revisions\/38737"}],"wp:featuredmedia":[{"embeddable":true,"href":"https:\/\/blogdoeloiltoncajuhy.com.br\/site\/wp-json\/wp\/v2\/media\/38736"}],"wp:attachment":[{"href":"https:\/\/blogdoeloiltoncajuhy.com.br\/site\/wp-json\/wp\/v2\/media?parent=38734"}],"wp:term":[{"taxonomy":"category","embeddable":true,"href":"https:\/\/blogdoeloiltoncajuhy.com.br\/site\/wp-json\/wp\/v2\/categories?post=38734"},{"taxonomy":"post_tag","embeddable":true,"href":"https:\/\/blogdoeloiltoncajuhy.com.br\/site\/wp-json\/wp\/v2\/tags?post=38734"}],"curies":[{"name":"wp","href":"https:\/\/api.w.org\/{rel}","templated":true}]}}