{"id":38728,"date":"2019-11-12T09:36:07","date_gmt":"2019-11-12T12:36:07","guid":{"rendered":"http:\/\/blogdoeloiltoncajuhy.com.br\/site\/?p=38728"},"modified":"2019-11-12T09:36:13","modified_gmt":"2019-11-12T12:36:13","slug":"bonfim-em-desenvolvimento-inaugurada-passagem-molhada-na-fazenda-picada","status":"publish","type":"post","link":"https:\/\/blogdoeloiltoncajuhy.com.br\/site\/bonfim-em-desenvolvimento-inaugurada-passagem-molhada-na-fazenda-picada\/","title":{"rendered":"Bonfim em Desenvolvimento: inaugurada passagem molhada na Fazenda Picada"},"content":{"rendered":"\n<p><strong>ASCOM &#8211; Prefeitura de Senhor do Bonfim-BA<\/strong><\/p>\n\n\n\n<div class=\"wp-block-image\"><figure class=\"aligncenter is-resized\"><img data-recalc-dims=\"1\" fetchpriority=\"high\" decoding=\"async\" src=\"https:\/\/i0.wp.com\/blogdoeloiltoncajuhy.com.br\/site\/wp-content\/uploads\/2019\/11\/PMSB_PMPicada_01.jpg?resize=480%2C320\" alt=\"\" class=\"wp-image-38729\" width=\"480\" height=\"320\" srcset=\"https:\/\/i0.wp.com\/blogdoeloiltoncajuhy.com.br\/site\/wp-content\/uploads\/2019\/11\/PMSB_PMPicada_01.jpg?w=960&amp;ssl=1 960w, https:\/\/i0.wp.com\/blogdoeloiltoncajuhy.com.br\/site\/wp-content\/uploads\/2019\/11\/PMSB_PMPicada_01.jpg?resize=300%2C200&amp;ssl=1 300w, https:\/\/i0.wp.com\/blogdoeloiltoncajuhy.com.br\/site\/wp-content\/uploads\/2019\/11\/PMSB_PMPicada_01.jpg?resize=768%2C511&amp;ssl=1 768w, https:\/\/i0.wp.com\/blogdoeloiltoncajuhy.com.br\/site\/wp-content\/uploads\/2019\/11\/PMSB_PMPicada_01.jpg?resize=250%2C166&amp;ssl=1 250w\" sizes=\"(max-width: 480px) 100vw, 480px\" \/><\/figure><\/div>\n\n\n\n<p>A passagem molhada foi projetada para resolver o problema de alagamento e melhorar a mobilidade na estrada que liga o distrito de Quic\u00e9 ao povoado de Tanquinho\/BR-407. A constru\u00e7\u00e3o \u00e9 uma reivindica\u00e7\u00e3o antiga dos moradores, que enfrentavam s\u00e9rios problemas de deslocamento, principalmente no per\u00edodo chuvoso.<\/p>\n\n\n\n<p>A obra de infraestrutura \u00e9 uma indica\u00e7\u00e3o do vereador R\u00ea do Sindicato e do vereador Cleiton Vieira, e foi executada pelo Cons\u00f3rcio do Piemonte Norte do Itapicuru, por meio de conv\u00eanio com a Secretaria Estadual de Infraestrutura \u2013 SEINFRA. Os recursos s\u00e3o oriundos de emenda do deputado estadual Bob\u00f4. A constru\u00e7\u00e3o recebeu um investimento de R$ 101 mil.<\/p>\n\n\n\n<div class=\"wp-block-image\"><figure class=\"aligncenter is-resized\"><img data-recalc-dims=\"1\" decoding=\"async\" src=\"https:\/\/i0.wp.com\/blogdoeloiltoncajuhy.com.br\/site\/wp-content\/uploads\/2019\/11\/PMSB_PMPicada_02.jpg?resize=480%2C320\" alt=\"\" class=\"wp-image-38730\" width=\"480\" height=\"320\" srcset=\"https:\/\/i0.wp.com\/blogdoeloiltoncajuhy.com.br\/site\/wp-content\/uploads\/2019\/11\/PMSB_PMPicada_02.jpg?w=960&amp;ssl=1 960w, https:\/\/i0.wp.com\/blogdoeloiltoncajuhy.com.br\/site\/wp-content\/uploads\/2019\/11\/PMSB_PMPicada_02.jpg?resize=300%2C200&amp;ssl=1 300w, https:\/\/i0.wp.com\/blogdoeloiltoncajuhy.com.br\/site\/wp-content\/uploads\/2019\/11\/PMSB_PMPicada_02.jpg?resize=768%2C511&amp;ssl=1 768w, https:\/\/i0.wp.com\/blogdoeloiltoncajuhy.com.br\/site\/wp-content\/uploads\/2019\/11\/PMSB_PMPicada_02.jpg?resize=250%2C166&amp;ssl=1 250w\" sizes=\"(max-width: 480px) 100vw, 480px\" \/><\/figure><\/div>\n\n\n\n<p>O ato inaugural aconteceu na \u00faltima sexta-feira,(08)  e contou com a presen\u00e7a do prefeito Carlos Brasileiro, do vice-prefeito, Jos\u00e9 Ant\u00f4nio, do deputado Bob\u00f4, do secret\u00e1rio Executivo do Cons\u00f3rcio do Piemonte Norte do Itapicuru, Ant\u00f4nio Cerqueira, do  secret\u00e1rio Benito Brasileiro (Planejamento e Finan\u00e7as) e da secret\u00e1ria Damiana Duarte (Desenvolvimento da Agricultura Familiar), dos vereadores Cleiton Vieira (presidente do Legislativo Municipal), Herm\u00f3genes Almeida, Andreilton Almeida, R\u00e9 do Sindicato e Elizeu do Temperos, representantes de associa\u00e7\u00f5es e sindicatos, al\u00e9m de moradores de Picada e adjac\u00eancia.<\/p>\n\n\n\n<p>A obra faz parte de um pacote de 11 passagens molhadas contidas no programa Bonfim em Desenvolvimento, que est\u00e3o sendo constru\u00eddas em diversas localidades do interior do munic\u00edpio. O investimento total passa de R$ 1 milh\u00e3o.<\/p>\n\n\n\n<div class=\"wp-block-image\"><figure class=\"aligncenter is-resized\"><img data-recalc-dims=\"1\" decoding=\"async\" src=\"https:\/\/i0.wp.com\/blogdoeloiltoncajuhy.com.br\/site\/wp-content\/uploads\/2019\/11\/PMSB_PMPicada_03.jpg?resize=480%2C320\" alt=\"\" class=\"wp-image-38731\" width=\"480\" height=\"320\" srcset=\"https:\/\/i0.wp.com\/blogdoeloiltoncajuhy.com.br\/site\/wp-content\/uploads\/2019\/11\/PMSB_PMPicada_03.jpg?w=960&amp;ssl=1 960w, https:\/\/i0.wp.com\/blogdoeloiltoncajuhy.com.br\/site\/wp-content\/uploads\/2019\/11\/PMSB_PMPicada_03.jpg?resize=300%2C200&amp;ssl=1 300w, https:\/\/i0.wp.com\/blogdoeloiltoncajuhy.com.br\/site\/wp-content\/uploads\/2019\/11\/PMSB_PMPicada_03.jpg?resize=768%2C511&amp;ssl=1 768w, https:\/\/i0.wp.com\/blogdoeloiltoncajuhy.com.br\/site\/wp-content\/uploads\/2019\/11\/PMSB_PMPicada_03.jpg?resize=250%2C166&amp;ssl=1 250w\" sizes=\"(max-width: 480px) 100vw, 480px\" \/><\/figure><\/div>\n","protected":false},"excerpt":{"rendered":"<p>ASCOM &#8211; Prefeitura de Senhor do Bonfim-BA A passagem molhada foi projetada para resolver o problema de alagamento e melhorar a mobilidade na estrada que liga o distrito de Quic\u00e9 ao povoado de Tanquinho\/BR-407. A constru\u00e7\u00e3o \u00e9 uma reivindica\u00e7\u00e3o antiga dos moradores, que enfrentavam s\u00e9rios problemas de deslocamento, principalmente no per\u00edodo chuvoso. A obra de [&hellip;]<\/p>\n","protected":false},"author":2,"featured_media":38731,"comment_status":"open","ping_status":"open","sticky":false,"template":"","format":"standard","meta":{"_acf_changed":false,"_monsterinsights_skip_tracking":false,"_monsterinsights_sitenote_active":false,"_monsterinsights_sitenote_note":"","_monsterinsights_sitenote_category":0,"_jetpack_memberships_contains_paid_content":false,"footnotes":"","jetpack_publicize_message":"","jetpack_publicize_feature_enabled":true,"jetpack_social_post_already_shared":true,"jetpack_social_options":{"image_generator_settings":{"template":"highway","default_image_id":0,"font":"","enabled":false},"version":2}},"categories":[1,3,4],"tags":[],"class_list":["post-38728","post","type-post","status-publish","format-standard","has-post-thumbnail","hentry","category-noticias","category-politica","category-local"],"acf":[],"jetpack_publicize_connections":[],"jetpack_featured_media_url":"https:\/\/i0.wp.com\/blogdoeloiltoncajuhy.com.br\/site\/wp-content\/uploads\/2019\/11\/PMSB_PMPicada_03.jpg?fit=960%2C639&ssl=1","jetpack_sharing_enabled":true,"publishpress_future_workflow_manual_trigger":{"enabledWorkflows":[]},"_links":{"self":[{"href":"https:\/\/blogdoeloiltoncajuhy.com.br\/site\/wp-json\/wp\/v2\/posts\/38728","targetHints":{"allow":["GET"]}}],"collection":[{"href":"https:\/\/blogdoeloiltoncajuhy.com.br\/site\/wp-json\/wp\/v2\/posts"}],"about":[{"href":"https:\/\/blogdoeloiltoncajuhy.com.br\/site\/wp-json\/wp\/v2\/types\/post"}],"author":[{"embeddable":true,"href":"https:\/\/blogdoeloiltoncajuhy.com.br\/site\/wp-json\/wp\/v2\/users\/2"}],"replies":[{"embeddable":true,"href":"https:\/\/blogdoeloiltoncajuhy.com.br\/site\/wp-json\/wp\/v2\/comments?post=38728"}],"version-history":[{"count":1,"href":"https:\/\/blogdoeloiltoncajuhy.com.br\/site\/wp-json\/wp\/v2\/posts\/38728\/revisions"}],"predecessor-version":[{"id":38732,"href":"https:\/\/blogdoeloiltoncajuhy.com.br\/site\/wp-json\/wp\/v2\/posts\/38728\/revisions\/38732"}],"wp:featuredmedia":[{"embeddable":true,"href":"https:\/\/blogdoeloiltoncajuhy.com.br\/site\/wp-json\/wp\/v2\/media\/38731"}],"wp:attachment":[{"href":"https:\/\/blogdoeloiltoncajuhy.com.br\/site\/wp-json\/wp\/v2\/media?parent=38728"}],"wp:term":[{"taxonomy":"category","embeddable":true,"href":"https:\/\/blogdoeloiltoncajuhy.com.br\/site\/wp-json\/wp\/v2\/categories?post=38728"},{"taxonomy":"post_tag","embeddable":true,"href":"https:\/\/blogdoeloiltoncajuhy.com.br\/site\/wp-json\/wp\/v2\/tags?post=38728"}],"curies":[{"name":"wp","href":"https:\/\/api.w.org\/{rel}","templated":true}]}}