{"id":38719,"date":"2019-11-12T09:11:15","date_gmt":"2019-11-12T12:11:15","guid":{"rendered":"http:\/\/blogdoeloiltoncajuhy.com.br\/site\/?p=38719"},"modified":"2019-11-12T09:13:18","modified_gmt":"2019-11-12T12:13:18","slug":"prefeito-de-jaguarari-prestigia-inauguracao-da-policlinica-regional-de-senhor-do-bonfim","status":"publish","type":"post","link":"https:\/\/blogdoeloiltoncajuhy.com.br\/site\/prefeito-de-jaguarari-prestigia-inauguracao-da-policlinica-regional-de-senhor-do-bonfim\/","title":{"rendered":"Prefeito de Jaguarari prestigia inaugura\u00e7\u00e3o da Policl\u00ednica Regional de Senhor do Bonfim"},"content":{"rendered":"\n<p><strong>ASCOM &#8211; Prefeitura de Jaguarari-BA<\/strong><\/p>\n\n\n\n<div class=\"wp-block-image\"><figure class=\"aligncenter is-resized\"><img fetchpriority=\"high\" decoding=\"async\" src=\"https:\/\/i2.wp.com\/blogdoeloiltoncajuhy.com.br\/site\/wp-content\/uploads\/2019\/11\/PMJ_InauguracaoPoliclinica-01.jpg?fit=590%2C393\" alt=\"\" class=\"wp-image-38720\" width=\"443\" height=\"295\" srcset=\"https:\/\/i0.wp.com\/blogdoeloiltoncajuhy.com.br\/site\/wp-content\/uploads\/2019\/11\/PMJ_InauguracaoPoliclinica-01.jpg?w=1280&amp;ssl=1 1280w, https:\/\/i0.wp.com\/blogdoeloiltoncajuhy.com.br\/site\/wp-content\/uploads\/2019\/11\/PMJ_InauguracaoPoliclinica-01.jpg?resize=300%2C200&amp;ssl=1 300w, https:\/\/i0.wp.com\/blogdoeloiltoncajuhy.com.br\/site\/wp-content\/uploads\/2019\/11\/PMJ_InauguracaoPoliclinica-01.jpg?resize=768%2C512&amp;ssl=1 768w, https:\/\/i0.wp.com\/blogdoeloiltoncajuhy.com.br\/site\/wp-content\/uploads\/2019\/11\/PMJ_InauguracaoPoliclinica-01.jpg?resize=1024%2C682&amp;ssl=1 1024w, https:\/\/i0.wp.com\/blogdoeloiltoncajuhy.com.br\/site\/wp-content\/uploads\/2019\/11\/PMJ_InauguracaoPoliclinica-01.jpg?resize=250%2C167&amp;ssl=1 250w\" sizes=\"(max-width: 443px) 100vw, 443px\" \/><\/figure><\/div>\n\n\n\n<p>O prefeito de Jaguarari, Everton Rocha, na manh\u00e3 desta segunda-feira, 11, acompanhado por secret\u00e1rios de governo, vereadores e dos deputados estaduais Nelson Leal, Presidente da Assembl\u00e9ia Legislativa da Bahia, e Roberto Carlos, prestigiou a solenidade de inaugura\u00e7\u00e3o da Policl\u00ednica Regional de Senhor do Bonfim, equipamento de sa\u00fade que beneficiar\u00e1 os jaguararienses a partir de agora.<\/p>\n\n\n\n<p>Junto ao governador Rui Costa, deputados federais e estaduais e dos prefeitos que comp\u00f5e o Cons\u00f3rcio P\u00fablico Interfederativo de Sa\u00fade, o prefeito Everton Rocha participou do descerramento da placa de inaugura\u00e7\u00e3o e percorreu as depend\u00eancias da Policl\u00ednica j\u00e1 com todos os equipamentos montados e funcion\u00e1rios a postos.<\/p>\n\n\n\n<div class=\"wp-block-image\"><figure class=\"aligncenter is-resized\"><img decoding=\"async\" src=\"https:\/\/i0.wp.com\/blogdoeloiltoncajuhy.com.br\/site\/wp-content\/uploads\/2019\/11\/PMJ_InauguracaoPoliclinica-02.jpg?fit=590%2C393\" alt=\"\" class=\"wp-image-38721\" width=\"443\" height=\"295\" srcset=\"https:\/\/i0.wp.com\/blogdoeloiltoncajuhy.com.br\/site\/wp-content\/uploads\/2019\/11\/PMJ_InauguracaoPoliclinica-02.jpg?w=1280&amp;ssl=1 1280w, https:\/\/i0.wp.com\/blogdoeloiltoncajuhy.com.br\/site\/wp-content\/uploads\/2019\/11\/PMJ_InauguracaoPoliclinica-02.jpg?resize=300%2C200&amp;ssl=1 300w, https:\/\/i0.wp.com\/blogdoeloiltoncajuhy.com.br\/site\/wp-content\/uploads\/2019\/11\/PMJ_InauguracaoPoliclinica-02.jpg?resize=768%2C512&amp;ssl=1 768w, https:\/\/i0.wp.com\/blogdoeloiltoncajuhy.com.br\/site\/wp-content\/uploads\/2019\/11\/PMJ_InauguracaoPoliclinica-02.jpg?resize=1024%2C682&amp;ssl=1 1024w, https:\/\/i0.wp.com\/blogdoeloiltoncajuhy.com.br\/site\/wp-content\/uploads\/2019\/11\/PMJ_InauguracaoPoliclinica-02.jpg?resize=250%2C167&amp;ssl=1 250w\" sizes=\"(max-width: 443px) 100vw, 443px\" \/><\/figure><\/div>\n\n\n\n<p><em>\u201cCom a inaugura\u00e7\u00e3o da Policl\u00ednica, Jaguarari ter\u00e1 mais uma grande alternativa para realizar diversos procedimentos de sa\u00fade, sem ter que se deslocar at\u00e9 Juazeiro, Salvador ou Jacobina\u201d<\/em>, destacou o prefeito Everton Rocha.<\/p>\n\n\n\n<p>A inaugura\u00e7\u00e3o da 14\u00aa policl\u00ednica na regi\u00e3o de Bonfim ir\u00e1 beneficiar cerca de 300 mil pessoas residentes nos 11 munic\u00edpios baianos conveniados. A partir de agora, a policl\u00ednica disponibilizar\u00e1 aos pacientes de Jaguarari e regi\u00e3o consultas, exames e procedimentos em at\u00e9 18 especialidades m\u00e9dicas, como angiologia, cardiologia, endocrinologia, gastroenterologia, mastologia e neurologia. Exames e servi\u00e7os como ecocardiograma, eletrocardiograma, endoscopia digestiva, colonoscopia, tomografias e resson\u00e2ncias tamb\u00e9m poder\u00e3o ser realizados na unidade.<\/p>\n\n\n\n<div class=\"wp-block-image\"><figure class=\"aligncenter is-resized\"><img decoding=\"async\" src=\"https:\/\/i0.wp.com\/blogdoeloiltoncajuhy.com.br\/site\/wp-content\/uploads\/2019\/11\/PMJ_InauguracaoPoliclinica-03.jpg?fit=590%2C332\" alt=\"\" class=\"wp-image-38722\" width=\"443\" height=\"249\" srcset=\"https:\/\/i0.wp.com\/blogdoeloiltoncajuhy.com.br\/site\/wp-content\/uploads\/2019\/11\/PMJ_InauguracaoPoliclinica-03.jpg?w=1280&amp;ssl=1 1280w, https:\/\/i0.wp.com\/blogdoeloiltoncajuhy.com.br\/site\/wp-content\/uploads\/2019\/11\/PMJ_InauguracaoPoliclinica-03.jpg?resize=300%2C169&amp;ssl=1 300w, https:\/\/i0.wp.com\/blogdoeloiltoncajuhy.com.br\/site\/wp-content\/uploads\/2019\/11\/PMJ_InauguracaoPoliclinica-03.jpg?resize=768%2C432&amp;ssl=1 768w, https:\/\/i0.wp.com\/blogdoeloiltoncajuhy.com.br\/site\/wp-content\/uploads\/2019\/11\/PMJ_InauguracaoPoliclinica-03.jpg?resize=1024%2C576&amp;ssl=1 1024w, https:\/\/i0.wp.com\/blogdoeloiltoncajuhy.com.br\/site\/wp-content\/uploads\/2019\/11\/PMJ_InauguracaoPoliclinica-03.jpg?resize=250%2C141&amp;ssl=1 250w\" sizes=\"(max-width: 443px) 100vw, 443px\" \/><\/figure><\/div>\n","protected":false},"excerpt":{"rendered":"<p>ASCOM &#8211; Prefeitura de Jaguarari-BA O prefeito de Jaguarari, Everton Rocha, na manh\u00e3 desta segunda-feira, 11, acompanhado por secret\u00e1rios de governo, vereadores e dos deputados estaduais Nelson Leal, Presidente da Assembl\u00e9ia Legislativa da Bahia, e Roberto Carlos, prestigiou a solenidade de inaugura\u00e7\u00e3o da Policl\u00ednica Regional de Senhor do Bonfim, equipamento de sa\u00fade que beneficiar\u00e1 os [&hellip;]<\/p>\n","protected":false},"author":2,"featured_media":38722,"comment_status":"open","ping_status":"open","sticky":false,"template":"","format":"standard","meta":{"_acf_changed":false,"_monsterinsights_skip_tracking":false,"_monsterinsights_sitenote_active":false,"_monsterinsights_sitenote_note":"","_monsterinsights_sitenote_category":0,"_jetpack_memberships_contains_paid_content":false,"footnotes":"","jetpack_publicize_message":"","jetpack_publicize_feature_enabled":true,"jetpack_social_post_already_shared":true,"jetpack_social_options":{"image_generator_settings":{"template":"highway","default_image_id":0,"font":"","enabled":false},"version":2}},"categories":[1,3,11],"tags":[],"class_list":["post-38719","post","type-post","status-publish","format-standard","has-post-thumbnail","hentry","category-noticias","category-politica","category-regional"],"acf":[],"jetpack_publicize_connections":[],"jetpack_featured_media_url":"https:\/\/i0.wp.com\/blogdoeloiltoncajuhy.com.br\/site\/wp-content\/uploads\/2019\/11\/PMJ_InauguracaoPoliclinica-03.jpg?fit=1280%2C720&ssl=1","jetpack_sharing_enabled":true,"publishpress_future_workflow_manual_trigger":{"enabledWorkflows":[]},"_links":{"self":[{"href":"https:\/\/blogdoeloiltoncajuhy.com.br\/site\/wp-json\/wp\/v2\/posts\/38719","targetHints":{"allow":["GET"]}}],"collection":[{"href":"https:\/\/blogdoeloiltoncajuhy.com.br\/site\/wp-json\/wp\/v2\/posts"}],"about":[{"href":"https:\/\/blogdoeloiltoncajuhy.com.br\/site\/wp-json\/wp\/v2\/types\/post"}],"author":[{"embeddable":true,"href":"https:\/\/blogdoeloiltoncajuhy.com.br\/site\/wp-json\/wp\/v2\/users\/2"}],"replies":[{"embeddable":true,"href":"https:\/\/blogdoeloiltoncajuhy.com.br\/site\/wp-json\/wp\/v2\/comments?post=38719"}],"version-history":[{"count":2,"href":"https:\/\/blogdoeloiltoncajuhy.com.br\/site\/wp-json\/wp\/v2\/posts\/38719\/revisions"}],"predecessor-version":[{"id":38724,"href":"https:\/\/blogdoeloiltoncajuhy.com.br\/site\/wp-json\/wp\/v2\/posts\/38719\/revisions\/38724"}],"wp:featuredmedia":[{"embeddable":true,"href":"https:\/\/blogdoeloiltoncajuhy.com.br\/site\/wp-json\/wp\/v2\/media\/38722"}],"wp:attachment":[{"href":"https:\/\/blogdoeloiltoncajuhy.com.br\/site\/wp-json\/wp\/v2\/media?parent=38719"}],"wp:term":[{"taxonomy":"category","embeddable":true,"href":"https:\/\/blogdoeloiltoncajuhy.com.br\/site\/wp-json\/wp\/v2\/categories?post=38719"},{"taxonomy":"post_tag","embeddable":true,"href":"https:\/\/blogdoeloiltoncajuhy.com.br\/site\/wp-json\/wp\/v2\/tags?post=38719"}],"curies":[{"name":"wp","href":"https:\/\/api.w.org\/{rel}","templated":true}]}}