{"id":38717,"date":"2019-11-12T08:59:34","date_gmt":"2019-11-12T11:59:34","guid":{"rendered":"http:\/\/blogdoeloiltoncajuhy.com.br\/site\/?p=38717"},"modified":"2019-11-12T08:59:40","modified_gmt":"2019-11-12T11:59:40","slug":"especialistas-alertam-que-condicoes-que-levaram-ao-aumento-de-casos-de-microcefalia-no-ne-podem-voltar","status":"publish","type":"post","link":"https:\/\/blogdoeloiltoncajuhy.com.br\/site\/especialistas-alertam-que-condicoes-que-levaram-ao-aumento-de-casos-de-microcefalia-no-ne-podem-voltar\/","title":{"rendered":"Especialistas alertam que condi\u00e7\u00f5es que levaram ao aumento de casos de microcefalia no NE podem voltar"},"content":{"rendered":"\n<p><strong>Da R\u00e1dio C\u00e2mara, de Bras\u00edlia, Karla Alessandra<\/strong> <\/p>\n\n\n\n<div class=\"wp-block-image\"><figure class=\"aligncenter\"><img data-recalc-dims=\"1\" fetchpriority=\"high\" decoding=\"async\" width=\"750\" height=\"400\" src=\"https:\/\/i0.wp.com\/blogdoeloiltoncajuhy.com.br\/site\/wp-content\/uploads\/2019\/06\/Microcefalia.jpg?resize=750%2C400\" alt=\"\" class=\"wp-image-35099\" srcset=\"https:\/\/i0.wp.com\/blogdoeloiltoncajuhy.com.br\/site\/wp-content\/uploads\/2019\/06\/Microcefalia.jpg?w=750&amp;ssl=1 750w, https:\/\/i0.wp.com\/blogdoeloiltoncajuhy.com.br\/site\/wp-content\/uploads\/2019\/06\/Microcefalia.jpg?resize=300%2C160&amp;ssl=1 300w, https:\/\/i0.wp.com\/blogdoeloiltoncajuhy.com.br\/site\/wp-content\/uploads\/2019\/06\/Microcefalia.jpg?resize=250%2C133&amp;ssl=1 250w\" sizes=\"(max-width: 750px) 100vw, 750px\" \/><\/figure><\/div>\n\n\n\n<p>Em agosto de 2015, neuropediatras de hospitais p\u00fablicos da capital pernambucana observaram um aumento do n\u00famero de casos de microcefalia associados a anomalias cerebrais. Deste ent\u00e3o, pesquisadores desconfiaram da incid\u00eancia do zika v\u00edrus nesse aumento no n\u00famero de casos.<\/p>\n\n\n\n<p>Quatro anos depois, os pesquisadores j\u00e1 descobriram que a gravidade dos casos de microcefalia registrados no Nordeste tem rela\u00e7\u00e3o com uma bact\u00e9ria que se reproduz na \u00e1gua de nome saxitoxina e que a exposi\u00e7\u00e3o \u00e0 dengue associada \u00e0 desnutri\u00e7\u00e3o tornou os casos mais severos.<\/p>\n\n\n\n<p>Para ouvir alguns desses pesquisadores, a Comiss\u00e3o de Seguridade Social e Fam\u00edlia da C\u00e2mara dos Deputados, realizou audi\u00eancia p\u00fablica que contou tamb\u00e9m com a participa\u00e7\u00e3o do Minist\u00e9rio da Sa\u00fade nesta segunda-feira (11).<\/p>\n\n\n\n<p>O pesquisador em microbiologia celular Fl\u00e1vio Lara destacou que a gravidade dos casos de microcefalia no Nordeste foi resultado de uma jun\u00e7\u00e3o de fatores que ainda n\u00e3o foram sanados e podem voltar a ocorrer naquela regi\u00e3o.<\/p>\n\n\n\n<p><em>\u201cA saxitoxina provavelmente \u00e9 um deles, restri\u00e7\u00e3o proteica tamb\u00e9m, a desnutri\u00e7\u00e3o. A ocorr\u00eancia da dengue na regi\u00e3o ser mais prevalente que nas outras regi\u00f5es do pa\u00eds tamb\u00e9m foi um deles e os pr\u00f3ximos passos da pesquisa \u00e9 procurar por outros fatores ambientais evit\u00e1veis para a gente poder se preparar para uma poss\u00edvel futura epidemia de zika na regi\u00e3o\u201d<\/em>.<\/p>\n\n\n\n<p>O professor da Universidade Federal Rural de Pernambuco Renato Molica lembrou que no Brasil apenas 52 por cento do esgoto s\u00e3o coletados e desse total somente 46 por cento s\u00e3o tratados, o que leva a condi\u00e7\u00f5es ideais para a reprodu\u00e7\u00e3o da saxitoxina, bact\u00e9ria que n\u00e3o \u00e9 retirada da \u00e1gua atrav\u00e9s do processo de tratamento atual.<\/p>\n\n\n\n<p>A coordenadora geral de vigil\u00e2ncia em sa\u00fade ambiental do Minist\u00e9rio da Sa\u00fade, Thais Cavendish, lembrou que j\u00e1 existe um protocolo de tratamento da \u00e1gua pot\u00e1vel que \u00e9 atualizado a cada cinco anos. Mas ela reconhece que os n\u00edveis de saneamento no Brasil ainda s\u00e3o muito baixos, dificultando esse controle.<\/p>\n\n\n\n<p>Para o deputado Doutor Leonardo, do Solidariedade do Mato Grosso, a pesquisa demonstra que a situa\u00e7\u00e3o \u00e9 preocupante e por isso precisa ser discutida juntamente com a popula\u00e7\u00e3o. <em>\u201cDemonstrando a necessidade de mais recursos em pesquisa porque os recursos s\u00e3o finitos, s\u00e3o poucos e como aplic\u00e1-los com qualidade que realmente atenda o povo \u00e9 atrav\u00e9s de pesquisa. Ent\u00e3o, trazer para c\u00e1 o Minist\u00e9rio, os pesquisadores para debater, para demonstrar o conhecimento, para divulgar isso e ampliar a discuss\u00e3o social, isso \u00e9 papel da C\u00e2mara\u201d<\/em>.<\/p>\n\n\n\n<p>Ap\u00f3s quatro anos da epidemia de zika, o Brasil continua com \u00edndices de incid\u00eancia de microcefalia acima dos n\u00edveis mundiais nas regi\u00f5es Nordeste, Centro-oeste e Sudeste. Em 2018, a cidade de Belo Vale, em Minas Gerais, registrou 50 casos por 10 mil habitantes, enquanto no restante do mundo esse \u00edndice \u00e9 de dois casos por 10 mil.<\/p>\n","protected":false},"excerpt":{"rendered":"<p>Da R\u00e1dio C\u00e2mara, de Bras\u00edlia, Karla Alessandra Em agosto de 2015, neuropediatras de hospitais p\u00fablicos da capital pernambucana observaram um aumento do n\u00famero de casos de microcefalia associados a anomalias cerebrais. Deste ent\u00e3o, pesquisadores desconfiaram da incid\u00eancia do zika v\u00edrus nesse aumento no n\u00famero de casos. Quatro anos depois, os pesquisadores j\u00e1 descobriram que a [&hellip;]<\/p>\n","protected":false},"author":2,"featured_media":0,"comment_status":"open","ping_status":"open","sticky":false,"template":"","format":"standard","meta":{"_acf_changed":false,"_monsterinsights_skip_tracking":false,"_monsterinsights_sitenote_active":false,"_monsterinsights_sitenote_note":"","_monsterinsights_sitenote_category":0,"_jetpack_memberships_contains_paid_content":false,"footnotes":"","jetpack_publicize_message":"","jetpack_publicize_feature_enabled":true,"jetpack_social_post_already_shared":true,"jetpack_social_options":{"image_generator_settings":{"template":"highway","default_image_id":0,"font":"","enabled":false},"version":2}},"categories":[1,3,7],"tags":[],"class_list":["post-38717","post","type-post","status-publish","format-standard","hentry","category-noticias","category-politica","category-saude"],"acf":[],"jetpack_publicize_connections":[],"jetpack_featured_media_url":"","jetpack_sharing_enabled":true,"publishpress_future_workflow_manual_trigger":{"enabledWorkflows":[]},"_links":{"self":[{"href":"https:\/\/blogdoeloiltoncajuhy.com.br\/site\/wp-json\/wp\/v2\/posts\/38717","targetHints":{"allow":["GET"]}}],"collection":[{"href":"https:\/\/blogdoeloiltoncajuhy.com.br\/site\/wp-json\/wp\/v2\/posts"}],"about":[{"href":"https:\/\/blogdoeloiltoncajuhy.com.br\/site\/wp-json\/wp\/v2\/types\/post"}],"author":[{"embeddable":true,"href":"https:\/\/blogdoeloiltoncajuhy.com.br\/site\/wp-json\/wp\/v2\/users\/2"}],"replies":[{"embeddable":true,"href":"https:\/\/blogdoeloiltoncajuhy.com.br\/site\/wp-json\/wp\/v2\/comments?post=38717"}],"version-history":[{"count":1,"href":"https:\/\/blogdoeloiltoncajuhy.com.br\/site\/wp-json\/wp\/v2\/posts\/38717\/revisions"}],"predecessor-version":[{"id":38718,"href":"https:\/\/blogdoeloiltoncajuhy.com.br\/site\/wp-json\/wp\/v2\/posts\/38717\/revisions\/38718"}],"wp:attachment":[{"href":"https:\/\/blogdoeloiltoncajuhy.com.br\/site\/wp-json\/wp\/v2\/media?parent=38717"}],"wp:term":[{"taxonomy":"category","embeddable":true,"href":"https:\/\/blogdoeloiltoncajuhy.com.br\/site\/wp-json\/wp\/v2\/categories?post=38717"},{"taxonomy":"post_tag","embeddable":true,"href":"https:\/\/blogdoeloiltoncajuhy.com.br\/site\/wp-json\/wp\/v2\/tags?post=38717"}],"curies":[{"name":"wp","href":"https:\/\/api.w.org\/{rel}","templated":true}]}}