{"id":38713,"date":"2019-11-12T08:33:02","date_gmt":"2019-11-12T11:33:02","guid":{"rendered":"http:\/\/blogdoeloiltoncajuhy.com.br\/site\/?p=38713"},"modified":"2019-11-12T08:33:09","modified_gmt":"2019-11-12T11:33:09","slug":"ponto-novo-corpo-de-modelo-de-18-anos-que-sumiu-apos-cair-de-moto-aquatica-e-encontrado","status":"publish","type":"post","link":"https:\/\/blogdoeloiltoncajuhy.com.br\/site\/ponto-novo-corpo-de-modelo-de-18-anos-que-sumiu-apos-cair-de-moto-aquatica-e-encontrado\/","title":{"rendered":"Ponto Novo: Corpo de modelo de 18 anos que sumiu ap\u00f3s cair de moto aqu\u00e1tica \u00e9 encontrado"},"content":{"rendered":"\n<h5 class=\"wp-block-heading\" style=\"text-align:center\"><em>Jovem foi encontrada na manh\u00e3 desta ter\u00e7a-feira (12). Vit\u00f3ria desapareceu no s\u00e1bado (9), quando teria se desequilibrado do ve\u00edculo e ca\u00eddo em barragem<\/em><\/h5>\n\n\n\n<p><strong>Por G1 BA<\/strong><\/p>\n\n\n\n<div class=\"wp-block-image\"><figure class=\"aligncenter\"><img data-recalc-dims=\"1\" fetchpriority=\"high\" decoding=\"async\" width=\"800\" height=\"539\" src=\"https:\/\/i0.wp.com\/blogdoeloiltoncajuhy.com.br\/site\/wp-content\/uploads\/2019\/11\/Vitoria_01.jpg?resize=800%2C539\" alt=\"\" class=\"wp-image-38714\" srcset=\"https:\/\/i0.wp.com\/blogdoeloiltoncajuhy.com.br\/site\/wp-content\/uploads\/2019\/11\/Vitoria_01.jpg?w=984&amp;ssl=1 984w, https:\/\/i0.wp.com\/blogdoeloiltoncajuhy.com.br\/site\/wp-content\/uploads\/2019\/11\/Vitoria_01.jpg?resize=300%2C202&amp;ssl=1 300w, https:\/\/i0.wp.com\/blogdoeloiltoncajuhy.com.br\/site\/wp-content\/uploads\/2019\/11\/Vitoria_01.jpg?resize=768%2C517&amp;ssl=1 768w, https:\/\/i0.wp.com\/blogdoeloiltoncajuhy.com.br\/site\/wp-content\/uploads\/2019\/11\/Vitoria_01.jpg?resize=250%2C168&amp;ssl=1 250w\" sizes=\"(max-width: 800px) 100vw, 800px\" \/><figcaption><em>Modelo sumiu ap\u00f3s cair de moto aqu\u00e1tica \u2014 Foto: Reprodu\u00e7\u00e3o\/TV Bahia<\/em><\/figcaption><\/figure><\/div>\n\n\n\n<p>O corpo da modelo <strong>Vit\u00f3ria do Nascimento<\/strong>, de 18 anos, que desapareceu em uma barragem ap\u00f3s cair de moto aqu\u00e1tica, em Ponto Novo, foi encontrado na manh\u00e3 desta ter\u00e7a-feira (12). As informa\u00e7\u00f5es foram confirmadas pelos bombeiros que est\u00e3o no local.<\/p>\n\n\n\n<p>Ainda n\u00e3o h\u00e1 detalhes sobre o hor\u00e1rio em que o corpo foi encontrado e a localiza\u00e7\u00e3o exata. Ainda segundo os bombeiros, informa\u00e7\u00f5es preliminares apontam que o corpo emergiu e volunt\u00e1rios encontraram. Em seguida eles acionaram a corpora\u00e7\u00e3o.<\/p>\n\n\n\n<p>O corpo deve ser lavado para o Departamento de Pol\u00edcia T\u00e9cnica (DPT) de Senhor do Bonfim.<\/p>\n\n\n\n<p>Vit\u00f3ria desapareceu no s\u00e1bado (9), quando teria se desequilibrado do ve\u00edculo e ca\u00eddo nas \u00e1guas da barragem. Informa\u00e7\u00f5es preliminares apontaram que ela estava sem colete salva-vidas na hora do acidente. N\u00e3o h\u00e1 informa\u00e7\u00f5es sobre sepultamento.<\/p>\n\n\n\n<p>O piloto da moto aqu\u00e1tica fugiu do local sem prestar ajuda. Ainda n\u00e3o h\u00e1 informa\u00e7\u00f5es sobre a identidade dele.<\/p>\n\n\n\n<div class=\"wp-block-image\"><figure class=\"aligncenter\"><img data-recalc-dims=\"1\" decoding=\"async\" width=\"800\" height=\"453\" src=\"https:\/\/i0.wp.com\/blogdoeloiltoncajuhy.com.br\/site\/wp-content\/uploads\/2019\/11\/Vitoria_02.jpg?resize=800%2C453\" alt=\"\" class=\"wp-image-38715\" srcset=\"https:\/\/i0.wp.com\/blogdoeloiltoncajuhy.com.br\/site\/wp-content\/uploads\/2019\/11\/Vitoria_02.jpg?w=984&amp;ssl=1 984w, https:\/\/i0.wp.com\/blogdoeloiltoncajuhy.com.br\/site\/wp-content\/uploads\/2019\/11\/Vitoria_02.jpg?resize=300%2C170&amp;ssl=1 300w, https:\/\/i0.wp.com\/blogdoeloiltoncajuhy.com.br\/site\/wp-content\/uploads\/2019\/11\/Vitoria_02.jpg?resize=768%2C435&amp;ssl=1 768w, https:\/\/i0.wp.com\/blogdoeloiltoncajuhy.com.br\/site\/wp-content\/uploads\/2019\/11\/Vitoria_02.jpg?resize=250%2C142&amp;ssl=1 250w\" sizes=\"(max-width: 800px) 100vw, 800px\" \/><figcaption><em>Vit\u00f3ria Nascimento desapareceu na barragem de Ponto Novo, no s\u00e1bado (9). As buscas pela jovem come\u00e7aram nesta segunda-feira (11) \u2014 Foto: Reprodu\u00e7\u00e3o \/ TV Bahia<\/em><\/figcaption><\/figure><\/div>\n","protected":false},"excerpt":{"rendered":"<p>Jovem foi encontrada na manh\u00e3 desta ter\u00e7a-feira (12). Vit\u00f3ria desapareceu no s\u00e1bado (9), quando teria se desequilibrado do ve\u00edculo e ca\u00eddo em barragem Por G1 BA O corpo da modelo Vit\u00f3ria do Nascimento, de 18 anos, que desapareceu em uma barragem ap\u00f3s cair de moto aqu\u00e1tica, em Ponto Novo, foi encontrado na manh\u00e3 desta ter\u00e7a-feira [&hellip;]<\/p>\n","protected":false},"author":2,"featured_media":38715,"comment_status":"open","ping_status":"open","sticky":false,"template":"","format":"standard","meta":{"_acf_changed":false,"_monsterinsights_skip_tracking":false,"_monsterinsights_sitenote_active":false,"_monsterinsights_sitenote_note":"","_monsterinsights_sitenote_category":0,"_jetpack_memberships_contains_paid_content":false,"footnotes":"","jetpack_publicize_message":"","jetpack_publicize_feature_enabled":true,"jetpack_social_post_already_shared":true,"jetpack_social_options":{"image_generator_settings":{"template":"highway","default_image_id":0,"font":"","enabled":false},"version":2}},"categories":[5,1,11],"tags":[],"class_list":["post-38713","post","type-post","status-publish","format-standard","has-post-thumbnail","hentry","category-cotidiano","category-noticias","category-regional"],"acf":[],"jetpack_publicize_connections":[],"jetpack_featured_media_url":"https:\/\/i0.wp.com\/blogdoeloiltoncajuhy.com.br\/site\/wp-content\/uploads\/2019\/11\/Vitoria_02.jpg?fit=984%2C557&ssl=1","jetpack_sharing_enabled":true,"publishpress_future_workflow_manual_trigger":{"enabledWorkflows":[]},"_links":{"self":[{"href":"https:\/\/blogdoeloiltoncajuhy.com.br\/site\/wp-json\/wp\/v2\/posts\/38713","targetHints":{"allow":["GET"]}}],"collection":[{"href":"https:\/\/blogdoeloiltoncajuhy.com.br\/site\/wp-json\/wp\/v2\/posts"}],"about":[{"href":"https:\/\/blogdoeloiltoncajuhy.com.br\/site\/wp-json\/wp\/v2\/types\/post"}],"author":[{"embeddable":true,"href":"https:\/\/blogdoeloiltoncajuhy.com.br\/site\/wp-json\/wp\/v2\/users\/2"}],"replies":[{"embeddable":true,"href":"https:\/\/blogdoeloiltoncajuhy.com.br\/site\/wp-json\/wp\/v2\/comments?post=38713"}],"version-history":[{"count":1,"href":"https:\/\/blogdoeloiltoncajuhy.com.br\/site\/wp-json\/wp\/v2\/posts\/38713\/revisions"}],"predecessor-version":[{"id":38716,"href":"https:\/\/blogdoeloiltoncajuhy.com.br\/site\/wp-json\/wp\/v2\/posts\/38713\/revisions\/38716"}],"wp:featuredmedia":[{"embeddable":true,"href":"https:\/\/blogdoeloiltoncajuhy.com.br\/site\/wp-json\/wp\/v2\/media\/38715"}],"wp:attachment":[{"href":"https:\/\/blogdoeloiltoncajuhy.com.br\/site\/wp-json\/wp\/v2\/media?parent=38713"}],"wp:term":[{"taxonomy":"category","embeddable":true,"href":"https:\/\/blogdoeloiltoncajuhy.com.br\/site\/wp-json\/wp\/v2\/categories?post=38713"},{"taxonomy":"post_tag","embeddable":true,"href":"https:\/\/blogdoeloiltoncajuhy.com.br\/site\/wp-json\/wp\/v2\/tags?post=38713"}],"curies":[{"name":"wp","href":"https:\/\/api.w.org\/{rel}","templated":true}]}}