{"id":38696,"date":"2019-11-11T17:06:09","date_gmt":"2019-11-11T20:06:09","guid":{"rendered":"http:\/\/blogdoeloiltoncajuhy.com.br\/site\/?p=38696"},"modified":"2024-10-23T17:17:09","modified_gmt":"2024-10-23T20:17:09","slug":"inaugurada-14a-policlinica-regional-de-saude-em-senhor-do-bonfim","status":"publish","type":"post","link":"https:\/\/blogdoeloiltoncajuhy.com.br\/site\/inaugurada-14a-policlinica-regional-de-saude-em-senhor-do-bonfim\/","title":{"rendered":"Inaugurada 14\u00aa Policl\u00ednica Regional de Sa\u00fade em Senhor do Bonfim"},"content":{"rendered":"\n<p><strong>Secom-BA<\/strong><\/p>\n\n\n\n<figure class=\"wp-block-image aligncenter size-full\"><a href=\"https:\/\/i0.wp.com\/blogdoeloiltoncajuhy.com.br\/site\/wp-content\/uploads\/2024\/06\/Bonfim_rodovia-Bonfim-Campo-Formoso.jpg\"><img data-recalc-dims=\"1\" fetchpriority=\"high\" decoding=\"async\" width=\"700\" height=\"700\" src=\"https:\/\/i0.wp.com\/blogdoeloiltoncajuhy.com.br\/site\/wp-content\/uploads\/2024\/06\/Bonfim_rodovia-Bonfim-Campo-Formoso.jpg?resize=700%2C700\" alt=\"\" class=\"wp-image-81170\" srcset=\"https:\/\/i0.wp.com\/blogdoeloiltoncajuhy.com.br\/site\/wp-content\/uploads\/2024\/06\/Bonfim_rodovia-Bonfim-Campo-Formoso.jpg?w=700&amp;ssl=1 700w, https:\/\/i0.wp.com\/blogdoeloiltoncajuhy.com.br\/site\/wp-content\/uploads\/2024\/06\/Bonfim_rodovia-Bonfim-Campo-Formoso.jpg?resize=300%2C300&amp;ssl=1 300w, https:\/\/i0.wp.com\/blogdoeloiltoncajuhy.com.br\/site\/wp-content\/uploads\/2024\/06\/Bonfim_rodovia-Bonfim-Campo-Formoso.jpg?resize=150%2C150&amp;ssl=1 150w\" sizes=\"(max-width: 700px) 100vw, 700px\" \/><\/a><\/figure>\n\n\n\n<p>A d\u00e9cima quarta Policl\u00ednica Regional de Sa\u00fade foi entregue \u00e0 popula\u00e7\u00e3o pelo governador Rui Costa, nesta segunda-feira (11), em Senhor do Bonfim, no norte do estado. Com um investimento de R$ 23 milh\u00f5es, a unidade dar\u00e1 assist\u00eancia a 11 munic\u00edpios da regi\u00e3o que formam o Cons\u00f3rcio Interfederativo de Sa\u00fade: Andorinha, Ant\u00f4nio Gon\u00e7alves, Campo Formoso, Cansan\u00e7\u00e3o, Filad\u00e9lfia, Iti\u00faba, Jaguarari, Nordestina, Ponto Novo, Queimadas e Senhor do Bonfim.<\/p>\n\n\n\n<p><em>\u201cEsta \u00e9 mais uma unidade de sa\u00fade na Bahia planejada e constru\u00edda num modelo integrado. O Governo do Estado construiu a policl\u00ednica e o custeio com a manuten\u00e7\u00e3o ser\u00e1 dividido entre o Estado e as cidades que fazem parte do cons\u00f3rcio, sendo que cada munic\u00edpio pagar\u00e1 de forma proporcional a sua popula\u00e7\u00e3o\u201d<\/em>, explicou o governador.<\/p>\n\n\n\n<p>A Policl\u00ednica de Senhor do Bonfim j\u00e1 come\u00e7a a funcionar a partir desta ter\u00e7a-feira (12), oferecendo atendimento gratuito para cerca de 350 mil moradores da regi\u00e3o. A unidade conta com uma equipe formada por 67 profissionais, incluindo m\u00e9dicos, enfermeiros, psic\u00f3logo, farmac\u00eautico, nutricionista, ouvidor, assessores t\u00e9cnicos, assistente social, t\u00e9cnicos em enfermagem, t\u00e9cnicos em radiologia e assistentes administrativos. \u00d4nibus equipados com ar condicionado e internet wi-fi realizar\u00e3o o transporte dos pacientes que moram nos munic\u00edpios vizinhos.<\/p>\n\n\n\n<p>A unidade oferece consultas em especialidades como angiologia, cardiologia, endocrinologia, gastroenterologia, neurologia, ortopedia, oftalmologia, otorrinolaringologia, ginecologia\/obstetr\u00edcia, mastologia e urologia. Tamb\u00e9m ser\u00e3o realizados exames como resson\u00e2ncia magn\u00e9tica (com e sem contraste), tomografia (com e sem contraste), mamografia, ultrassonografia com doppler, ecocardiografia, ergometria, mapa, holter, eletroencefalograma, raio-X, eletrocardiograma, endoscopia, colonoscopia, nasolaringoscopia, colposcopia, histeroscopia, cistoscopia, entre outros, ligados \u00e0s especialidades de oftalmologia.<\/p>\n\n\n\n<p>Na ocasi\u00e3o, o governador recebeu o t\u00edtulo de Cidad\u00e3o Bonfinense, entregue pela C\u00e2mara Municipal, e entregou nove ambul\u00e2ncias e um aparelho de ultrassom para munic\u00edpios da regi\u00e3o, totalizando um investimento de R$ 960 mil.<\/p>\n\n\n\n<p class=\"has-medium-font-size\"><strong>Policl\u00ednicas Regionais<\/strong><\/p>\n\n\n\n<p>Treze Policl\u00ednicas Regionais de Sa\u00fade j\u00e1 est\u00e3o em funcionamento na Bahia. As unidades oferecem atendimentos a cidad\u00e3os das regi\u00f5es de Guanambi, Jequi\u00e9, Irec\u00ea, Alagoinhas, Feira de Santana, Valen\u00e7a, Santo Ant\u00f4nio de Jesus, Teixeira de Freitas, Paulo Afonso, Juazeiro, Vit\u00f3ria da Conquista, Jacobina e Itabuna. Ao todo, mais de sete milh\u00f5es de baianos, em 279 munic\u00edpios, j\u00e1 s\u00e3o contemplados pelas unidades. Al\u00e9m das que j\u00e1 est\u00e3o em funcionamento e da entrega em Senhor do Bonfim, outras cinco policl\u00ednicas est\u00e3o em constru\u00e7\u00e3o nos munic\u00edpios de Salvador (duas unidades), Barreiras, S\u00e3o Francisco do Conde e Sim\u00f5es Filho.<\/p>\n\n\n\n<p class=\"has-medium-font-size\"><strong>Infraestrutura<\/strong><\/p>\n\n\n\n<p>Ainda em Senhor do Bonfim, o governador autorizou a Secretaria de Infraestrutura (Seinfra) a publicar o edital de licita\u00e7\u00e3o para a constru\u00e7\u00e3o do Aer\u00f3dromo de Senhor do Bonfim, que contempla a constru\u00e7\u00e3o da pista de pouso e decolagem, taxiway e p\u00e1tio de estacionamento de aeronaves. Com investimento de mais de R$ 19 milh\u00f5es, a obra ter\u00e1 uma configura\u00e7\u00e3o e infraestrutura b\u00e1sica, capaz de atender a opera\u00e7\u00e3o de aeronaves t\u00edpicas da avia\u00e7\u00e3o geral regional em atividade no pa\u00eds.<\/p>\n\n\n\n<p>Rui tamb\u00e9m inaugurou obras de pavimenta\u00e7\u00e3o na BA-131, na rotat\u00f3ria e no trecho que d\u00e1 acesso \u00e0 Policl\u00ednica. Tamb\u00e9m foram inaugurados quatro quil\u00f4metros de pavimenta\u00e7\u00e3o com capa selante no trecho que d\u00e1 acesso \u00e0 BR-407, no povoado de Umburana. Um investimento de R$ 2,3 milh\u00f5es.<\/p>\n\n\n\n<p class=\"has-medium-font-size\"><strong>Outras a\u00e7\u00f5es<\/strong><\/p>\n\n\n\n<p>Rui Costa ainda autorizou um conv\u00eanio no \u00c2mbito do Projeto Pr\u00f3-Semi\u00e1rido com a Central das Associa\u00e7\u00f5es da Agricultura Familiar do Territ\u00f3rio do Piemonte Norte do Itapicuru (CAAFTIPNI), para implanta\u00e7\u00e3o do Emp\u00f3rio da Agricultura Familiar, e outros dois conv\u00eanios no \u00c2mbito do Projeto Bahia Produtiva com a Associa\u00e7\u00f5es dos Camponeses e Camponesas do Projeto de Assentamento Jiboia.<\/p>\n\n\n\n<p>Na \u00e1rea de abastecimento, foi autorizada a implanta\u00e7\u00e3o de um Sistema de Abastecimento de \u00c1gua para abastecer o povoado de Picada. As obras ir\u00e3o receber um investimento de R$ 287 mil. Tamb\u00e9m na oportunidade, o governador anunciou a implanta\u00e7\u00e3o do sinal de telefonia celular da operadora Claro nas localidades de Tijua\u00e7u, Miss\u00e3o do Sahy e Quic\u00e9, atrav\u00e9s do Programa Fala Bahia.<\/p>\n","protected":false},"excerpt":{"rendered":"<p>Secom-BA A d\u00e9cima quarta Policl\u00ednica Regional de Sa\u00fade foi entregue \u00e0 popula\u00e7\u00e3o pelo governador Rui Costa, nesta segunda-feira (11), em Senhor do Bonfim, no norte do estado. Com um investimento de R$ 23 milh\u00f5es, a unidade dar\u00e1 assist\u00eancia a 11 munic\u00edpios da regi\u00e3o que formam o Cons\u00f3rcio Interfederativo de Sa\u00fade: Andorinha, Ant\u00f4nio Gon\u00e7alves, Campo Formoso, [&hellip;]<\/p>\n","protected":false},"author":2,"featured_media":38700,"comment_status":"open","ping_status":"open","sticky":false,"template":"","format":"standard","meta":{"_acf_changed":false,"_monsterinsights_skip_tracking":false,"_monsterinsights_sitenote_active":false,"_monsterinsights_sitenote_note":"","_monsterinsights_sitenote_category":0,"_jetpack_memberships_contains_paid_content":false,"footnotes":"","jetpack_publicize_message":"","jetpack_publicize_feature_enabled":true,"jetpack_social_post_already_shared":true,"jetpack_social_options":{"image_generator_settings":{"template":"highway","default_image_id":0,"font":"","enabled":false},"version":2}},"categories":[1,3,7],"tags":[],"class_list":["post-38696","post","type-post","status-publish","format-standard","has-post-thumbnail","hentry","category-noticias","category-politica","category-saude"],"acf":[],"jetpack_publicize_connections":[],"jetpack_featured_media_url":"https:\/\/i0.wp.com\/blogdoeloiltoncajuhy.com.br\/site\/wp-content\/uploads\/2019\/11\/Policl%C3%ADnicaInaugura%C3%A7%C3%A3o-02.jpg?fit=1280%2C853&ssl=1","jetpack_sharing_enabled":true,"publishpress_future_workflow_manual_trigger":{"enabledWorkflows":[]},"_links":{"self":[{"href":"https:\/\/blogdoeloiltoncajuhy.com.br\/site\/wp-json\/wp\/v2\/posts\/38696","targetHints":{"allow":["GET"]}}],"collection":[{"href":"https:\/\/blogdoeloiltoncajuhy.com.br\/site\/wp-json\/wp\/v2\/posts"}],"about":[{"href":"https:\/\/blogdoeloiltoncajuhy.com.br\/site\/wp-json\/wp\/v2\/types\/post"}],"author":[{"embeddable":true,"href":"https:\/\/blogdoeloiltoncajuhy.com.br\/site\/wp-json\/wp\/v2\/users\/2"}],"replies":[{"embeddable":true,"href":"https:\/\/blogdoeloiltoncajuhy.com.br\/site\/wp-json\/wp\/v2\/comments?post=38696"}],"version-history":[{"count":3,"href":"https:\/\/blogdoeloiltoncajuhy.com.br\/site\/wp-json\/wp\/v2\/posts\/38696\/revisions"}],"predecessor-version":[{"id":83804,"href":"https:\/\/blogdoeloiltoncajuhy.com.br\/site\/wp-json\/wp\/v2\/posts\/38696\/revisions\/83804"}],"wp:featuredmedia":[{"embeddable":true,"href":"https:\/\/blogdoeloiltoncajuhy.com.br\/site\/wp-json\/wp\/v2\/media\/38700"}],"wp:attachment":[{"href":"https:\/\/blogdoeloiltoncajuhy.com.br\/site\/wp-json\/wp\/v2\/media?parent=38696"}],"wp:term":[{"taxonomy":"category","embeddable":true,"href":"https:\/\/blogdoeloiltoncajuhy.com.br\/site\/wp-json\/wp\/v2\/categories?post=38696"},{"taxonomy":"post_tag","embeddable":true,"href":"https:\/\/blogdoeloiltoncajuhy.com.br\/site\/wp-json\/wp\/v2\/tags?post=38696"}],"curies":[{"name":"wp","href":"https:\/\/api.w.org\/{rel}","templated":true}]}}