{"id":38693,"date":"2019-11-11T16:47:09","date_gmt":"2019-11-11T19:47:09","guid":{"rendered":"http:\/\/blogdoeloiltoncajuhy.com.br\/site\/?p=38693"},"modified":"2019-11-11T16:47:15","modified_gmt":"2019-11-11T19:47:15","slug":"prefeito-de-jaguarari-acompanha-o-andamento-da-construcao-dos-pontos-de-onibus-pelo-municipio","status":"publish","type":"post","link":"https:\/\/blogdoeloiltoncajuhy.com.br\/site\/prefeito-de-jaguarari-acompanha-o-andamento-da-construcao-dos-pontos-de-onibus-pelo-municipio\/","title":{"rendered":"Prefeito de Jaguarari acompanha o andamento da constru\u00e7\u00e3o dos pontos de \u00f4nibus pelo munic\u00edpio"},"content":{"rendered":"\n<p><strong>ASCOM &#8211; Prefeitura de Jaguarari-BA<\/strong><\/p>\n\n\n\n<div class=\"wp-block-image\"><figure class=\"aligncenter is-resized\"><img fetchpriority=\"high\" decoding=\"async\" src=\"https:\/\/i0.wp.com\/blogdoeloiltoncajuhy.com.br\/site\/wp-content\/uploads\/2019\/11\/PMJ_PontosOnibus-2134.jpg?fit=590%2C393\" alt=\"\" class=\"wp-image-38694\" width=\"443\" height=\"295\" srcset=\"https:\/\/i0.wp.com\/blogdoeloiltoncajuhy.com.br\/site\/wp-content\/uploads\/2019\/11\/PMJ_PontosOnibus-2134.jpg?w=1280&amp;ssl=1 1280w, https:\/\/i0.wp.com\/blogdoeloiltoncajuhy.com.br\/site\/wp-content\/uploads\/2019\/11\/PMJ_PontosOnibus-2134.jpg?resize=300%2C200&amp;ssl=1 300w, https:\/\/i0.wp.com\/blogdoeloiltoncajuhy.com.br\/site\/wp-content\/uploads\/2019\/11\/PMJ_PontosOnibus-2134.jpg?resize=768%2C512&amp;ssl=1 768w, https:\/\/i0.wp.com\/blogdoeloiltoncajuhy.com.br\/site\/wp-content\/uploads\/2019\/11\/PMJ_PontosOnibus-2134.jpg?resize=1024%2C682&amp;ssl=1 1024w, https:\/\/i0.wp.com\/blogdoeloiltoncajuhy.com.br\/site\/wp-content\/uploads\/2019\/11\/PMJ_PontosOnibus-2134.jpg?resize=250%2C167&amp;ssl=1 250w\" sizes=\"(max-width: 443px) 100vw, 443px\" \/><\/figure><\/div>\n\n\n\n<p>Na ultima sexta-feira (08), o prefeito de Jaguarari, Everton Rocha, visitou os locais onde est\u00e3o sendo constru\u00eddos os pontos de \u00f4nibus no munic\u00edpio. Acompanhado pelo representante da empresa respons\u00e1vel pela obra, vistoriou o avan\u00e7o das obras, que se encontram atualmente na montagem da cobertura e pr\u00e9-moldados.<\/p>\n\n\n\n<p><em>&#8220;Hoje estamos aqui vendo o andamento da obra. Vistoriando se est\u00e1 tudo como planejado, em respeito \u00e0s pessoas que, ap\u00f3s a conclus\u00e3o da obra, utilizar\u00e3o os pontos para aguardar o transporte com mais conforto&#8221;<\/em>, pontuou o prefeito.<\/p>\n\n\n\n<p>Essa \u00e9 mais uma obra realizada com recursos pr\u00f3prios da prefeitura de Jaguarari, mostrando o respeito pelo dinheiro p\u00fablico. A implanta\u00e7\u00e3o dos pontos de \u00f4nibus no munic\u00edpio est\u00e1 sendo executada com um cronograma de prioridades, e faz parte de um projeto de melhoria em mobilidade urbana.<\/p>\n","protected":false},"excerpt":{"rendered":"<p>ASCOM &#8211; Prefeitura de Jaguarari-BA Na ultima sexta-feira (08), o prefeito de Jaguarari, Everton Rocha, visitou os locais onde est\u00e3o sendo constru\u00eddos os pontos de \u00f4nibus no munic\u00edpio. Acompanhado pelo representante da empresa respons\u00e1vel pela obra, vistoriou o avan\u00e7o das obras, que se encontram atualmente na montagem da cobertura e pr\u00e9-moldados. &#8220;Hoje estamos aqui vendo [&hellip;]<\/p>\n","protected":false},"author":2,"featured_media":38694,"comment_status":"open","ping_status":"open","sticky":false,"template":"","format":"standard","meta":{"_acf_changed":false,"_monsterinsights_skip_tracking":false,"_monsterinsights_sitenote_active":false,"_monsterinsights_sitenote_note":"","_monsterinsights_sitenote_category":0,"_jetpack_memberships_contains_paid_content":false,"footnotes":"","jetpack_publicize_message":"","jetpack_publicize_feature_enabled":true,"jetpack_social_post_already_shared":true,"jetpack_social_options":{"image_generator_settings":{"template":"highway","default_image_id":0,"font":"","enabled":false},"version":2}},"categories":[1,3,11],"tags":[],"class_list":["post-38693","post","type-post","status-publish","format-standard","has-post-thumbnail","hentry","category-noticias","category-politica","category-regional"],"acf":[],"jetpack_publicize_connections":[],"jetpack_featured_media_url":"https:\/\/i0.wp.com\/blogdoeloiltoncajuhy.com.br\/site\/wp-content\/uploads\/2019\/11\/PMJ_PontosOnibus-2134.jpg?fit=1280%2C853&ssl=1","jetpack_sharing_enabled":true,"publishpress_future_workflow_manual_trigger":{"enabledWorkflows":[]},"_links":{"self":[{"href":"https:\/\/blogdoeloiltoncajuhy.com.br\/site\/wp-json\/wp\/v2\/posts\/38693","targetHints":{"allow":["GET"]}}],"collection":[{"href":"https:\/\/blogdoeloiltoncajuhy.com.br\/site\/wp-json\/wp\/v2\/posts"}],"about":[{"href":"https:\/\/blogdoeloiltoncajuhy.com.br\/site\/wp-json\/wp\/v2\/types\/post"}],"author":[{"embeddable":true,"href":"https:\/\/blogdoeloiltoncajuhy.com.br\/site\/wp-json\/wp\/v2\/users\/2"}],"replies":[{"embeddable":true,"href":"https:\/\/blogdoeloiltoncajuhy.com.br\/site\/wp-json\/wp\/v2\/comments?post=38693"}],"version-history":[{"count":1,"href":"https:\/\/blogdoeloiltoncajuhy.com.br\/site\/wp-json\/wp\/v2\/posts\/38693\/revisions"}],"predecessor-version":[{"id":38695,"href":"https:\/\/blogdoeloiltoncajuhy.com.br\/site\/wp-json\/wp\/v2\/posts\/38693\/revisions\/38695"}],"wp:featuredmedia":[{"embeddable":true,"href":"https:\/\/blogdoeloiltoncajuhy.com.br\/site\/wp-json\/wp\/v2\/media\/38694"}],"wp:attachment":[{"href":"https:\/\/blogdoeloiltoncajuhy.com.br\/site\/wp-json\/wp\/v2\/media?parent=38693"}],"wp:term":[{"taxonomy":"category","embeddable":true,"href":"https:\/\/blogdoeloiltoncajuhy.com.br\/site\/wp-json\/wp\/v2\/categories?post=38693"},{"taxonomy":"post_tag","embeddable":true,"href":"https:\/\/blogdoeloiltoncajuhy.com.br\/site\/wp-json\/wp\/v2\/tags?post=38693"}],"curies":[{"name":"wp","href":"https:\/\/api.w.org\/{rel}","templated":true}]}}