{"id":38688,"date":"2019-11-11T07:15:14","date_gmt":"2019-11-11T10:15:14","guid":{"rendered":"http:\/\/blogdoeloiltoncajuhy.com.br\/site\/?p=38688"},"modified":"2019-11-11T07:15:20","modified_gmt":"2019-11-11T10:15:20","slug":"palmeirinhas-jovem-faz-boa-campanha-na-salvador-cup-kids","status":"publish","type":"post","link":"https:\/\/blogdoeloiltoncajuhy.com.br\/site\/palmeirinhas-jovem-faz-boa-campanha-na-salvador-cup-kids\/","title":{"rendered":"Palmeirinhas Jovem faz boa campanha na Salvador Cup Kids"},"content":{"rendered":"\n<p><strong>BLOG DO ELOILTON CAJUHY<\/strong><\/p>\n\n\n\n<div class=\"wp-block-image\"><figure class=\"aligncenter is-resized\"><img data-recalc-dims=\"1\" fetchpriority=\"high\" decoding=\"async\" src=\"https:\/\/i0.wp.com\/blogdoeloiltoncajuhy.com.br\/site\/wp-content\/uploads\/2019\/11\/SCK_MoisesDudu.jpg?resize=300%2C400\" alt=\"\" class=\"wp-image-38689\" width=\"300\" height=\"400\" srcset=\"https:\/\/i0.wp.com\/blogdoeloiltoncajuhy.com.br\/site\/wp-content\/uploads\/2019\/11\/SCK_MoisesDudu.jpg?w=600&amp;ssl=1 600w, https:\/\/i0.wp.com\/blogdoeloiltoncajuhy.com.br\/site\/wp-content\/uploads\/2019\/11\/SCK_MoisesDudu.jpg?resize=225%2C300&amp;ssl=1 225w, https:\/\/i0.wp.com\/blogdoeloiltoncajuhy.com.br\/site\/wp-content\/uploads\/2019\/11\/SCK_MoisesDudu.jpg?resize=188%2C250&amp;ssl=1 188w\" sizes=\"(max-width: 300px) 100vw, 300px\" \/><\/figure><\/div>\n\n\n\n<p>A Escolinha do Palmeirinhas Jovem Bonfinense participou neste final de semana da Salvador Cup Kids, competi\u00e7\u00e3o de divis\u00e3o de base de futebol, que est\u00e1 acontecendo na capital do estado.<\/p>\n\n\n\n<p>Competindo com as equipes Sub 09 e Sub 11, a escolinha disputou no total 6 jogos, ganhando 4 e perdendo duas.<\/p>\n\n\n\n<p class=\"has-medium-font-size\"><strong>Confira os resultados:<\/strong><\/p>\n\n\n\n<p><strong>-Sub 09<\/strong><br>09\/11 &#8211; s\u00e1bado &#8211; 11h: <strong>Palmeirinhas 3 x 0 Kingdom<\/strong><br>15h45: <strong>Palmeirinhas 0 x 2 JUV<\/strong><br>10\/11 &#8211; domingo &#8211; 12h: <strong>Palmeirinhas 2 x 0 Vit\u00f3ria<\/strong><\/p>\n\n\n\n<p><strong>-Sub 11<\/strong><br>09\/11 &#8211; s\u00e1bado &#8211; 9h30:<strong> Palmeirinhas 2 x 1 Real Salvador<\/strong><br>10\/11 &#8211; domingo &#8211; 11h: <strong>Palmeirinhas 0 x 3 Costa Lyra<\/strong><br>14h30: <strong>Palmeirinhas 2 x 1 Villas<\/strong><\/p>\n\n\n\n<p>No momento, o Palmeirinhas Jovem est\u00e1 na primeira coloca\u00e7\u00e3o dos respectivos grupos e aguarda os jogos finais da fase de grupos, que ser\u00e3o realizados no pr\u00f3ximo final de semana, mas deixou Salvador neste domingo (10), com a classifica\u00e7\u00e3o praticamente garantida para as quartas de final que ser\u00e3o disputadas nos dias 23 e 24 de novembro.<\/p>\n\n\n\n<div class=\"wp-block-image\"><figure class=\"aligncenter is-resized\"><img decoding=\"async\" src=\"https:\/\/i1.wp.com\/blogdoeloiltoncajuhy.com.br\/site\/wp-content\/uploads\/2019\/11\/SCK_Sub09.jpg?fit=590%2C590\" alt=\"\" class=\"wp-image-38690\" width=\"443\" height=\"443\" srcset=\"https:\/\/i0.wp.com\/blogdoeloiltoncajuhy.com.br\/site\/wp-content\/uploads\/2019\/11\/SCK_Sub09.jpg?w=1080&amp;ssl=1 1080w, https:\/\/i0.wp.com\/blogdoeloiltoncajuhy.com.br\/site\/wp-content\/uploads\/2019\/11\/SCK_Sub09.jpg?resize=150%2C150&amp;ssl=1 150w, https:\/\/i0.wp.com\/blogdoeloiltoncajuhy.com.br\/site\/wp-content\/uploads\/2019\/11\/SCK_Sub09.jpg?resize=300%2C300&amp;ssl=1 300w, https:\/\/i0.wp.com\/blogdoeloiltoncajuhy.com.br\/site\/wp-content\/uploads\/2019\/11\/SCK_Sub09.jpg?resize=768%2C768&amp;ssl=1 768w, https:\/\/i0.wp.com\/blogdoeloiltoncajuhy.com.br\/site\/wp-content\/uploads\/2019\/11\/SCK_Sub09.jpg?resize=1024%2C1024&amp;ssl=1 1024w, https:\/\/i0.wp.com\/blogdoeloiltoncajuhy.com.br\/site\/wp-content\/uploads\/2019\/11\/SCK_Sub09.jpg?resize=250%2C250&amp;ssl=1 250w, https:\/\/i0.wp.com\/blogdoeloiltoncajuhy.com.br\/site\/wp-content\/uploads\/2019\/11\/SCK_Sub09.jpg?resize=48%2C48&amp;ssl=1 48w\" sizes=\"(max-width: 443px) 100vw, 443px\" \/><\/figure><\/div>\n\n\n\n<div class=\"wp-block-image\"><figure class=\"aligncenter is-resized\"><img decoding=\"async\" src=\"https:\/\/i0.wp.com\/blogdoeloiltoncajuhy.com.br\/site\/wp-content\/uploads\/2019\/11\/SCK_Sub11.jpg?fit=590%2C590\" alt=\"\" class=\"wp-image-38691\" width=\"443\" height=\"443\" srcset=\"https:\/\/i0.wp.com\/blogdoeloiltoncajuhy.com.br\/site\/wp-content\/uploads\/2019\/11\/SCK_Sub11.jpg?w=1080&amp;ssl=1 1080w, https:\/\/i0.wp.com\/blogdoeloiltoncajuhy.com.br\/site\/wp-content\/uploads\/2019\/11\/SCK_Sub11.jpg?resize=150%2C150&amp;ssl=1 150w, https:\/\/i0.wp.com\/blogdoeloiltoncajuhy.com.br\/site\/wp-content\/uploads\/2019\/11\/SCK_Sub11.jpg?resize=300%2C300&amp;ssl=1 300w, https:\/\/i0.wp.com\/blogdoeloiltoncajuhy.com.br\/site\/wp-content\/uploads\/2019\/11\/SCK_Sub11.jpg?resize=768%2C768&amp;ssl=1 768w, https:\/\/i0.wp.com\/blogdoeloiltoncajuhy.com.br\/site\/wp-content\/uploads\/2019\/11\/SCK_Sub11.jpg?resize=1024%2C1024&amp;ssl=1 1024w, https:\/\/i0.wp.com\/blogdoeloiltoncajuhy.com.br\/site\/wp-content\/uploads\/2019\/11\/SCK_Sub11.jpg?resize=250%2C250&amp;ssl=1 250w, https:\/\/i0.wp.com\/blogdoeloiltoncajuhy.com.br\/site\/wp-content\/uploads\/2019\/11\/SCK_Sub11.jpg?resize=48%2C48&amp;ssl=1 48w\" sizes=\"(max-width: 443px) 100vw, 443px\" \/><\/figure><\/div>\n","protected":false},"excerpt":{"rendered":"<p>BLOG DO ELOILTON CAJUHY A Escolinha do Palmeirinhas Jovem Bonfinense participou neste final de semana da Salvador Cup Kids, competi\u00e7\u00e3o de divis\u00e3o de base de futebol, que est\u00e1 acontecendo na capital do estado. Competindo com as equipes Sub 09 e Sub 11, a escolinha disputou no total 6 jogos, ganhando 4 e perdendo duas. Confira [&hellip;]<\/p>\n","protected":false},"author":2,"featured_media":38691,"comment_status":"open","ping_status":"open","sticky":false,"template":"","format":"standard","meta":{"_acf_changed":false,"_monsterinsights_skip_tracking":false,"_monsterinsights_sitenote_active":false,"_monsterinsights_sitenote_note":"","_monsterinsights_sitenote_category":0,"_jetpack_memberships_contains_paid_content":false,"footnotes":"","jetpack_publicize_message":"","jetpack_publicize_feature_enabled":true,"jetpack_social_post_already_shared":true,"jetpack_social_options":{"image_generator_settings":{"template":"highway","default_image_id":0,"font":"","enabled":false},"version":2}},"categories":[6,1,4],"tags":[],"class_list":["post-38688","post","type-post","status-publish","format-standard","has-post-thumbnail","hentry","category-esportes","category-noticias","category-local"],"acf":[],"jetpack_publicize_connections":[],"jetpack_featured_media_url":"https:\/\/i0.wp.com\/blogdoeloiltoncajuhy.com.br\/site\/wp-content\/uploads\/2019\/11\/SCK_Sub11.jpg?fit=1080%2C1080&ssl=1","jetpack_sharing_enabled":true,"publishpress_future_workflow_manual_trigger":{"enabledWorkflows":[]},"_links":{"self":[{"href":"https:\/\/blogdoeloiltoncajuhy.com.br\/site\/wp-json\/wp\/v2\/posts\/38688","targetHints":{"allow":["GET"]}}],"collection":[{"href":"https:\/\/blogdoeloiltoncajuhy.com.br\/site\/wp-json\/wp\/v2\/posts"}],"about":[{"href":"https:\/\/blogdoeloiltoncajuhy.com.br\/site\/wp-json\/wp\/v2\/types\/post"}],"author":[{"embeddable":true,"href":"https:\/\/blogdoeloiltoncajuhy.com.br\/site\/wp-json\/wp\/v2\/users\/2"}],"replies":[{"embeddable":true,"href":"https:\/\/blogdoeloiltoncajuhy.com.br\/site\/wp-json\/wp\/v2\/comments?post=38688"}],"version-history":[{"count":1,"href":"https:\/\/blogdoeloiltoncajuhy.com.br\/site\/wp-json\/wp\/v2\/posts\/38688\/revisions"}],"predecessor-version":[{"id":38692,"href":"https:\/\/blogdoeloiltoncajuhy.com.br\/site\/wp-json\/wp\/v2\/posts\/38688\/revisions\/38692"}],"wp:featuredmedia":[{"embeddable":true,"href":"https:\/\/blogdoeloiltoncajuhy.com.br\/site\/wp-json\/wp\/v2\/media\/38691"}],"wp:attachment":[{"href":"https:\/\/blogdoeloiltoncajuhy.com.br\/site\/wp-json\/wp\/v2\/media?parent=38688"}],"wp:term":[{"taxonomy":"category","embeddable":true,"href":"https:\/\/blogdoeloiltoncajuhy.com.br\/site\/wp-json\/wp\/v2\/categories?post=38688"},{"taxonomy":"post_tag","embeddable":true,"href":"https:\/\/blogdoeloiltoncajuhy.com.br\/site\/wp-json\/wp\/v2\/tags?post=38688"}],"curies":[{"name":"wp","href":"https:\/\/api.w.org\/{rel}","templated":true}]}}