{"id":38683,"date":"2019-11-11T06:55:50","date_gmt":"2019-11-11T09:55:50","guid":{"rendered":"http:\/\/blogdoeloiltoncajuhy.com.br\/site\/?p=38683"},"modified":"2019-11-11T06:55:56","modified_gmt":"2019-11-11T09:55:56","slug":"escola-municipal-marcelino-crisostomo-completa-25-anos-dedicados-a-educacao-em-gameleira","status":"publish","type":"post","link":"https:\/\/blogdoeloiltoncajuhy.com.br\/site\/escola-municipal-marcelino-crisostomo-completa-25-anos-dedicados-a-educacao-em-gameleira\/","title":{"rendered":"Escola Municipal Marcelino Cris\u00f3stomo completa 25 anos dedicados \u00e0 educa\u00e7\u00e3o em Gameleira"},"content":{"rendered":"\n<p><strong>ASCOM &#8211; Prefeitura de Jaguarari-BA<\/strong><\/p>\n\n\n\n<div class=\"wp-block-image\"><figure class=\"aligncenter is-resized\"><img data-recalc-dims=\"1\" fetchpriority=\"high\" decoding=\"async\" src=\"https:\/\/i0.wp.com\/blogdoeloiltoncajuhy.com.br\/site\/wp-content\/uploads\/2019\/11\/PMJ_EscolaGameleira_01.jpg?resize=480%2C320\" alt=\"\" class=\"wp-image-38684\" width=\"480\" height=\"320\" srcset=\"https:\/\/i0.wp.com\/blogdoeloiltoncajuhy.com.br\/site\/wp-content\/uploads\/2019\/11\/PMJ_EscolaGameleira_01.jpg?w=960&amp;ssl=1 960w, https:\/\/i0.wp.com\/blogdoeloiltoncajuhy.com.br\/site\/wp-content\/uploads\/2019\/11\/PMJ_EscolaGameleira_01.jpg?resize=300%2C200&amp;ssl=1 300w, https:\/\/i0.wp.com\/blogdoeloiltoncajuhy.com.br\/site\/wp-content\/uploads\/2019\/11\/PMJ_EscolaGameleira_01.jpg?resize=768%2C512&amp;ssl=1 768w, https:\/\/i0.wp.com\/blogdoeloiltoncajuhy.com.br\/site\/wp-content\/uploads\/2019\/11\/PMJ_EscolaGameleira_01.jpg?resize=250%2C167&amp;ssl=1 250w\" sizes=\"(max-width: 480px) 100vw, 480px\" \/><\/figure><\/div>\n\n\n\n<p>A prefeitura de Jaguarari, por meio da Secretaria Municipal de Educa\u00e7\u00e3o, realizou na manh\u00e3 de quinta-feira (07), um lindo desfile que celebrou o 25\u00b0 anivers\u00e1rio da Escola Municipal Marcelino Cris\u00f3stomo, com o tema: <strong><em>&#8220;Gameleira, T\u00e3o Real, T\u00e3o Nossa, T\u00e3o Rica quanto sua hist\u00f3ria&#8221;<\/em><\/strong>. Durante o desfile, os alunos da escola mergulharam no passado e prestaram uma linda homenagem \u00e0s personalidades e a cultura local.<\/p>\n\n\n\n<div class=\"wp-block-image\"><figure class=\"aligncenter is-resized\"><img data-recalc-dims=\"1\" decoding=\"async\" src=\"https:\/\/i0.wp.com\/blogdoeloiltoncajuhy.com.br\/site\/wp-content\/uploads\/2019\/11\/PMJ_EscolaGameleira_02.jpg?resize=480%2C320\" alt=\"\" class=\"wp-image-38685\" width=\"480\" height=\"320\" srcset=\"https:\/\/i0.wp.com\/blogdoeloiltoncajuhy.com.br\/site\/wp-content\/uploads\/2019\/11\/PMJ_EscolaGameleira_02.jpg?w=960&amp;ssl=1 960w, https:\/\/i0.wp.com\/blogdoeloiltoncajuhy.com.br\/site\/wp-content\/uploads\/2019\/11\/PMJ_EscolaGameleira_02.jpg?resize=300%2C200&amp;ssl=1 300w, https:\/\/i0.wp.com\/blogdoeloiltoncajuhy.com.br\/site\/wp-content\/uploads\/2019\/11\/PMJ_EscolaGameleira_02.jpg?resize=768%2C512&amp;ssl=1 768w, https:\/\/i0.wp.com\/blogdoeloiltoncajuhy.com.br\/site\/wp-content\/uploads\/2019\/11\/PMJ_EscolaGameleira_02.jpg?resize=250%2C167&amp;ssl=1 250w\" sizes=\"(max-width: 480px) 100vw, 480px\" \/><\/figure><\/div>\n\n\n\n<p>O desfile foi aberto pela apresenta\u00e7\u00e3o da Fanfarra Municipal de Jaguarari \u2013 FAMUJA. Nas demais alas, foram lembrados alunos, personalidades que marcaram historia, como o homem que deu nome a escola, a religiosidade de seus moradores, a economia local, os esportistas e as manifesta\u00e7\u00f5es culturais presentes na localidade.<\/p>\n\n\n\n<p>A diretora da escola, Edineide Louren\u00e7o, destacou a import\u00e2ncia da unidade ao longo dos anos. <em>&#8220;S\u00e3o muitos anos de luta e crescimento, sempre com o objetivo de fornecer uma educa\u00e7\u00e3o de qualidade para os nossos alunos&#8221;<\/em>, destacou.<\/p>\n\n\n\n<div class=\"wp-block-image\"><figure class=\"aligncenter is-resized\"><img data-recalc-dims=\"1\" decoding=\"async\" src=\"https:\/\/i0.wp.com\/blogdoeloiltoncajuhy.com.br\/site\/wp-content\/uploads\/2019\/11\/PMJ_EscolaGameleira_03.jpg?resize=480%2C320\" alt=\"\" class=\"wp-image-38686\" width=\"480\" height=\"320\" srcset=\"https:\/\/i0.wp.com\/blogdoeloiltoncajuhy.com.br\/site\/wp-content\/uploads\/2019\/11\/PMJ_EscolaGameleira_03.jpg?w=960&amp;ssl=1 960w, https:\/\/i0.wp.com\/blogdoeloiltoncajuhy.com.br\/site\/wp-content\/uploads\/2019\/11\/PMJ_EscolaGameleira_03.jpg?resize=300%2C200&amp;ssl=1 300w, https:\/\/i0.wp.com\/blogdoeloiltoncajuhy.com.br\/site\/wp-content\/uploads\/2019\/11\/PMJ_EscolaGameleira_03.jpg?resize=768%2C512&amp;ssl=1 768w, https:\/\/i0.wp.com\/blogdoeloiltoncajuhy.com.br\/site\/wp-content\/uploads\/2019\/11\/PMJ_EscolaGameleira_03.jpg?resize=250%2C167&amp;ssl=1 250w\" sizes=\"(max-width: 480px) 100vw, 480px\" \/><\/figure><\/div>\n","protected":false},"excerpt":{"rendered":"<p>ASCOM &#8211; Prefeitura de Jaguarari-BA A prefeitura de Jaguarari, por meio da Secretaria Municipal de Educa\u00e7\u00e3o, realizou na manh\u00e3 de quinta-feira (07), um lindo desfile que celebrou o 25\u00b0 anivers\u00e1rio da Escola Municipal Marcelino Cris\u00f3stomo, com o tema: &#8220;Gameleira, T\u00e3o Real, T\u00e3o Nossa, T\u00e3o Rica quanto sua hist\u00f3ria&#8221;. Durante o desfile, os alunos da escola [&hellip;]<\/p>\n","protected":false},"author":2,"featured_media":38686,"comment_status":"open","ping_status":"open","sticky":false,"template":"","format":"standard","meta":{"_acf_changed":false,"_monsterinsights_skip_tracking":false,"_monsterinsights_sitenote_active":false,"_monsterinsights_sitenote_note":"","_monsterinsights_sitenote_category":0,"_jetpack_memberships_contains_paid_content":false,"footnotes":"","jetpack_publicize_message":"","jetpack_publicize_feature_enabled":true,"jetpack_social_post_already_shared":true,"jetpack_social_options":{"image_generator_settings":{"template":"highway","default_image_id":0,"font":"","enabled":false},"version":2}},"categories":[14,1,11],"tags":[],"class_list":["post-38683","post","type-post","status-publish","format-standard","has-post-thumbnail","hentry","category-educacao","category-noticias","category-regional"],"acf":[],"jetpack_publicize_connections":[],"jetpack_featured_media_url":"https:\/\/i0.wp.com\/blogdoeloiltoncajuhy.com.br\/site\/wp-content\/uploads\/2019\/11\/PMJ_EscolaGameleira_03.jpg?fit=960%2C640&ssl=1","jetpack_sharing_enabled":true,"publishpress_future_workflow_manual_trigger":{"enabledWorkflows":[]},"_links":{"self":[{"href":"https:\/\/blogdoeloiltoncajuhy.com.br\/site\/wp-json\/wp\/v2\/posts\/38683","targetHints":{"allow":["GET"]}}],"collection":[{"href":"https:\/\/blogdoeloiltoncajuhy.com.br\/site\/wp-json\/wp\/v2\/posts"}],"about":[{"href":"https:\/\/blogdoeloiltoncajuhy.com.br\/site\/wp-json\/wp\/v2\/types\/post"}],"author":[{"embeddable":true,"href":"https:\/\/blogdoeloiltoncajuhy.com.br\/site\/wp-json\/wp\/v2\/users\/2"}],"replies":[{"embeddable":true,"href":"https:\/\/blogdoeloiltoncajuhy.com.br\/site\/wp-json\/wp\/v2\/comments?post=38683"}],"version-history":[{"count":1,"href":"https:\/\/blogdoeloiltoncajuhy.com.br\/site\/wp-json\/wp\/v2\/posts\/38683\/revisions"}],"predecessor-version":[{"id":38687,"href":"https:\/\/blogdoeloiltoncajuhy.com.br\/site\/wp-json\/wp\/v2\/posts\/38683\/revisions\/38687"}],"wp:featuredmedia":[{"embeddable":true,"href":"https:\/\/blogdoeloiltoncajuhy.com.br\/site\/wp-json\/wp\/v2\/media\/38686"}],"wp:attachment":[{"href":"https:\/\/blogdoeloiltoncajuhy.com.br\/site\/wp-json\/wp\/v2\/media?parent=38683"}],"wp:term":[{"taxonomy":"category","embeddable":true,"href":"https:\/\/blogdoeloiltoncajuhy.com.br\/site\/wp-json\/wp\/v2\/categories?post=38683"},{"taxonomy":"post_tag","embeddable":true,"href":"https:\/\/blogdoeloiltoncajuhy.com.br\/site\/wp-json\/wp\/v2\/tags?post=38683"}],"curies":[{"name":"wp","href":"https:\/\/api.w.org\/{rel}","templated":true}]}}