{"id":38680,"date":"2019-11-11T06:41:38","date_gmt":"2019-11-11T09:41:38","guid":{"rendered":"http:\/\/blogdoeloiltoncajuhy.com.br\/site\/?p=38680"},"modified":"2019-11-11T06:41:45","modified_gmt":"2019-11-11T09:41:45","slug":"rui-inaugura-policlinica-e-faz-visita-guiada-com-imprensa-da-regiao-norte-nesta-segunda11","status":"publish","type":"post","link":"https:\/\/blogdoeloiltoncajuhy.com.br\/site\/rui-inaugura-policlinica-e-faz-visita-guiada-com-imprensa-da-regiao-norte-nesta-segunda11\/","title":{"rendered":"Rui inaugura Policl\u00ednica e faz visita guiada com imprensa da regi\u00e3o Norte nesta segunda(11)"},"content":{"rendered":"\n<p><strong>Secom-BA<\/strong><\/p>\n\n\n\n<div class=\"wp-block-image\"><figure class=\"aligncenter\"><img fetchpriority=\"high\" decoding=\"async\" width=\"1280\" height=\"853\" src=\"https:\/\/i1.wp.com\/blogdoeloiltoncajuhy.com.br\/site\/wp-content\/uploads\/2019\/11\/PolJeferson.jpg?fit=590%2C393\" alt=\"\" class=\"wp-image-38681\" srcset=\"https:\/\/i0.wp.com\/blogdoeloiltoncajuhy.com.br\/site\/wp-content\/uploads\/2019\/11\/PolJeferson.jpg?w=1280&amp;ssl=1 1280w, https:\/\/i0.wp.com\/blogdoeloiltoncajuhy.com.br\/site\/wp-content\/uploads\/2019\/11\/PolJeferson.jpg?resize=300%2C200&amp;ssl=1 300w, https:\/\/i0.wp.com\/blogdoeloiltoncajuhy.com.br\/site\/wp-content\/uploads\/2019\/11\/PolJeferson.jpg?resize=768%2C512&amp;ssl=1 768w, https:\/\/i0.wp.com\/blogdoeloiltoncajuhy.com.br\/site\/wp-content\/uploads\/2019\/11\/PolJeferson.jpg?resize=1024%2C682&amp;ssl=1 1024w, https:\/\/i0.wp.com\/blogdoeloiltoncajuhy.com.br\/site\/wp-content\/uploads\/2019\/11\/PolJeferson.jpg?resize=250%2C167&amp;ssl=1 250w\" sizes=\"(max-width: 800px) 100vw, 800px\" \/><figcaption><em>Foto: J\u00e9ferson Ribeiro\/ASCOM &#8211; Prefeitura de Senhor do Bonfim-BA<\/em><\/figcaption><\/figure><\/div>\n\n\n\n<p>A regi\u00e3o norte do estado vive um clima de grande expectativa para a inaugura\u00e7\u00e3o da Policl\u00ednica de Sa\u00fade do Piemonte Norte do Itapicuru.  Com sede em Senhor do Bonfim, a unidade constru\u00edda e equipada pelo Governo do Estado recebeu investimento de R$23 milh\u00f5es e vai atender 11 cidades oferecendo consultas em 18 especialidades m\u00e9dicas, pequenos procedimentos cir\u00fargicos e exames de alta e m\u00e9dia complexidades.<\/p>\n\n\n\n<p>A inaugura\u00e7\u00e3o acontece nesta segunda-feira (11) com a presen\u00e7a do governador Rui Costa e outras autoridades, mas antes haver\u00e1 uma visita guiada para a imprensa da regi\u00e3o a partir das 9h. Esta \u00e9 a 14\u00aa Policl\u00ednica que entra em funcionamento e que faz parte do projeto de regionaliza\u00e7\u00e3o da sa\u00fade, levando servi\u00e7os e procedimentos m\u00e9dicos mais perto do cidad\u00e3o e que antes nem toda a popula\u00e7\u00e3o tinha acesso. <\/p>\n\n\n\n<p>Senhor do Bonfim se junta, agora, a Jequi\u00e9, Guanambi, Teixeira de Freitas, Irec\u00ea, Santo Antonio de Jesus, Alagoinhas, Feira de Santana, Valen\u00e7a, Paulo Afonso, Vit\u00f3ria da Conquista, Juazeiro, Jacobina e Itabuna, que j\u00e1 s\u00e3o sedes de policl\u00ednicas em funcionamento, atendendo 6,8 milh\u00f5es de baianos.<\/p>\n\n\n\n<p>Com a implanta\u00e7\u00e3o da Policl\u00ednica Regional, al\u00e9m dos moradores de Senhor do Bonfim, ser\u00e3o beneficiados os habitantes dos munic\u00edpios de Andorinha, Ant\u00f4nio Gon\u00e7alves, Campo Formoso, Cansan\u00e7\u00e3o, Filad\u00e9lfia, Iti\u00faba, Jaguarari, Ponto Novo, Nordestina e Queimadas. O governador vai ainda entregar obras de pavimenta\u00e7\u00e3o de rodovias e lan\u00e7ar edital de licita\u00e7\u00e3o para a constru\u00e7\u00e3o de um aer\u00f3dromo, al\u00e9m da assinatura de conv\u00eanios de fortalecimento da agricultura familiar.<\/p>\n\n\n\n<p><em>Atendimento \u00e0 imprensa<\/em><br>\nOs assessores de comunica\u00e7\u00e3o do Governo do Estado estar\u00e3o \u00e0 disposi\u00e7\u00e3o da imprensa da regi\u00e3o para o suporte necess\u00e1rio e autoriza\u00e7\u00e3o de  acesso \u00e0 solenidade. Na chegada, basta procurar pelos assessores Daniel Senna (71) 99983-6001 ou Edmundo Filho (71) 99971-0360 ou Isaac Jorge (71) 99913-5161.<\/p>\n","protected":false},"excerpt":{"rendered":"<p>Secom-BA A regi\u00e3o norte do estado vive um clima de grande expectativa para a inaugura\u00e7\u00e3o da Policl\u00ednica de Sa\u00fade do Piemonte Norte do Itapicuru. Com sede em Senhor do Bonfim, a unidade constru\u00edda e equipada pelo Governo do Estado recebeu investimento de R$23 milh\u00f5es e vai atender 11 cidades oferecendo consultas em 18 especialidades m\u00e9dicas, [&hellip;]<\/p>\n","protected":false},"author":2,"featured_media":38681,"comment_status":"open","ping_status":"open","sticky":false,"template":"","format":"standard","meta":{"_acf_changed":false,"_monsterinsights_skip_tracking":false,"_monsterinsights_sitenote_active":false,"_monsterinsights_sitenote_note":"","_monsterinsights_sitenote_category":0,"_jetpack_memberships_contains_paid_content":false,"footnotes":"","jetpack_publicize_message":"","jetpack_publicize_feature_enabled":true,"jetpack_social_post_already_shared":true,"jetpack_social_options":{"image_generator_settings":{"template":"highway","default_image_id":0,"font":"","enabled":false},"version":2}},"categories":[1,11,7,4],"tags":[],"class_list":["post-38680","post","type-post","status-publish","format-standard","has-post-thumbnail","hentry","category-noticias","category-regional","category-saude","category-local"],"acf":[],"jetpack_publicize_connections":[],"jetpack_featured_media_url":"https:\/\/i0.wp.com\/blogdoeloiltoncajuhy.com.br\/site\/wp-content\/uploads\/2019\/11\/PolJeferson.jpg?fit=1280%2C853&ssl=1","jetpack_sharing_enabled":true,"publishpress_future_workflow_manual_trigger":{"enabledWorkflows":[]},"_links":{"self":[{"href":"https:\/\/blogdoeloiltoncajuhy.com.br\/site\/wp-json\/wp\/v2\/posts\/38680","targetHints":{"allow":["GET"]}}],"collection":[{"href":"https:\/\/blogdoeloiltoncajuhy.com.br\/site\/wp-json\/wp\/v2\/posts"}],"about":[{"href":"https:\/\/blogdoeloiltoncajuhy.com.br\/site\/wp-json\/wp\/v2\/types\/post"}],"author":[{"embeddable":true,"href":"https:\/\/blogdoeloiltoncajuhy.com.br\/site\/wp-json\/wp\/v2\/users\/2"}],"replies":[{"embeddable":true,"href":"https:\/\/blogdoeloiltoncajuhy.com.br\/site\/wp-json\/wp\/v2\/comments?post=38680"}],"version-history":[{"count":1,"href":"https:\/\/blogdoeloiltoncajuhy.com.br\/site\/wp-json\/wp\/v2\/posts\/38680\/revisions"}],"predecessor-version":[{"id":38682,"href":"https:\/\/blogdoeloiltoncajuhy.com.br\/site\/wp-json\/wp\/v2\/posts\/38680\/revisions\/38682"}],"wp:featuredmedia":[{"embeddable":true,"href":"https:\/\/blogdoeloiltoncajuhy.com.br\/site\/wp-json\/wp\/v2\/media\/38681"}],"wp:attachment":[{"href":"https:\/\/blogdoeloiltoncajuhy.com.br\/site\/wp-json\/wp\/v2\/media?parent=38680"}],"wp:term":[{"taxonomy":"category","embeddable":true,"href":"https:\/\/blogdoeloiltoncajuhy.com.br\/site\/wp-json\/wp\/v2\/categories?post=38680"},{"taxonomy":"post_tag","embeddable":true,"href":"https:\/\/blogdoeloiltoncajuhy.com.br\/site\/wp-json\/wp\/v2\/tags?post=38680"}],"curies":[{"name":"wp","href":"https:\/\/api.w.org\/{rel}","templated":true}]}}