{"id":3868,"date":"2015-09-08T21:34:03","date_gmt":"2015-09-09T00:34:03","guid":{"rendered":"http:\/\/blogdoeloiltoncajuhy.com.br\/site\/?p=3868"},"modified":"2015-09-08T21:34:03","modified_gmt":"2015-09-09T00:34:03","slug":"serie-b-aleluia-aleluia-bahia-e-vitoria-venceram-pela-24a-rodada","status":"publish","type":"post","link":"https:\/\/blogdoeloiltoncajuhy.com.br\/site\/serie-b-aleluia-aleluia-bahia-e-vitoria-venceram-pela-24a-rodada\/","title":{"rendered":"S\u00c9RIE B: Aleluia! Aleluia! Bahia e Vit\u00f3ria venceram pela 24\u00aa rodada"},"content":{"rendered":"<p><strong>BAHIA VENCE O MACA\u00c9 E VOLTA AO G-4<\/strong><\/p>\n<figure id=\"attachment_3869\" aria-describedby=\"caption-attachment-3869\" style=\"width: 520px\" class=\"wp-caption aligncenter\"><a href=\"https:\/\/i0.wp.com\/blogdoeloiltoncajuhy.com.br\/site\/wp-content\/uploads\/2015\/09\/Bah-x-Mac.jpg\"><img data-recalc-dims=\"1\" fetchpriority=\"high\" decoding=\"async\" class=\"wp-image-3869 size-full\" src=\"https:\/\/i0.wp.com\/blogdoeloiltoncajuhy.com.br\/site\/wp-content\/uploads\/2015\/09\/Bah-x-Mac.jpg?resize=520%2C307\" alt=\"Bah x Mac\" width=\"520\" height=\"307\" srcset=\"https:\/\/i0.wp.com\/blogdoeloiltoncajuhy.com.br\/site\/wp-content\/uploads\/2015\/09\/Bah-x-Mac.jpg?w=520&amp;ssl=1 520w, https:\/\/i0.wp.com\/blogdoeloiltoncajuhy.com.br\/site\/wp-content\/uploads\/2015\/09\/Bah-x-Mac.jpg?resize=300%2C177&amp;ssl=1 300w, https:\/\/i0.wp.com\/blogdoeloiltoncajuhy.com.br\/site\/wp-content\/uploads\/2015\/09\/Bah-x-Mac.jpg?resize=250%2C148&amp;ssl=1 250w\" sizes=\"(max-width: 520px) 100vw, 520px\" \/><\/a><figcaption id=\"caption-attachment-3869\" class=\"wp-caption-text\">Foto: Felipe Oliveira \/ EC Bahia<\/figcaption><\/figure>\n<p>Para quem esperava uma vit\u00f3ria tranquila do Bahia, se deparou com mais um sofrimento. Na Arena Fonte Nova, o Tricolor penou e no sufoco venceu o Maca\u00e9 por 1 a 0 nesta ter\u00e7a-feira (8).<\/p>\n<p>Jailton, em bate rebate na \u00e1rea, marcou o gol chorado do time baiano no segundo tempo. O resultado levou o Esquadr\u00e3o aos 41 pontos de volta ao G-4, na quarta coloca\u00e7\u00e3o.<\/p>\n<p>Agora, os comandados de S\u00e9rgio Soares voltam a campo na pr\u00f3xima sexta-feira (11), novamente em casa, desta vez contra o Bragantino.<\/p>\n<p><strong>Bahia 1 x 0 Maca\u00e9 \/\u00a0<\/strong><strong>S\u00e9rie B \u2013 24\u00aa rodada<\/strong><\/p>\n<p><em>Local: Fonte Nova, em Salvador (BA)<\/em><br \/>\n<em>Data\/Hor\u00e1rio: 08\/08\/2015, \u00e0s 19h<\/em><br \/>\n<em>Arbitragem: S\u00e1vio Pereira Sampaio (DF), auxiliado por Daniel Henrique da Silva (DF) e Risley Pinheiro Martins (RO)<\/em><br \/>\n<em>Cart\u00f5es amarelos: Robson, Kieza, Yuri (BAH); Dos Santos, Marquinho, Diego (MAC)<\/em><br \/>\n<em>Gols: Jailton (BAH)<\/em><\/p>\n<p><strong><em>Bahia<\/em><\/strong><br \/>\n<em>Douglas Pires; Cicinho, Robson, Jailton e \u00c1vine \u00a0(Vitor); Yuri, Tiago Real (Souza), Gustavo e Eduardo; Maxi Biancucchi (Alexandro) e Kieza. T\u00e9cnico: S\u00e9rgio Soares.<\/em><\/p>\n<p><strong><em>Maca\u00e9<\/em><\/strong><br \/>\n<em>Rafael; Alisson, Ramon, Renato Santos (Henrique) e Diego; Gedeil, Juninho, Fernando Neto (Pipico) e Marquinho (Jones); Dos Santos e Anselmo. T\u00e9cnico: Josu\u00e9 Teixeira.<\/em><\/p>\n<p><strong>EM JOGO QUE PARECIA TRANQUILO, VIT\u00d3RIA SOFRE E VENCE CRICI\u00daMA NO SUFOCO<\/strong><\/p>\n<figure id=\"attachment_3870\" aria-describedby=\"caption-attachment-3870\" style=\"width: 520px\" class=\"wp-caption aligncenter\"><a href=\"https:\/\/i0.wp.com\/blogdoeloiltoncajuhy.com.br\/site\/wp-content\/uploads\/2015\/09\/Cri-x-Vit1.jpg\"><img data-recalc-dims=\"1\" decoding=\"async\" class=\"wp-image-3870 size-full\" src=\"https:\/\/i0.wp.com\/blogdoeloiltoncajuhy.com.br\/site\/wp-content\/uploads\/2015\/09\/Cri-x-Vit1.jpg?resize=520%2C307\" alt=\"Cri x Vit\" width=\"520\" height=\"307\" srcset=\"https:\/\/i0.wp.com\/blogdoeloiltoncajuhy.com.br\/site\/wp-content\/uploads\/2015\/09\/Cri-x-Vit1.jpg?w=520&amp;ssl=1 520w, https:\/\/i0.wp.com\/blogdoeloiltoncajuhy.com.br\/site\/wp-content\/uploads\/2015\/09\/Cri-x-Vit1.jpg?resize=300%2C177&amp;ssl=1 300w, https:\/\/i0.wp.com\/blogdoeloiltoncajuhy.com.br\/site\/wp-content\/uploads\/2015\/09\/Cri-x-Vit1.jpg?resize=250%2C148&amp;ssl=1 250w\" sizes=\"(max-width: 520px) 100vw, 520px\" \/><\/a><figcaption id=\"caption-attachment-3870\" class=\"wp-caption-text\">Foto: Divulga\u00e7\u00e3o<\/figcaption><\/figure>\n<p>O jogo parecia tranquilo at\u00e9 metade do segundo tempo. Mas, ap\u00f3s abrir 2 a 0, o Vit\u00f3ria cedeu empate ao Crici\u00fama e, no finalzinho e no sufoco conseguiu o triunfo por 3 a 2, fora de casa.<\/p>\n<p>Rhayner, duas vezes, e Vander, com um gola\u00e7o garantiram os tr\u00eas pontos longe de Salvador. Roger e Wanderson marcaram para o Tigre.<\/p>\n<p>Com o resultado, o Rubro-Negro foi aos 41 pontos ganhos e subiu uma casa na classifica\u00e7\u00e3o. O Le\u00e3o, que enfrenta o Atl\u00e9tico (GO) no pr\u00f3ximo s\u00e1bado (12), agora \u00e9 o terceiro colocado da S\u00e9rie B.<\/p>\n<p><strong>Crici\u00fama 2 x 3 Vit\u00f3ria \/\u00a0<\/strong><strong>S\u00e9rie B &#8211; 24\u00aa rodada<\/strong><\/p>\n<p><em>Local: Est\u00e1dio Heriberto H\u00fclse, em Crici\u00fama (SC)<\/em><br \/>\n<em>Data\/Hor\u00e1rio: 08\/09\/2015, \u00e0s 19h<\/em><br \/>\n<em>Arbitragem: Vin\u00edcius Gon\u00e7alves Dias\u00a0 Ara\u00fajo (SP), assistido por Daniel Cotrim de Carvalho (CBF-PR) e\u00a0 Diogo Morais (CBF-PR)<\/em><br \/>\n<em>Cart\u00f5es amarelos: Mattis, David, Diego Renan, Amaral, Rhayner (VIT); Natan, Marc\u00e3o (CRI)<br \/>\nCart\u00f5es vermelhos: Marc\u00e3o (CRI)<\/em><br \/>\n<em>Gols: Rhayner-2 , Vander (VIT); Roger, Wanderson (CRI)<\/em><\/p>\n<p><strong><em>Crici\u00fama<\/em><\/strong><br \/>\n<em>Luiz; Jonas, Wanderson, Willian Rocha, Guilherme Santos; Wellington, Marc\u00e3o, Natan (Douglas Moreira); Lucca, Neto Baiano e Jefferson (Roger Guedes) T\u00e9cnico: Petkovic<\/em>.<\/p>\n<p><strong><em>Vit\u00f3ria<\/em><\/strong><br \/>\n<em>Gatito Fern\u00e1ndez, Diogo Mateus, Ramon, Guilherme Mattis e Diego Renan; Amaral, Fl\u00e1vio (Euller), Pedro Ken (Jorge Wagner) e Rhayner; David (Vander) e Rafaelson. T\u00e9cnico: Vagner Mancini.<\/em><\/p>\n<p><em>*Gal\u00e1ticos Online<\/em><\/p>\n","protected":false},"excerpt":{"rendered":"<p>BAHIA VENCE O MACA\u00c9 E VOLTA AO G-4 Para quem esperava uma vit\u00f3ria tranquila do Bahia, se deparou com mais um sofrimento. Na Arena Fonte Nova, o Tricolor penou e no sufoco venceu o Maca\u00e9 por 1 a 0 nesta ter\u00e7a-feira (8). Jailton, em bate rebate na \u00e1rea, marcou o gol chorado do time baiano [&hellip;]<\/p>\n","protected":false},"author":2,"featured_media":3870,"comment_status":"open","ping_status":"open","sticky":false,"template":"","format":"standard","meta":{"_acf_changed":false,"_monsterinsights_skip_tracking":false,"_monsterinsights_sitenote_active":false,"_monsterinsights_sitenote_note":"","_monsterinsights_sitenote_category":0,"_jetpack_memberships_contains_paid_content":false,"footnotes":"","jetpack_publicize_message":"","jetpack_publicize_feature_enabled":true,"jetpack_social_post_already_shared":true,"jetpack_social_options":{"image_generator_settings":{"template":"highway","default_image_id":0,"font":"","enabled":false},"version":2}},"categories":[6,1],"tags":[],"class_list":["post-3868","post","type-post","status-publish","format-standard","has-post-thumbnail","hentry","category-esportes","category-noticias"],"acf":[],"jetpack_publicize_connections":[],"jetpack_featured_media_url":"https:\/\/i0.wp.com\/blogdoeloiltoncajuhy.com.br\/site\/wp-content\/uploads\/2015\/09\/Cri-x-Vit1.jpg?fit=520%2C307&ssl=1","jetpack_sharing_enabled":true,"publishpress_future_workflow_manual_trigger":{"enabledWorkflows":[]},"_links":{"self":[{"href":"https:\/\/blogdoeloiltoncajuhy.com.br\/site\/wp-json\/wp\/v2\/posts\/3868","targetHints":{"allow":["GET"]}}],"collection":[{"href":"https:\/\/blogdoeloiltoncajuhy.com.br\/site\/wp-json\/wp\/v2\/posts"}],"about":[{"href":"https:\/\/blogdoeloiltoncajuhy.com.br\/site\/wp-json\/wp\/v2\/types\/post"}],"author":[{"embeddable":true,"href":"https:\/\/blogdoeloiltoncajuhy.com.br\/site\/wp-json\/wp\/v2\/users\/2"}],"replies":[{"embeddable":true,"href":"https:\/\/blogdoeloiltoncajuhy.com.br\/site\/wp-json\/wp\/v2\/comments?post=3868"}],"version-history":[{"count":2,"href":"https:\/\/blogdoeloiltoncajuhy.com.br\/site\/wp-json\/wp\/v2\/posts\/3868\/revisions"}],"predecessor-version":[{"id":3872,"href":"https:\/\/blogdoeloiltoncajuhy.com.br\/site\/wp-json\/wp\/v2\/posts\/3868\/revisions\/3872"}],"wp:featuredmedia":[{"embeddable":true,"href":"https:\/\/blogdoeloiltoncajuhy.com.br\/site\/wp-json\/wp\/v2\/media\/3870"}],"wp:attachment":[{"href":"https:\/\/blogdoeloiltoncajuhy.com.br\/site\/wp-json\/wp\/v2\/media?parent=3868"}],"wp:term":[{"taxonomy":"category","embeddable":true,"href":"https:\/\/blogdoeloiltoncajuhy.com.br\/site\/wp-json\/wp\/v2\/categories?post=3868"},{"taxonomy":"post_tag","embeddable":true,"href":"https:\/\/blogdoeloiltoncajuhy.com.br\/site\/wp-json\/wp\/v2\/tags?post=3868"}],"curies":[{"name":"wp","href":"https:\/\/api.w.org\/{rel}","templated":true}]}}