{"id":38677,"date":"2019-11-11T06:27:23","date_gmt":"2019-11-11T09:27:23","guid":{"rendered":"http:\/\/blogdoeloiltoncajuhy.com.br\/site\/?p=38677"},"modified":"2019-11-11T06:27:30","modified_gmt":"2019-11-11T09:27:30","slug":"prefeitos-comemoram-chegada-da-policlinica-a-regiao-norte-do-estado","status":"publish","type":"post","link":"https:\/\/blogdoeloiltoncajuhy.com.br\/site\/prefeitos-comemoram-chegada-da-policlinica-a-regiao-norte-do-estado\/","title":{"rendered":"Prefeitos comemoram chegada da Policl\u00ednica \u00e0 regi\u00e3o norte do estado"},"content":{"rendered":"\n<p><strong>Secom-BA<\/strong><\/p>\n\n\n\n<div class=\"wp-block-image\"><figure class=\"aligncenter\"><img fetchpriority=\"high\" decoding=\"async\" width=\"1280\" height=\"590\" src=\"https:\/\/i2.wp.com\/blogdoeloiltoncajuhy.com.br\/site\/wp-content\/uploads\/2019\/11\/PolPrefeitos.jpg?fit=590%2C272\" alt=\"\" class=\"wp-image-38678\" srcset=\"https:\/\/i0.wp.com\/blogdoeloiltoncajuhy.com.br\/site\/wp-content\/uploads\/2019\/11\/PolPrefeitos.jpg?w=1280&amp;ssl=1 1280w, https:\/\/i0.wp.com\/blogdoeloiltoncajuhy.com.br\/site\/wp-content\/uploads\/2019\/11\/PolPrefeitos.jpg?resize=300%2C138&amp;ssl=1 300w, https:\/\/i0.wp.com\/blogdoeloiltoncajuhy.com.br\/site\/wp-content\/uploads\/2019\/11\/PolPrefeitos.jpg?resize=768%2C354&amp;ssl=1 768w, https:\/\/i0.wp.com\/blogdoeloiltoncajuhy.com.br\/site\/wp-content\/uploads\/2019\/11\/PolPrefeitos.jpg?resize=1024%2C472&amp;ssl=1 1024w, https:\/\/i0.wp.com\/blogdoeloiltoncajuhy.com.br\/site\/wp-content\/uploads\/2019\/11\/PolPrefeitos.jpg?resize=250%2C115&amp;ssl=1 250w\" sizes=\"(max-width: 800px) 100vw, 800px\" \/><\/figure><\/div>\n\n\n\n<p>Durante encontro realizado na C\u00e2mara de Vereadores de Senhor do Bonfim e promovido pela Secretaria de Rela\u00e7\u00f5es Institucionais do Estado (Serin), os prefeitos que comp\u00f5em o Cons\u00f3rcio de Sa\u00fade do Piemonte Norte do Itapicuru falaram da satisfa\u00e7\u00e3o com a chegada da Policl\u00ednica. <em>&#8220;Pra n\u00f3s, \u00e9 a realiza\u00e7\u00e3o de um grande sonho, a expectativa \u00e9 muito grande para a inaugura\u00e7\u00e3o da Policl\u00ednica que vai servir a todas as cidades da regi\u00e3o&#8221;<\/em>, comemorou o prefeito de Jaguarari, \u00c9verton Rocha.<\/p>\n\n\n\n<p><em>&#8220;Com a Policl\u00ednica vamos economizar significativamente com rela\u00e7\u00e3o a transporte de pacientes e, principalmente, dar mais conforto e tranquilidade no atendimento da popula\u00e7\u00e3o&#8221;<\/em>, frisou o presidente do Cons\u00f3rcio de Sa\u00fade e prefeito de Senhor do Bonfim, Carlos Brasileiro. Segundo dados da prefeitura de Andorinha, a redu\u00e7\u00e3o dos custos com transporte para outras cidades em busca de atendimento m\u00e9dico chegar\u00e1 a 35% com o in\u00edcio do funcionamento da unidade.<\/p>\n","protected":false},"excerpt":{"rendered":"<p>Secom-BA Durante encontro realizado na C\u00e2mara de Vereadores de Senhor do Bonfim e promovido pela Secretaria de Rela\u00e7\u00f5es Institucionais do Estado (Serin), os prefeitos que comp\u00f5em o Cons\u00f3rcio de Sa\u00fade do Piemonte Norte do Itapicuru falaram da satisfa\u00e7\u00e3o com a chegada da Policl\u00ednica. &#8220;Pra n\u00f3s, \u00e9 a realiza\u00e7\u00e3o de um grande sonho, a expectativa \u00e9 [&hellip;]<\/p>\n","protected":false},"author":2,"featured_media":38678,"comment_status":"open","ping_status":"open","sticky":false,"template":"","format":"standard","meta":{"_acf_changed":false,"_monsterinsights_skip_tracking":false,"_monsterinsights_sitenote_active":false,"_monsterinsights_sitenote_note":"","_monsterinsights_sitenote_category":0,"_jetpack_memberships_contains_paid_content":false,"footnotes":"","jetpack_publicize_message":"","jetpack_publicize_feature_enabled":true,"jetpack_social_post_already_shared":true,"jetpack_social_options":{"image_generator_settings":{"template":"highway","default_image_id":0,"font":"","enabled":false},"version":2}},"categories":[1,11,7,4],"tags":[],"class_list":["post-38677","post","type-post","status-publish","format-standard","has-post-thumbnail","hentry","category-noticias","category-regional","category-saude","category-local"],"acf":[],"jetpack_publicize_connections":[],"jetpack_featured_media_url":"https:\/\/i0.wp.com\/blogdoeloiltoncajuhy.com.br\/site\/wp-content\/uploads\/2019\/11\/PolPrefeitos.jpg?fit=1280%2C590&ssl=1","jetpack_sharing_enabled":true,"publishpress_future_workflow_manual_trigger":{"enabledWorkflows":[]},"_links":{"self":[{"href":"https:\/\/blogdoeloiltoncajuhy.com.br\/site\/wp-json\/wp\/v2\/posts\/38677","targetHints":{"allow":["GET"]}}],"collection":[{"href":"https:\/\/blogdoeloiltoncajuhy.com.br\/site\/wp-json\/wp\/v2\/posts"}],"about":[{"href":"https:\/\/blogdoeloiltoncajuhy.com.br\/site\/wp-json\/wp\/v2\/types\/post"}],"author":[{"embeddable":true,"href":"https:\/\/blogdoeloiltoncajuhy.com.br\/site\/wp-json\/wp\/v2\/users\/2"}],"replies":[{"embeddable":true,"href":"https:\/\/blogdoeloiltoncajuhy.com.br\/site\/wp-json\/wp\/v2\/comments?post=38677"}],"version-history":[{"count":1,"href":"https:\/\/blogdoeloiltoncajuhy.com.br\/site\/wp-json\/wp\/v2\/posts\/38677\/revisions"}],"predecessor-version":[{"id":38679,"href":"https:\/\/blogdoeloiltoncajuhy.com.br\/site\/wp-json\/wp\/v2\/posts\/38677\/revisions\/38679"}],"wp:featuredmedia":[{"embeddable":true,"href":"https:\/\/blogdoeloiltoncajuhy.com.br\/site\/wp-json\/wp\/v2\/media\/38678"}],"wp:attachment":[{"href":"https:\/\/blogdoeloiltoncajuhy.com.br\/site\/wp-json\/wp\/v2\/media?parent=38677"}],"wp:term":[{"taxonomy":"category","embeddable":true,"href":"https:\/\/blogdoeloiltoncajuhy.com.br\/site\/wp-json\/wp\/v2\/categories?post=38677"},{"taxonomy":"post_tag","embeddable":true,"href":"https:\/\/blogdoeloiltoncajuhy.com.br\/site\/wp-json\/wp\/v2\/tags?post=38677"}],"curies":[{"name":"wp","href":"https:\/\/api.w.org\/{rel}","templated":true}]}}