{"id":38670,"date":"2019-11-08T15:42:21","date_gmt":"2019-11-08T18:42:21","guid":{"rendered":"http:\/\/blogdoeloiltoncajuhy.com.br\/site\/?p=38670"},"modified":"2019-11-08T15:42:28","modified_gmt":"2019-11-08T18:42:28","slug":"uneb-promove-simposio-sobre-doacao-de-orgaos-e-tecidos","status":"publish","type":"post","link":"https:\/\/blogdoeloiltoncajuhy.com.br\/site\/uneb-promove-simposio-sobre-doacao-de-orgaos-e-tecidos\/","title":{"rendered":"UNEB promove simp\u00f3sio sobre doa\u00e7\u00e3o de \u00f3rg\u00e3os e tecidos"},"content":{"rendered":"\n<p><strong>Lorena Simas<\/strong><br>Coordenadora do N\u00facleo de Assessoria de Comunica\u00e7\u00e3o (NAC-DEDC\/ UNEB)<\/p>\n\n\n\n<div class=\"wp-block-image\"><figure class=\"aligncenter is-resized\"><img fetchpriority=\"high\" decoding=\"async\" src=\"https:\/\/i2.wp.com\/blogdoeloiltoncajuhy.com.br\/site\/wp-content\/uploads\/2019\/11\/Uneb_DoacaoOrgaos.jpg?fit=590%2C524\" alt=\"\" class=\"wp-image-38671\" width=\"374\" height=\"332\" srcset=\"https:\/\/i0.wp.com\/blogdoeloiltoncajuhy.com.br\/site\/wp-content\/uploads\/2019\/11\/Uneb_DoacaoOrgaos.jpg?w=1280&amp;ssl=1 1280w, https:\/\/i0.wp.com\/blogdoeloiltoncajuhy.com.br\/site\/wp-content\/uploads\/2019\/11\/Uneb_DoacaoOrgaos.jpg?resize=300%2C266&amp;ssl=1 300w, https:\/\/i0.wp.com\/blogdoeloiltoncajuhy.com.br\/site\/wp-content\/uploads\/2019\/11\/Uneb_DoacaoOrgaos.jpg?resize=768%2C682&amp;ssl=1 768w, https:\/\/i0.wp.com\/blogdoeloiltoncajuhy.com.br\/site\/wp-content\/uploads\/2019\/11\/Uneb_DoacaoOrgaos.jpg?resize=1024%2C909&amp;ssl=1 1024w, https:\/\/i0.wp.com\/blogdoeloiltoncajuhy.com.br\/site\/wp-content\/uploads\/2019\/11\/Uneb_DoacaoOrgaos.jpg?resize=250%2C222&amp;ssl=1 250w\" sizes=\"(max-width: 374px) 100vw, 374px\" \/><\/figure><\/div>\n\n\n\n<p>O <strong><em>\u201cIII Simp\u00f3sio de Doa\u00e7\u00e3o de \u00d3rg\u00e3os e Tecidos: uma abordagem multiprofissional\u201d<\/em><\/strong>, do Departamento de Educa\u00e7\u00e3o (DEDC), Campus VII da UNEB, acontecer\u00e1 na pr\u00f3xima quarta-feira (13), a partir das 8h30 na C\u00e2mara de Vereadores de Senhor do Bonfim. O Simp\u00f3sio tem como objetivo promover discuss\u00f5es em torno da doa\u00e7\u00e3o de \u00f3rg\u00e3os e tecidos, inserindo a equipe multiprofissional como parte fundamental no processo de transplante.<\/p>\n\n\n\n<p>O Evento abordar\u00e1 sobre a import\u00e2ncia da doa\u00e7\u00e3o de \u00f3rg\u00e3os e tecidos em um sentido amplo, tecendo discuss\u00f5es sobre assist\u00eancia multiprofissional ao potencial doador, acesso \u00e0 lista de transplantes, facilitadores para doa\u00e7\u00e3o de \u00f3rg\u00e3os, funcionamento da cirurgia de capta\u00e7\u00e3o de preparo de enxertos e depoimento da fam\u00edlia de um doador.<\/p>\n\n\n\n<p>A professora do curso de Enfermagem e organizadora do Simp\u00f3sio, Alana Leite, ressaltou que <em>\u201ca doa\u00e7\u00e3o de \u00f3rg\u00e3os no Brasil ainda \u00e9 uma tem\u00e1tica pouco difundida e cercada de mitos, repercutindo diretamente no n\u00famero de doa\u00e7\u00f5es efetivadas. Assim, o Simp\u00f3sio \u00e9 uma oportunidade de discutir o processo de doa\u00e7\u00e3o e sanar d\u00favidas que impactam na tomada de decis\u00e3o para doa\u00e7\u00e3o\u201d<\/em>.<\/p>\n\n\n\n<p>A estudante de Enfermagem, Rosany Dantas, tamb\u00e9m destacou a import\u00e2ncia dessa discuss\u00e3o. <em>\u201c\u00c9 uma oportunidade de disseminar conhecimento e reflex\u00f5es na \u00e1rea da sa\u00fade. A comunidade precisa estar ciente do que \u00e9 necess\u00e1rio fazer para ser um doador, evidenciando as implica\u00e7\u00f5es positivas que tal decis\u00e3o pode acarretar em vidas\u201d<\/em>, lembrou Rosany.<\/p>\n\n\n\n<p>As inscri\u00e7\u00f5es devem ser feitas atrav\u00e9s do endere\u00e7o eletr\u00f4nico: http:\/\/www.sge.uneb.br\/inicio\/index?tipo=1. O Simp\u00f3sio \u00e9 uma realiza\u00e7\u00e3o do projeto de extens\u00e3o Doe Vida e do Colegiado de Enfermagem do DEDC VII da UNEB.<\/p>\n","protected":false},"excerpt":{"rendered":"<p>Lorena SimasCoordenadora do N\u00facleo de Assessoria de Comunica\u00e7\u00e3o (NAC-DEDC\/ UNEB) O \u201cIII Simp\u00f3sio de Doa\u00e7\u00e3o de \u00d3rg\u00e3os e Tecidos: uma abordagem multiprofissional\u201d, do Departamento de Educa\u00e7\u00e3o (DEDC), Campus VII da UNEB, acontecer\u00e1 na pr\u00f3xima quarta-feira (13), a partir das 8h30 na C\u00e2mara de Vereadores de Senhor do Bonfim. O Simp\u00f3sio tem como objetivo promover discuss\u00f5es [&hellip;]<\/p>\n","protected":false},"author":2,"featured_media":38671,"comment_status":"open","ping_status":"open","sticky":false,"template":"","format":"standard","meta":{"_acf_changed":false,"_monsterinsights_skip_tracking":false,"_monsterinsights_sitenote_active":false,"_monsterinsights_sitenote_note":"","_monsterinsights_sitenote_category":0,"_jetpack_memberships_contains_paid_content":false,"footnotes":"","jetpack_publicize_message":"","jetpack_publicize_feature_enabled":true,"jetpack_social_post_already_shared":true,"jetpack_social_options":{"image_generator_settings":{"template":"highway","default_image_id":0,"font":"","enabled":false},"version":2}},"categories":[14,1,4],"tags":[],"class_list":["post-38670","post","type-post","status-publish","format-standard","has-post-thumbnail","hentry","category-educacao","category-noticias","category-local"],"acf":[],"jetpack_publicize_connections":[],"jetpack_featured_media_url":"https:\/\/i0.wp.com\/blogdoeloiltoncajuhy.com.br\/site\/wp-content\/uploads\/2019\/11\/Uneb_DoacaoOrgaos.jpg?fit=1280%2C1136&ssl=1","jetpack_sharing_enabled":true,"publishpress_future_workflow_manual_trigger":{"enabledWorkflows":[]},"_links":{"self":[{"href":"https:\/\/blogdoeloiltoncajuhy.com.br\/site\/wp-json\/wp\/v2\/posts\/38670","targetHints":{"allow":["GET"]}}],"collection":[{"href":"https:\/\/blogdoeloiltoncajuhy.com.br\/site\/wp-json\/wp\/v2\/posts"}],"about":[{"href":"https:\/\/blogdoeloiltoncajuhy.com.br\/site\/wp-json\/wp\/v2\/types\/post"}],"author":[{"embeddable":true,"href":"https:\/\/blogdoeloiltoncajuhy.com.br\/site\/wp-json\/wp\/v2\/users\/2"}],"replies":[{"embeddable":true,"href":"https:\/\/blogdoeloiltoncajuhy.com.br\/site\/wp-json\/wp\/v2\/comments?post=38670"}],"version-history":[{"count":1,"href":"https:\/\/blogdoeloiltoncajuhy.com.br\/site\/wp-json\/wp\/v2\/posts\/38670\/revisions"}],"predecessor-version":[{"id":38672,"href":"https:\/\/blogdoeloiltoncajuhy.com.br\/site\/wp-json\/wp\/v2\/posts\/38670\/revisions\/38672"}],"wp:featuredmedia":[{"embeddable":true,"href":"https:\/\/blogdoeloiltoncajuhy.com.br\/site\/wp-json\/wp\/v2\/media\/38671"}],"wp:attachment":[{"href":"https:\/\/blogdoeloiltoncajuhy.com.br\/site\/wp-json\/wp\/v2\/media?parent=38670"}],"wp:term":[{"taxonomy":"category","embeddable":true,"href":"https:\/\/blogdoeloiltoncajuhy.com.br\/site\/wp-json\/wp\/v2\/categories?post=38670"},{"taxonomy":"post_tag","embeddable":true,"href":"https:\/\/blogdoeloiltoncajuhy.com.br\/site\/wp-json\/wp\/v2\/tags?post=38670"}],"curies":[{"name":"wp","href":"https:\/\/api.w.org\/{rel}","templated":true}]}}