{"id":38666,"date":"2019-11-08T15:23:01","date_gmt":"2019-11-08T18:23:01","guid":{"rendered":"http:\/\/blogdoeloiltoncajuhy.com.br\/site\/?p=38666"},"modified":"2019-11-08T15:23:08","modified_gmt":"2019-11-08T18:23:08","slug":"termina-nesta-sexta-feira-a-capacitacao-para-profissionais-que-vao-trabalhar-na-policlinica-regional-de-senhor-do-bonfim","status":"publish","type":"post","link":"https:\/\/blogdoeloiltoncajuhy.com.br\/site\/termina-nesta-sexta-feira-a-capacitacao-para-profissionais-que-vao-trabalhar-na-policlinica-regional-de-senhor-do-bonfim\/","title":{"rendered":"Termina nesta sexta-feira a capacita\u00e7\u00e3o para profissionais que v\u00e3o trabalhar na Policl\u00ednica Regional de Senhor do Bonfim"},"content":{"rendered":"\n<p><strong>ASCOM &#8211; Prefeitura de Senhor do Bonfim-BA<\/strong><\/p>\n\n\n\n<div class=\"wp-block-image\"><figure class=\"aligncenter\"><img fetchpriority=\"high\" decoding=\"async\" width=\"1280\" height=\"853\" src=\"https:\/\/i0.wp.com\/blogdoeloiltoncajuhy.com.br\/site\/wp-content\/uploads\/2019\/11\/PMSB_CapacitacaoPoliclinica-01.jpg?fit=590%2C393\" alt=\"\" class=\"wp-image-38667\" srcset=\"https:\/\/i0.wp.com\/blogdoeloiltoncajuhy.com.br\/site\/wp-content\/uploads\/2019\/11\/PMSB_CapacitacaoPoliclinica-01.jpg?w=1280&amp;ssl=1 1280w, https:\/\/i0.wp.com\/blogdoeloiltoncajuhy.com.br\/site\/wp-content\/uploads\/2019\/11\/PMSB_CapacitacaoPoliclinica-01.jpg?resize=300%2C200&amp;ssl=1 300w, https:\/\/i0.wp.com\/blogdoeloiltoncajuhy.com.br\/site\/wp-content\/uploads\/2019\/11\/PMSB_CapacitacaoPoliclinica-01.jpg?resize=768%2C512&amp;ssl=1 768w, https:\/\/i0.wp.com\/blogdoeloiltoncajuhy.com.br\/site\/wp-content\/uploads\/2019\/11\/PMSB_CapacitacaoPoliclinica-01.jpg?resize=1024%2C682&amp;ssl=1 1024w, https:\/\/i0.wp.com\/blogdoeloiltoncajuhy.com.br\/site\/wp-content\/uploads\/2019\/11\/PMSB_CapacitacaoPoliclinica-01.jpg?resize=250%2C167&amp;ssl=1 250w\" sizes=\"(max-width: 800px) 100vw, 800px\" \/><\/figure><\/div>\n\n\n\n<p>Esta sexta-feira, dia 8, \u00e9 o \u00faltimo dia da Qualifica\u00e7\u00e3o para os Gestores e Trabalhadores que ir\u00e3o atuar na Policl\u00ednica Regional de Senhor do Bonfim.<\/p>\n\n\n\n<p>A capacita\u00e7\u00e3o realizada pela Superintend\u00eancia de Recursos Humanos da Secretaria de Sa\u00fade do Estado da Bahia, acontece desde o in\u00edcio desta semana no Audit\u00f3rio do Hotel Novo Leste.<br><br>Est\u00e3o sendo qualificados trabalhadores e gestores (secret\u00e1rios de sa\u00fade, coordenadores da aten\u00e7\u00e3o b\u00e1sica e reguladores municipais). O encerramento da Capacita\u00e7\u00e3o foi programado para acontecer a partir das 14 horas com a ambienta\u00e7\u00e3o na Policl\u00ednica \u2013 visita guiada pelos gestores municipais.<\/p>\n\n\n\n<p>O objetivo da qualifica\u00e7\u00e3o \u00e9 acolher e compor um corpo de gestores e trabalhadores, cientes de suas fun\u00e7\u00f5es e import\u00e2ncia, considerando o \u00e2mbito regional do Sistema \u00danico de Sa\u00fade (SUS), para que estes possam conduzir processos t\u00e9cnicos e pol\u00edticos, reconhecer a educa\u00e7\u00e3o permanente como recurso para o aperfei\u00e7oamento necess\u00e1rio \u00e0 organiza\u00e7\u00e3o da assist\u00eancia \u00e0 sa\u00fade, repercutindo na sua vincula\u00e7\u00e3o com o SUS.<\/p>\n\n\n\n<p>O governador Rui Costa inaugura na pr\u00f3xima segunda-feira (11), a Policl\u00ednica Regional de Senhor do Bonfim. A unidade j\u00e1 come\u00e7a a funcionar na ter\u00e7a-feira (12). A policl\u00ednica ter\u00e1 18 especialidades m\u00e9dicas e far\u00e1 o atendimento de cerca de 350 mil pessoas de 11 munic\u00edpios que comp\u00f5e o Cons\u00f3rcio Interfederativo de Sa\u00fade da Regi\u00e3o de Senhor Bonfim, que tem \u00e0 frente o prefeito Carlos Brasileiro.<\/p>\n\n\n\n<div class=\"wp-block-image\"><figure class=\"aligncenter\"><img decoding=\"async\" width=\"1280\" height=\"853\" src=\"https:\/\/i1.wp.com\/blogdoeloiltoncajuhy.com.br\/site\/wp-content\/uploads\/2019\/11\/PMSB_CapacitacaoPoliclinica-02.jpg?fit=590%2C393\" alt=\"\" class=\"wp-image-38668\" srcset=\"https:\/\/i0.wp.com\/blogdoeloiltoncajuhy.com.br\/site\/wp-content\/uploads\/2019\/11\/PMSB_CapacitacaoPoliclinica-02.jpg?w=1280&amp;ssl=1 1280w, https:\/\/i0.wp.com\/blogdoeloiltoncajuhy.com.br\/site\/wp-content\/uploads\/2019\/11\/PMSB_CapacitacaoPoliclinica-02.jpg?resize=300%2C200&amp;ssl=1 300w, https:\/\/i0.wp.com\/blogdoeloiltoncajuhy.com.br\/site\/wp-content\/uploads\/2019\/11\/PMSB_CapacitacaoPoliclinica-02.jpg?resize=768%2C512&amp;ssl=1 768w, https:\/\/i0.wp.com\/blogdoeloiltoncajuhy.com.br\/site\/wp-content\/uploads\/2019\/11\/PMSB_CapacitacaoPoliclinica-02.jpg?resize=1024%2C682&amp;ssl=1 1024w, https:\/\/i0.wp.com\/blogdoeloiltoncajuhy.com.br\/site\/wp-content\/uploads\/2019\/11\/PMSB_CapacitacaoPoliclinica-02.jpg?resize=250%2C167&amp;ssl=1 250w\" sizes=\"(max-width: 800px) 100vw, 800px\" \/><\/figure><\/div>\n","protected":false},"excerpt":{"rendered":"<p>ASCOM &#8211; Prefeitura de Senhor do Bonfim-BA Esta sexta-feira, dia 8, \u00e9 o \u00faltimo dia da Qualifica\u00e7\u00e3o para os Gestores e Trabalhadores que ir\u00e3o atuar na Policl\u00ednica Regional de Senhor do Bonfim. A capacita\u00e7\u00e3o realizada pela Superintend\u00eancia de Recursos Humanos da Secretaria de Sa\u00fade do Estado da Bahia, acontece desde o in\u00edcio desta semana no [&hellip;]<\/p>\n","protected":false},"author":2,"featured_media":38668,"comment_status":"open","ping_status":"open","sticky":false,"template":"","format":"standard","meta":{"_acf_changed":false,"_monsterinsights_skip_tracking":false,"_monsterinsights_sitenote_active":false,"_monsterinsights_sitenote_note":"","_monsterinsights_sitenote_category":0,"_jetpack_memberships_contains_paid_content":false,"footnotes":"","jetpack_publicize_message":"","jetpack_publicize_feature_enabled":true,"jetpack_social_post_already_shared":true,"jetpack_social_options":{"image_generator_settings":{"template":"highway","default_image_id":0,"font":"","enabled":false},"version":2}},"categories":[1,7,4],"tags":[],"class_list":["post-38666","post","type-post","status-publish","format-standard","has-post-thumbnail","hentry","category-noticias","category-saude","category-local"],"acf":[],"jetpack_publicize_connections":[],"jetpack_featured_media_url":"https:\/\/i0.wp.com\/blogdoeloiltoncajuhy.com.br\/site\/wp-content\/uploads\/2019\/11\/PMSB_CapacitacaoPoliclinica-02.jpg?fit=1280%2C853&ssl=1","jetpack_sharing_enabled":true,"publishpress_future_workflow_manual_trigger":{"enabledWorkflows":[]},"_links":{"self":[{"href":"https:\/\/blogdoeloiltoncajuhy.com.br\/site\/wp-json\/wp\/v2\/posts\/38666","targetHints":{"allow":["GET"]}}],"collection":[{"href":"https:\/\/blogdoeloiltoncajuhy.com.br\/site\/wp-json\/wp\/v2\/posts"}],"about":[{"href":"https:\/\/blogdoeloiltoncajuhy.com.br\/site\/wp-json\/wp\/v2\/types\/post"}],"author":[{"embeddable":true,"href":"https:\/\/blogdoeloiltoncajuhy.com.br\/site\/wp-json\/wp\/v2\/users\/2"}],"replies":[{"embeddable":true,"href":"https:\/\/blogdoeloiltoncajuhy.com.br\/site\/wp-json\/wp\/v2\/comments?post=38666"}],"version-history":[{"count":1,"href":"https:\/\/blogdoeloiltoncajuhy.com.br\/site\/wp-json\/wp\/v2\/posts\/38666\/revisions"}],"predecessor-version":[{"id":38669,"href":"https:\/\/blogdoeloiltoncajuhy.com.br\/site\/wp-json\/wp\/v2\/posts\/38666\/revisions\/38669"}],"wp:featuredmedia":[{"embeddable":true,"href":"https:\/\/blogdoeloiltoncajuhy.com.br\/site\/wp-json\/wp\/v2\/media\/38668"}],"wp:attachment":[{"href":"https:\/\/blogdoeloiltoncajuhy.com.br\/site\/wp-json\/wp\/v2\/media?parent=38666"}],"wp:term":[{"taxonomy":"category","embeddable":true,"href":"https:\/\/blogdoeloiltoncajuhy.com.br\/site\/wp-json\/wp\/v2\/categories?post=38666"},{"taxonomy":"post_tag","embeddable":true,"href":"https:\/\/blogdoeloiltoncajuhy.com.br\/site\/wp-json\/wp\/v2\/tags?post=38666"}],"curies":[{"name":"wp","href":"https:\/\/api.w.org\/{rel}","templated":true}]}}