{"id":38663,"date":"2019-11-08T10:55:56","date_gmt":"2019-11-08T13:55:56","guid":{"rendered":"http:\/\/blogdoeloiltoncajuhy.com.br\/site\/?p=38663"},"modified":"2019-11-08T10:56:03","modified_gmt":"2019-11-08T13:56:03","slug":"prefeitura-de-jaguarari-inicia-reforma-da-quadra-poliesportiva-de-catuni-da-estrada","status":"publish","type":"post","link":"https:\/\/blogdoeloiltoncajuhy.com.br\/site\/prefeitura-de-jaguarari-inicia-reforma-da-quadra-poliesportiva-de-catuni-da-estrada\/","title":{"rendered":"Prefeitura de Jaguarari inicia reforma da quadra poliesportiva de Catuni da Estrada"},"content":{"rendered":"\n<p><strong>ASCOM &#8211; Prefeitura de Jaguarari-BA<\/strong><\/p>\n\n\n\n<div class=\"wp-block-image\"><figure class=\"aligncenter is-resized\"><img fetchpriority=\"high\" decoding=\"async\" src=\"https:\/\/i0.wp.com\/blogdoeloiltoncajuhy.com.br\/site\/wp-content\/uploads\/2019\/11\/PMJ_RecuperacaoQuadraCatuniE.jpg?fit=590%2C393\" alt=\"\" class=\"wp-image-38664\" width=\"443\" height=\"295\" srcset=\"https:\/\/i0.wp.com\/blogdoeloiltoncajuhy.com.br\/site\/wp-content\/uploads\/2019\/11\/PMJ_RecuperacaoQuadraCatuniE.jpg?w=1280&amp;ssl=1 1280w, https:\/\/i0.wp.com\/blogdoeloiltoncajuhy.com.br\/site\/wp-content\/uploads\/2019\/11\/PMJ_RecuperacaoQuadraCatuniE.jpg?resize=300%2C200&amp;ssl=1 300w, https:\/\/i0.wp.com\/blogdoeloiltoncajuhy.com.br\/site\/wp-content\/uploads\/2019\/11\/PMJ_RecuperacaoQuadraCatuniE.jpg?resize=768%2C512&amp;ssl=1 768w, https:\/\/i0.wp.com\/blogdoeloiltoncajuhy.com.br\/site\/wp-content\/uploads\/2019\/11\/PMJ_RecuperacaoQuadraCatuniE.jpg?resize=1024%2C682&amp;ssl=1 1024w, https:\/\/i0.wp.com\/blogdoeloiltoncajuhy.com.br\/site\/wp-content\/uploads\/2019\/11\/PMJ_RecuperacaoQuadraCatuniE.jpg?resize=250%2C167&amp;ssl=1 250w\" sizes=\"(max-width: 443px) 100vw, 443px\" \/><\/figure><\/div>\n\n\n\n<p>A Prefeitura de Jaguarari, atrav\u00e9s da Secretaria de Infraestrutura, iniciou na quarta-feira (06), os servi\u00e7os de reforma e reparo na quadra poliesportiva da localidade de Catuni da Estrada.<\/p>\n\n\n\n<p>Os servi\u00e7os incluem: recupera\u00e7\u00e3o e pintura da quadra, afixa\u00e7\u00e3o do alambrado, concerto de traves, port\u00f5es de acesso e recupera\u00e7\u00e3o completa do vesti\u00e1rio. Alem disso, no entrono da quadra tamb\u00e9m ser\u00e3o realizadas melhorias e uma limpeza geral.<\/p>\n\n\n\n<p><em>\u201cIniciamos a recupera\u00e7\u00e3o de mais uma quadra poliesportiva, com o inicio de mais esse servi\u00e7o de recupera\u00e7\u00e3o. J\u00e1 \u00e9 a quinta quadra que recebe os cuidados devidos. A recupera\u00e7\u00e3o de nossas \u00e1reas de lazer e esportivas \u00e9 de vital import\u00e2ncia para os nossos jovens e esportistas que passam a ter um local adequado para a pratica esportiva&#8221;<\/em>, ressalta o prefeito Everton Rocha.<\/p>\n","protected":false},"excerpt":{"rendered":"<p>ASCOM &#8211; Prefeitura de Jaguarari-BA A Prefeitura de Jaguarari, atrav\u00e9s da Secretaria de Infraestrutura, iniciou na quarta-feira (06), os servi\u00e7os de reforma e reparo na quadra poliesportiva da localidade de Catuni da Estrada. Os servi\u00e7os incluem: recupera\u00e7\u00e3o e pintura da quadra, afixa\u00e7\u00e3o do alambrado, concerto de traves, port\u00f5es de acesso e recupera\u00e7\u00e3o completa do vesti\u00e1rio. [&hellip;]<\/p>\n","protected":false},"author":2,"featured_media":38664,"comment_status":"open","ping_status":"open","sticky":false,"template":"","format":"standard","meta":{"_acf_changed":false,"_monsterinsights_skip_tracking":false,"_monsterinsights_sitenote_active":false,"_monsterinsights_sitenote_note":"","_monsterinsights_sitenote_category":0,"_jetpack_memberships_contains_paid_content":false,"footnotes":"","jetpack_publicize_message":"","jetpack_publicize_feature_enabled":true,"jetpack_social_post_already_shared":true,"jetpack_social_options":{"image_generator_settings":{"template":"highway","default_image_id":0,"font":"","enabled":false},"version":2}},"categories":[1,3,11],"tags":[],"class_list":["post-38663","post","type-post","status-publish","format-standard","has-post-thumbnail","hentry","category-noticias","category-politica","category-regional"],"acf":[],"jetpack_publicize_connections":[],"jetpack_featured_media_url":"https:\/\/i0.wp.com\/blogdoeloiltoncajuhy.com.br\/site\/wp-content\/uploads\/2019\/11\/PMJ_RecuperacaoQuadraCatuniE.jpg?fit=1280%2C853&ssl=1","jetpack_sharing_enabled":true,"publishpress_future_workflow_manual_trigger":{"enabledWorkflows":[]},"_links":{"self":[{"href":"https:\/\/blogdoeloiltoncajuhy.com.br\/site\/wp-json\/wp\/v2\/posts\/38663","targetHints":{"allow":["GET"]}}],"collection":[{"href":"https:\/\/blogdoeloiltoncajuhy.com.br\/site\/wp-json\/wp\/v2\/posts"}],"about":[{"href":"https:\/\/blogdoeloiltoncajuhy.com.br\/site\/wp-json\/wp\/v2\/types\/post"}],"author":[{"embeddable":true,"href":"https:\/\/blogdoeloiltoncajuhy.com.br\/site\/wp-json\/wp\/v2\/users\/2"}],"replies":[{"embeddable":true,"href":"https:\/\/blogdoeloiltoncajuhy.com.br\/site\/wp-json\/wp\/v2\/comments?post=38663"}],"version-history":[{"count":1,"href":"https:\/\/blogdoeloiltoncajuhy.com.br\/site\/wp-json\/wp\/v2\/posts\/38663\/revisions"}],"predecessor-version":[{"id":38665,"href":"https:\/\/blogdoeloiltoncajuhy.com.br\/site\/wp-json\/wp\/v2\/posts\/38663\/revisions\/38665"}],"wp:featuredmedia":[{"embeddable":true,"href":"https:\/\/blogdoeloiltoncajuhy.com.br\/site\/wp-json\/wp\/v2\/media\/38664"}],"wp:attachment":[{"href":"https:\/\/blogdoeloiltoncajuhy.com.br\/site\/wp-json\/wp\/v2\/media?parent=38663"}],"wp:term":[{"taxonomy":"category","embeddable":true,"href":"https:\/\/blogdoeloiltoncajuhy.com.br\/site\/wp-json\/wp\/v2\/categories?post=38663"},{"taxonomy":"post_tag","embeddable":true,"href":"https:\/\/blogdoeloiltoncajuhy.com.br\/site\/wp-json\/wp\/v2\/tags?post=38663"}],"curies":[{"name":"wp","href":"https:\/\/api.w.org\/{rel}","templated":true}]}}