{"id":38660,"date":"2019-11-08T10:47:55","date_gmt":"2019-11-08T13:47:55","guid":{"rendered":"http:\/\/blogdoeloiltoncajuhy.com.br\/site\/?p=38660"},"modified":"2019-11-08T10:48:01","modified_gmt":"2019-11-08T13:48:01","slug":"natural-de-senhor-do-bonfim-jeferson-muricy-sera-vice-presidente-do-trt-ba-apos-afastamento-de-graca-boness","status":"publish","type":"post","link":"https:\/\/blogdoeloiltoncajuhy.com.br\/site\/natural-de-senhor-do-bonfim-jeferson-muricy-sera-vice-presidente-do-trt-ba-apos-afastamento-de-graca-boness\/","title":{"rendered":"Natural de Senhor do Bonfim, J\u00e9ferson Muricy ser\u00e1 vice-presidente do TRT-BA ap\u00f3s afastamento de Gra\u00e7a Boness"},"content":{"rendered":"\n<p><strong>Bahia Not\u00edcias<\/strong><\/p>\n\n\n\n<div class=\"wp-block-image\"><figure class=\"aligncenter is-resized\"><img data-recalc-dims=\"1\" fetchpriority=\"high\" decoding=\"async\" src=\"https:\/\/i0.wp.com\/blogdoeloiltoncajuhy.com.br\/site\/wp-content\/uploads\/2019\/11\/JefersonMuricy.jpg?resize=421%2C310\" alt=\"\" class=\"wp-image-38661\" width=\"421\" height=\"310\" srcset=\"https:\/\/i0.wp.com\/blogdoeloiltoncajuhy.com.br\/site\/wp-content\/uploads\/2019\/11\/JefersonMuricy.jpg?w=380&amp;ssl=1 380w, https:\/\/i0.wp.com\/blogdoeloiltoncajuhy.com.br\/site\/wp-content\/uploads\/2019\/11\/JefersonMuricy.jpg?resize=300%2C221&amp;ssl=1 300w, https:\/\/i0.wp.com\/blogdoeloiltoncajuhy.com.br\/site\/wp-content\/uploads\/2019\/11\/JefersonMuricy.jpg?resize=250%2C184&amp;ssl=1 250w\" sizes=\"(max-width: 421px) 100vw, 421px\" \/><figcaption><em>Desembargador J\u00e9ferson Muricy (Foto: Reprodu\u00e7\u00e3o \/ TV Bahia)<\/em><\/figcaption><\/figure><\/div>\n\n\n\n<p>O desembargador J\u00e9ferson Alves Silva Muricy ser\u00e1 o vice-presidente do Tribunal Regional do Trabalho da Bahia (TRT-BA) ap\u00f3s o afastamento de Gra\u00e7a Boness. J\u00e9ferson foi convocado para o cargo pela presidente da Corte, Dalila Andrade, por ser o magistrado mais antigo eleg\u00edvel.<\/p>\n\n\n\n<p>Gra\u00e7a Boness foi afastada pelo Conselho Nacional de Justi\u00e7a (CNJ) ap\u00f3s opera\u00e7\u00e3o da Pol\u00edcia Federal, que investiga um suposto esquema de venda de senten\u00e7as e favorecimento de r\u00e9us em processos na Justi\u00e7a do Trabalho.<\/p>\n\n\n\n<p>A desembargadora afastada cogitou ajuizar a\u00e7\u00e3o para tentar tomar posse, mas desistiu.<\/p>\n\n\n\n<p><strong>BLOG DO ELOILTON CAJUHY:<\/strong> J\u00e9ferson Muricy \u00e9 natural de Senhor do Bonfim, filho do saudoso e inesquec\u00edvel Joaquim Muricy, que foi vereador e presidente da C\u00e2mara Municipal. Atrav\u00e9s de lei aprovada na C\u00e2mara, o Sal\u00e3o Nobre do legislativo bonfinense leva o nome do saudoso vereador.<\/p>\n","protected":false},"excerpt":{"rendered":"<p>Bahia Not\u00edcias O desembargador J\u00e9ferson Alves Silva Muricy ser\u00e1 o vice-presidente do Tribunal Regional do Trabalho da Bahia (TRT-BA) ap\u00f3s o afastamento de Gra\u00e7a Boness. J\u00e9ferson foi convocado para o cargo pela presidente da Corte, Dalila Andrade, por ser o magistrado mais antigo eleg\u00edvel. Gra\u00e7a Boness foi afastada pelo Conselho Nacional de Justi\u00e7a (CNJ) ap\u00f3s [&hellip;]<\/p>\n","protected":false},"author":2,"featured_media":38661,"comment_status":"open","ping_status":"open","sticky":false,"template":"","format":"standard","meta":{"_acf_changed":false,"_monsterinsights_skip_tracking":false,"_monsterinsights_sitenote_active":false,"_monsterinsights_sitenote_note":"","_monsterinsights_sitenote_category":0,"_jetpack_memberships_contains_paid_content":false,"footnotes":"","jetpack_publicize_message":"","jetpack_publicize_feature_enabled":true,"jetpack_social_post_already_shared":true,"jetpack_social_options":{"image_generator_settings":{"template":"highway","default_image_id":0,"font":"","enabled":false},"version":2}},"categories":[1,4],"tags":[],"class_list":["post-38660","post","type-post","status-publish","format-standard","has-post-thumbnail","hentry","category-noticias","category-local"],"acf":[],"jetpack_publicize_connections":[],"jetpack_featured_media_url":"https:\/\/i0.wp.com\/blogdoeloiltoncajuhy.com.br\/site\/wp-content\/uploads\/2019\/11\/JefersonMuricy.jpg?fit=380%2C280&ssl=1","jetpack_sharing_enabled":true,"publishpress_future_workflow_manual_trigger":{"enabledWorkflows":[]},"_links":{"self":[{"href":"https:\/\/blogdoeloiltoncajuhy.com.br\/site\/wp-json\/wp\/v2\/posts\/38660","targetHints":{"allow":["GET"]}}],"collection":[{"href":"https:\/\/blogdoeloiltoncajuhy.com.br\/site\/wp-json\/wp\/v2\/posts"}],"about":[{"href":"https:\/\/blogdoeloiltoncajuhy.com.br\/site\/wp-json\/wp\/v2\/types\/post"}],"author":[{"embeddable":true,"href":"https:\/\/blogdoeloiltoncajuhy.com.br\/site\/wp-json\/wp\/v2\/users\/2"}],"replies":[{"embeddable":true,"href":"https:\/\/blogdoeloiltoncajuhy.com.br\/site\/wp-json\/wp\/v2\/comments?post=38660"}],"version-history":[{"count":1,"href":"https:\/\/blogdoeloiltoncajuhy.com.br\/site\/wp-json\/wp\/v2\/posts\/38660\/revisions"}],"predecessor-version":[{"id":38662,"href":"https:\/\/blogdoeloiltoncajuhy.com.br\/site\/wp-json\/wp\/v2\/posts\/38660\/revisions\/38662"}],"wp:featuredmedia":[{"embeddable":true,"href":"https:\/\/blogdoeloiltoncajuhy.com.br\/site\/wp-json\/wp\/v2\/media\/38661"}],"wp:attachment":[{"href":"https:\/\/blogdoeloiltoncajuhy.com.br\/site\/wp-json\/wp\/v2\/media?parent=38660"}],"wp:term":[{"taxonomy":"category","embeddable":true,"href":"https:\/\/blogdoeloiltoncajuhy.com.br\/site\/wp-json\/wp\/v2\/categories?post=38660"},{"taxonomy":"post_tag","embeddable":true,"href":"https:\/\/blogdoeloiltoncajuhy.com.br\/site\/wp-json\/wp\/v2\/tags?post=38660"}],"curies":[{"name":"wp","href":"https:\/\/api.w.org\/{rel}","templated":true}]}}