{"id":38654,"date":"2019-11-08T09:31:04","date_gmt":"2019-11-08T12:31:04","guid":{"rendered":"http:\/\/blogdoeloiltoncajuhy.com.br\/site\/?p=38654"},"modified":"2019-11-08T09:34:38","modified_gmt":"2019-11-08T12:34:38","slug":"esportes-palmeirinhas-jovem-vai-disputar-a-salvador-cup-kids-com-duas-categorias","status":"publish","type":"post","link":"https:\/\/blogdoeloiltoncajuhy.com.br\/site\/esportes-palmeirinhas-jovem-vai-disputar-a-salvador-cup-kids-com-duas-categorias\/","title":{"rendered":"Esportes: Palmeirinhas Jovem vai disputar a Salvador Cup Kids com duas categorias"},"content":{"rendered":"\n<div class=\"wp-block-image\"><figure class=\"aligncenter\"><img data-recalc-dims=\"1\" fetchpriority=\"high\" decoding=\"async\" width=\"380\" height=\"280\" src=\"https:\/\/i0.wp.com\/blogdoeloiltoncajuhy.com.br\/site\/wp-content\/uploads\/2019\/11\/LucianoCortizo.jpg?resize=380%2C280\" alt=\"\" class=\"wp-image-38657\" srcset=\"https:\/\/i0.wp.com\/blogdoeloiltoncajuhy.com.br\/site\/wp-content\/uploads\/2019\/11\/LucianoCortizo.jpg?w=380&amp;ssl=1 380w, https:\/\/i0.wp.com\/blogdoeloiltoncajuhy.com.br\/site\/wp-content\/uploads\/2019\/11\/LucianoCortizo.jpg?resize=300%2C221&amp;ssl=1 300w, https:\/\/i0.wp.com\/blogdoeloiltoncajuhy.com.br\/site\/wp-content\/uploads\/2019\/11\/LucianoCortizo.jpg?resize=250%2C184&amp;ssl=1 250w\" sizes=\"(max-width: 380px) 100vw, 380px\" \/><figcaption><em>Foto: Divulga\u00e7\u00e3o<\/em><\/figcaption><\/figure><\/div>\n\n\n\n<p>A segunda edi\u00e7\u00e3o da <strong><em>Salvador Cup Kids<\/em><\/strong> come\u00e7a neste s\u00e1bado (9), no CT do Vit\u00f3ria. A competi\u00e7\u00e3o contar\u00e1 com as seguintes categorias: sub-13, sub-11 e sub-9 .O certame re\u00fane clubes e escolinhas de Salvador, regi\u00e3o metropolitana e interior da Bahia. A previs\u00e3o \u00e9 que 500 jovens disputem a competi\u00e7\u00e3o, que conta com 54 equipes nas tr\u00eas categorias.<\/p>\n\n\n\n<p>Organizador da competi\u00e7\u00e3o, Luciano Cortizo explicou ao Bahia Not\u00edcias que o certame tem como objetivo &#8220;a socializa\u00e7\u00e3o e o desenvolvimento dos atletas&#8221;.<\/p>\n\n\n\n<p>A competi\u00e7\u00e3o, que ser\u00e1 encerrada no dia 1\u00ba de dezembro com a grande decis\u00e3o, ter\u00e1 entrada franca e poder\u00e1 ser acompanhada no instagram oficial. <\/p>\n\n\n\n<p class=\"has-medium-font-size\"><strong>CONFIRA ABAIXO A PRIMEIRA RODADA DA COMPETI\u00c7\u00c3O<\/strong><\/p>\n\n\n\n<div class=\"wp-block-image\"><figure class=\"aligncenter is-resized\"><img data-recalc-dims=\"1\" decoding=\"async\" src=\"https:\/\/i0.wp.com\/blogdoeloiltoncajuhy.com.br\/site\/wp-content\/uploads\/2019\/11\/Salvador-Cup-sub-9-01.jpg?resize=350%2C350\" alt=\"\" class=\"wp-image-38655\" width=\"350\" height=\"350\" srcset=\"https:\/\/i0.wp.com\/blogdoeloiltoncajuhy.com.br\/site\/wp-content\/uploads\/2019\/11\/Salvador-Cup-sub-9-01.jpg?w=1024&amp;ssl=1 1024w, https:\/\/i0.wp.com\/blogdoeloiltoncajuhy.com.br\/site\/wp-content\/uploads\/2019\/11\/Salvador-Cup-sub-9-01.jpg?resize=150%2C150&amp;ssl=1 150w, https:\/\/i0.wp.com\/blogdoeloiltoncajuhy.com.br\/site\/wp-content\/uploads\/2019\/11\/Salvador-Cup-sub-9-01.jpg?resize=300%2C300&amp;ssl=1 300w, https:\/\/i0.wp.com\/blogdoeloiltoncajuhy.com.br\/site\/wp-content\/uploads\/2019\/11\/Salvador-Cup-sub-9-01.jpg?resize=768%2C768&amp;ssl=1 768w, https:\/\/i0.wp.com\/blogdoeloiltoncajuhy.com.br\/site\/wp-content\/uploads\/2019\/11\/Salvador-Cup-sub-9-01.jpg?resize=250%2C250&amp;ssl=1 250w, https:\/\/i0.wp.com\/blogdoeloiltoncajuhy.com.br\/site\/wp-content\/uploads\/2019\/11\/Salvador-Cup-sub-9-01.jpg?resize=48%2C48&amp;ssl=1 48w\" sizes=\"(max-width: 350px) 100vw, 350px\" \/><figcaption><em>Primeira rodada da categoria Sub-9 | Foto: Divulga\u00e7\u00e3o \/ Salvador Cup Kids<\/em><\/figcaption><\/figure><\/div>\n\n\n\n<div class=\"wp-block-image\"><figure class=\"aligncenter is-resized\"><img data-recalc-dims=\"1\" decoding=\"async\" src=\"https:\/\/i0.wp.com\/blogdoeloiltoncajuhy.com.br\/site\/wp-content\/uploads\/2019\/11\/Salvador-Cup-sub-11.jpg?resize=350%2C350\" alt=\"\" class=\"wp-image-38656\" width=\"350\" height=\"350\" srcset=\"https:\/\/i0.wp.com\/blogdoeloiltoncajuhy.com.br\/site\/wp-content\/uploads\/2019\/11\/Salvador-Cup-sub-11.jpg?w=1024&amp;ssl=1 1024w, https:\/\/i0.wp.com\/blogdoeloiltoncajuhy.com.br\/site\/wp-content\/uploads\/2019\/11\/Salvador-Cup-sub-11.jpg?resize=150%2C150&amp;ssl=1 150w, https:\/\/i0.wp.com\/blogdoeloiltoncajuhy.com.br\/site\/wp-content\/uploads\/2019\/11\/Salvador-Cup-sub-11.jpg?resize=300%2C300&amp;ssl=1 300w, https:\/\/i0.wp.com\/blogdoeloiltoncajuhy.com.br\/site\/wp-content\/uploads\/2019\/11\/Salvador-Cup-sub-11.jpg?resize=768%2C768&amp;ssl=1 768w, https:\/\/i0.wp.com\/blogdoeloiltoncajuhy.com.br\/site\/wp-content\/uploads\/2019\/11\/Salvador-Cup-sub-11.jpg?resize=250%2C250&amp;ssl=1 250w, https:\/\/i0.wp.com\/blogdoeloiltoncajuhy.com.br\/site\/wp-content\/uploads\/2019\/11\/Salvador-Cup-sub-11.jpg?resize=48%2C48&amp;ssl=1 48w\" sizes=\"(max-width: 350px) 100vw, 350px\" \/><figcaption>P<em>rimeira rodada da categoria Sub-11 | Foto: Divulga\u00e7\u00e3o \/ Salvador Cup Kids<\/em><\/figcaption><\/figure><\/div>\n\n\n\n<p>A Escolinha do Palmeirinhas Jovem de Senhor do Bonfim participar\u00e1 da competi\u00e7\u00e3o com suas categorias Sub-09 e Sub-11. No domingo (10), o Sub-09 joga contra o Vit\u00f3ria, \u00e0s 11h da manh\u00e3. J\u00e1 o Sub-11 joga contra o Costa Lyra, \u00e0s 10h20, e contra o Vilas FC, \u00e0s 13h40.<\/p>\n\n\n\n<p><strong>Fonte: Bahia Not\u00edcias<\/strong><br>Adapta\u00e7\u00e3o: Eloilton Cajuhy &#8211; DRT 3621<\/p>\n","protected":false},"excerpt":{"rendered":"<p>A segunda edi\u00e7\u00e3o da Salvador Cup Kids come\u00e7a neste s\u00e1bado (9), no CT do Vit\u00f3ria. A competi\u00e7\u00e3o contar\u00e1 com as seguintes categorias: sub-13, sub-11 e sub-9 .O certame re\u00fane clubes e escolinhas de Salvador, regi\u00e3o metropolitana e interior da Bahia. A previs\u00e3o \u00e9 que 500 jovens disputem a competi\u00e7\u00e3o, que conta com 54 equipes nas [&hellip;]<\/p>\n","protected":false},"author":2,"featured_media":38657,"comment_status":"open","ping_status":"open","sticky":false,"template":"","format":"standard","meta":{"_acf_changed":false,"_monsterinsights_skip_tracking":false,"_monsterinsights_sitenote_active":false,"_monsterinsights_sitenote_note":"","_monsterinsights_sitenote_category":0,"_jetpack_memberships_contains_paid_content":false,"footnotes":"","jetpack_publicize_message":"","jetpack_publicize_feature_enabled":true,"jetpack_social_post_already_shared":true,"jetpack_social_options":{"image_generator_settings":{"template":"highway","default_image_id":0,"font":"","enabled":false},"version":2}},"categories":[6,1,4],"tags":[],"class_list":["post-38654","post","type-post","status-publish","format-standard","has-post-thumbnail","hentry","category-esportes","category-noticias","category-local"],"acf":[],"jetpack_publicize_connections":[],"jetpack_featured_media_url":"https:\/\/i0.wp.com\/blogdoeloiltoncajuhy.com.br\/site\/wp-content\/uploads\/2019\/11\/LucianoCortizo.jpg?fit=380%2C280&ssl=1","jetpack_sharing_enabled":true,"publishpress_future_workflow_manual_trigger":{"enabledWorkflows":[]},"_links":{"self":[{"href":"https:\/\/blogdoeloiltoncajuhy.com.br\/site\/wp-json\/wp\/v2\/posts\/38654","targetHints":{"allow":["GET"]}}],"collection":[{"href":"https:\/\/blogdoeloiltoncajuhy.com.br\/site\/wp-json\/wp\/v2\/posts"}],"about":[{"href":"https:\/\/blogdoeloiltoncajuhy.com.br\/site\/wp-json\/wp\/v2\/types\/post"}],"author":[{"embeddable":true,"href":"https:\/\/blogdoeloiltoncajuhy.com.br\/site\/wp-json\/wp\/v2\/users\/2"}],"replies":[{"embeddable":true,"href":"https:\/\/blogdoeloiltoncajuhy.com.br\/site\/wp-json\/wp\/v2\/comments?post=38654"}],"version-history":[{"count":2,"href":"https:\/\/blogdoeloiltoncajuhy.com.br\/site\/wp-json\/wp\/v2\/posts\/38654\/revisions"}],"predecessor-version":[{"id":38659,"href":"https:\/\/blogdoeloiltoncajuhy.com.br\/site\/wp-json\/wp\/v2\/posts\/38654\/revisions\/38659"}],"wp:featuredmedia":[{"embeddable":true,"href":"https:\/\/blogdoeloiltoncajuhy.com.br\/site\/wp-json\/wp\/v2\/media\/38657"}],"wp:attachment":[{"href":"https:\/\/blogdoeloiltoncajuhy.com.br\/site\/wp-json\/wp\/v2\/media?parent=38654"}],"wp:term":[{"taxonomy":"category","embeddable":true,"href":"https:\/\/blogdoeloiltoncajuhy.com.br\/site\/wp-json\/wp\/v2\/categories?post=38654"},{"taxonomy":"post_tag","embeddable":true,"href":"https:\/\/blogdoeloiltoncajuhy.com.br\/site\/wp-json\/wp\/v2\/tags?post=38654"}],"curies":[{"name":"wp","href":"https:\/\/api.w.org\/{rel}","templated":true}]}}