{"id":38652,"date":"2019-11-08T09:01:50","date_gmt":"2019-11-08T12:01:50","guid":{"rendered":"http:\/\/blogdoeloiltoncajuhy.com.br\/site\/?p=38652"},"modified":"2019-11-08T09:01:57","modified_gmt":"2019-11-08T12:01:57","slug":"veja-o-resumo-da-sessao-ordinaria-da-camara-municipal-de-senhor-do-bonfim-desta-quinta-feira-07","status":"publish","type":"post","link":"https:\/\/blogdoeloiltoncajuhy.com.br\/site\/veja-o-resumo-da-sessao-ordinaria-da-camara-municipal-de-senhor-do-bonfim-desta-quinta-feira-07\/","title":{"rendered":"Veja o resumo da sess\u00e3o ordin\u00e1ria da C\u00e2mara Municipal de Senhor do Bonfim desta quinta-feira (07)"},"content":{"rendered":"\n<p><strong>ASCOM &#8211; C\u00e2mara Municipal de Senhor do Bonfim-BA<\/strong><\/p>\n\n\n\n<figure class=\"wp-block-embed-youtube aligncenter wp-block-embed is-type-video is-provider-youtube wp-embed-aspect-16-9 wp-has-aspect-ratio\"><div class=\"wp-block-embed__wrapper\">\n<iframe title=\"27\u00aa Sess\u00e3o Ordin\u00e1ria do 2\u00ba PO [07\/11\/2019]\" width=\"800\" height=\"450\" src=\"https:\/\/www.youtube.com\/embed\/9u2PpEGF-Jc?feature=oembed\" frameborder=\"0\" allow=\"accelerometer; autoplay; encrypted-media; gyroscope; picture-in-picture\" allowfullscreen><\/iframe>\n<\/div><\/figure>\n\n\n\n<p>Nesta quinta-feira, 07 de novembro, foi realizada a 26\u00aa Sess\u00e3o Ordin\u00e1ria do 2\u00ba Per\u00edodo Ordin\u00e1rio, do ano de 2019, da C\u00e2mara Municipal de Senhor do Bonfim. Conduzida pelo Presidente da Casa, vereador Cleiton Vieira, o Sr.<\/p>\n\n\n\n<p>Presidente em raz\u00e3o das aus\u00eancias do 1\u00ba e 2\u00ba Secret\u00e1rio, respectivamente, vereadores ELIZEU CONCEI\u00c7\u00c3O DE SOUZA, REINALDO JOS\u00c9 DA SILVA, que se encontram na Capital do Estado a servi\u00e7o do Munic\u00edpio, convida o vice-presidente ANDREILTO DE ALMEIDA BARBOSA para assumir a respectiva Secretaria.<\/p>\n\n\n\n<p>A sess\u00e3o teve in\u00edcio \u00e0s 19h, ap\u00f3s a chamada dos vereadores, onde havendo n\u00famero legal \u00e9 declarada aberta. O Sr. Presidente informa que foi solicitado o abono da falta do vereador GERIVALDO RIBEIRO SAMPAIO, cuja justificativa \u00e9: por estar em viagem oficial \u00e0 capital do Estado. Todavia, a Mesa Diretora ir\u00e1 avaliar.<\/p>\n\n\n\n<p>Em seguida, atendendo o Regimento Interno, foi lida e encaminhada a ata da sess\u00e3o anterior e colocada em discuss\u00e3o. Ningu\u00e9m querendo discutir, \u00e9 colocada em vota\u00e7\u00e3o, sendo aprovada.<\/p>\n\n\n\n<p class=\"has-medium-font-size\"><strong>Passa-se \u00e0 leitura do expediente, que consta das seguintes mat\u00e9rias:<\/strong><\/p>\n\n\n\n<p>OF\u00cdCIO GAB. PREF. N\u00ba 331\/2019, que encaminha a avalia\u00e7\u00e3o do im\u00f3vel objeto de contrato de concess\u00e3o para anexar ao Projeto de Lei do Executivo N\u00ba 018\/2019;<\/p>\n\n\n\n<p>PROJETO DE LEI N\u00ba 036\/2019, oriundo da Comiss\u00e3o de Legisla\u00e7\u00e3o, Justi\u00e7a, Postura e Reda\u00e7\u00e3o Final, substituindo o Projeto de Lei do Executivo N\u00ba 016\/2019, \u201cDisp\u00f5e sobre a cria\u00e7\u00e3o do Fundo Municipal de Turismo \u2013 FUMTUR\u201d;<\/p>\n\n\n\n<p>PROJETO DE DECRETO LEGISLATIVO N\u00ba 047\/2019, de autoria dos Vereadores Cleiton Vieira Pinto, Andreilto de Almeida Barbosa, Elizeu Concei\u00e7\u00e3o de Souza, Reinaldo Jos\u00e9 da Silva, Alexandre, Ferreira, Carlos Alberto Dias dos Santos, Gerivaldo Ribeiro Sampaio, Herm\u00f3genes Gomes de Almeida, Jo\u00e3o Carlos de Castro, Jorge Souza e Silva Filho, L\u00facia Cristina Souza Cerqueira da Silva, Ot\u00e1vio Xisto de Souza J\u00fanior e Reinaldo Ferreira Santana, que \u201cConcede Titulo de Cidad\u00e3o Bonfinense ao Sr. Rui Costa dos Santos, e d\u00e1 outras provid\u00eancias\u201d;<\/p>\n\n\n\n<p>PROJETO DE DECRETO LEGISLATIVO N\u00ba 049\/2019, que \u201cConcede T\u00edtulo de Cidad\u00e3o Bonfinense ao Senhor Marcos Ben\u00edcio Foltz Cavalcanti\u201d;<\/p>\n\n\n\n<p>PARECER da Comiss\u00e3o de Legisla\u00e7\u00e3o, Justi\u00e7a, Postura e Reda\u00e7\u00e3o Final, ao Projeto de Lei Complementar N\u00ba 002\/2019, que substitui o Projeto de Lei do Executivo No 016\/2019;<\/p>\n\n\n\n<p>PARECER da Comiss\u00e3o de Finan\u00e7as, Or\u00e7amento, Fiscaliza\u00e7\u00e3o Financeira e Or\u00e7ament\u00e1ria, ao Projeto de Lei Complementar N\u00ba 002\/2019, que substitui o Projeto de Lei do Executivo No 016\/2019;<\/p>\n\n\n\n<p>PARECER da Comiss\u00e3o de Legisla\u00e7\u00e3o, Justi\u00e7a, Postura e Reda\u00e7\u00e3o Final, ao Projeto de Lei do Legislativo N\u00ba 035\/2019;<\/p>\n\n\n\n<p>PARECER da Comiss\u00e3o de Legisla\u00e7\u00e3o, Justi\u00e7a, Postura e Reda\u00e7\u00e3o Final, ao Projeto de Lei do Legislativo N\u00ba 037\/2019, em substitui\u00e7\u00e3o ao Projeto de Decreto Legislativo N\u00ba 038\/2019;<\/p>\n\n\n\n<p>PARECER da Comiss\u00e3o de Legisla\u00e7\u00e3o, Justi\u00e7a, Postura e Reda\u00e7\u00e3o Final, aos Projetos de Decreto Legislativo NOS 023\/2019 e 029\/2019;<\/p>\n\n\n\n<p>PARECER da Comiss\u00e3o de Legisla\u00e7\u00e3o, Justi\u00e7a, Postura e Reda\u00e7\u00e3o Final, aos Projetos de Decreto Legislativo NOS 036\/2019; 045\/2019 e 048\/2019;<\/p>\n\n\n\n<p>PEDIDO DE PROVID\u00caNCIA N\u00ba 056\/2019, de autoria do vereador Elizeu Concei\u00e7\u00e3o de Souza, que solicita que \u201ca Secretaria de Infraestrutura realize o servi\u00e7o de ilumina\u00e7\u00e3o p\u00fablica na Rua 2 e Rua 3, no bairro Casas Populares\u201d;<\/p>\n\n\n\n<p>PEDIDO DE PROVID\u00caNCIA N\u00ba 057\/2019, de autoria do vereador Elizeu Concei\u00e7\u00e3o de Souza, que solicita que \u201cseja realizado o servi\u00e7o de patrol na Estrada da Varzinha, na Miss\u00e3o do Sahy\u201d;<\/p>\n\n\n\n<p>PEDIDO DE PROVID\u00caNCIA N\u00ba 075\/2019, de autoria do vereador La\u00e9rcio Muniz de Azevedo J\u00fanior, solicita que \u201ca Secretaria Municipal de Infraestrutura promova a melhoria da ilumina\u00e7\u00e3o p\u00fablica na Rua Carlos Brasileiro, no distrito de Tijua\u00e7u, fazendo a reposi\u00e7\u00e3o de l\u00e2mpadas\u201d;<\/p>\n\n\n\n<p>PEDIDO DE PROVID\u00caNCIA N\u00ba 076\/2019, de autoria do vereador La\u00e9rcio Muniz de Azevedo J\u00fanior, solicita que \u201ca Secretaria Municipal de Infraestrutura promova a melhoria da ilumina\u00e7\u00e3o p\u00fablica na Rua Monte Santo, no bairro S\u00e3o Jorge, fazendo a reposi\u00e7\u00e3o de l\u00e2mpadas\u201d.<\/p>\n\n\n\n<div class=\"wp-block-image\"><figure class=\"aligncenter\"><img data-recalc-dims=\"1\" fetchpriority=\"high\" decoding=\"async\" width=\"768\" height=\"427\" src=\"https:\/\/i0.wp.com\/blogdoeloiltoncajuhy.com.br\/site\/wp-content\/uploads\/2019\/04\/camara-de-bonfim-2.jpg?resize=768%2C427\" alt=\"\" class=\"wp-image-33523\" srcset=\"https:\/\/i0.wp.com\/blogdoeloiltoncajuhy.com.br\/site\/wp-content\/uploads\/2019\/04\/camara-de-bonfim-2.jpg?w=768&amp;ssl=1 768w, https:\/\/i0.wp.com\/blogdoeloiltoncajuhy.com.br\/site\/wp-content\/uploads\/2019\/04\/camara-de-bonfim-2.jpg?resize=300%2C167&amp;ssl=1 300w, https:\/\/i0.wp.com\/blogdoeloiltoncajuhy.com.br\/site\/wp-content\/uploads\/2019\/04\/camara-de-bonfim-2.jpg?resize=250%2C139&amp;ssl=1 250w\" sizes=\"(max-width: 768px) 100vw, 768px\" \/><\/figure><\/div>\n\n\n\n<p>Dando continuidade informa que n\u00e3o h\u00e1 tempo h\u00e1bil para fala dos inscritos \u00e9 encerrado o hor\u00e1rio do expediente, passa-se para a <strong>ORDEM DO DIA<\/strong>, o Vereador Herm\u00f3genes Gomes de Almeida levanta uma quest\u00e3o de ordem e solicita do Presidente da Mesa que atenda o artigo 121 do Regimento Interno da C\u00e2mara. O Vereador La\u00e9rcio J\u00fanior levanta uma quest\u00e3o de ordem e solicita que o Presidente atenda o artigo TAL do Regimento Interno da C\u00e2mara. Logo em seguida o Vereador Reinaldo Ferreira Santana tamb\u00e9m levanta uma quest\u00e3o de ordem e diz que n\u00e3o entendeu os questionamentos feitos pelos vereadores, ent\u00e3o solicita do Presidente que suspenda a Sess\u00e3o por quinze minutos para em reuni\u00e3o ser esclarecido, o que \u00e9 feito.<\/p>\n\n\n\n<p>Retornando a Sess\u00e3o, o Sr. Presidente coloca o Requerimento Verbal de autoria do Vereador Herm\u00f3genes Gomes de Almeida foi reprovado por dois votos contr\u00e1rios, uma absten\u00e7\u00e3o e sete votos favor\u00e1veis.<\/p>\n\n\n\n<p>\u00c9 lido o PARECER da Comiss\u00e3o de Legisla\u00e7\u00e3o, Justi\u00e7a, Postura e Reda\u00e7\u00e3o Final, ao Projeto de Lei Complementar N\u00ba 002\/2019, que substitui o Projeto de Lei do Executivo No 016\/2019 \u00e9 colocado em discuss\u00e3o e ningu\u00e9m querendo discutir \u00e9 colocado em vota\u00e7\u00e3o, sendo aprovado por unanimidade.<\/p>\n\n\n\n<p>PARECER da Comiss\u00e3o de Finan\u00e7as, Or\u00e7amento, Fiscaliza\u00e7\u00e3o Financeira e Or\u00e7ament\u00e1ria, ao Projeto de Lei do Executivo n\u00ba 016\/2019 \u00e9 colocado em discuss\u00e3o e ningu\u00e9m querendo discutir \u00e9 colocado em vota\u00e7\u00e3o, sendo aprovado por unanimidade.<\/p>\n\n\n\n<p>PROJETO DE LEI COMPLEMENTAR N\u00ba 002\/2019, oriundo da Comiss\u00e3o de Legisla\u00e7\u00e3o, Justi\u00e7a, Postura e Reda\u00e7\u00e3o Final, que \u201cDisp\u00f5e sobre a cria\u00e7\u00e3o do Conselho Municipal de Turismo \u2013 COMTUR\u201d, em substitui\u00e7\u00e3o ao Projeto de Lei do Executivo No 016\/2019 \u00e9 colocado em discuss\u00e3o e ningu\u00e9m querendo discutir \u00e9 colocado em vota\u00e7\u00e3o, sendo aprovado por unanimidade.<\/p>\n\n\n\n<p>PARECER da Comiss\u00e3o de Legisla\u00e7\u00e3o, Justi\u00e7a, Postura e Reda\u00e7\u00e3o Final, ao Projeto de Lei do Legislativo N\u00ba 035\/2019 \u00e9 colocado em discuss\u00e3o e ningu\u00e9m querendo discutir \u00e9 colocado em vota\u00e7\u00e3o, sendo aprovado por unanimidade.<\/p>\n\n\n\n<p>PROJETO DE LEI DO LEGISLATIVO N\u00ba 035\/2019, que \u201cDisp\u00f5e sobra a institui\u00e7\u00e3o no Calend\u00e1rio Oficial do Munic\u00edpio de Senhor do Bonfim, \u2018O Fim de Semana do Antigomobilismo\u2019, e d\u00e1 outras provid\u00eancias\u201d \u00e9 colocado em discuss\u00e3o e usam da palavras os vereadores Cleiton Vieira Pinto, Alexandre Ferreira, Andreilto de Almeida Barbosa, Carlos Alberto Dias dos Santos e La\u00e9rcio Muniz de Azevedo J\u00fanior, que discutem a propositura e ficam favor\u00e1veis a sua aprova\u00e7\u00e3o e ningu\u00e9m mais querendo discutir \u00e9 colocado em vota\u00e7\u00e3o, sendo aprovado por unanimidade.<\/p>\n\n\n\n<p>PARECER da Comiss\u00e3o de Legisla\u00e7\u00e3o, Justi\u00e7a, Postura e Reda\u00e7\u00e3o Final, aos Projetos de Decreto Legislativo NOS 023\/2019 e 029\/2019 \u00e9 colocado em discuss\u00e3o e ningu\u00e9m querendo discutir \u00e9 colocado em vota\u00e7\u00e3o, sendo aprovado por unanimidade.<\/p>\n\n\n\n<p>PROJETO DE DECRETO LEGISLATIVO N\u00ba 029\/2019, de autoria do vereador Reinaldo Ferreira Santana, e subscrito pelos vereadores Carlos Alberto Dias dos Santos, Ot\u00e1vio Xisto de Souza J\u00fanior, Herm\u00f3genes Gomes de Almeida, Elizeu Concei\u00e7\u00e3o de Souza, Reinaldo Jos\u00e9 da Silva, Gerivaldo Ribeiro Sampaio, Jorge Souza e Silva Filho, Jo\u00e3o Carlos de Castro, La\u00e9rcio Muniz de Azevedo J\u00fanior e L\u00facia Cristina Souza Cerqueira que \u201cConcede T\u00edtulo de Cidad\u00e3o Bonfinense ao Senhor Deputado Adolfo Emanuel Monteiro de Menezes e d\u00e1 outras provid\u00eancias\u201d \u00e9 colocado em discuss\u00e3o e usam da palavra os Vereadores Jorge Souza e Silva Filho e Reinaldo Ferreira Santana, que discutem a propositura e ficam favor\u00e1veis a sua aprova\u00e7\u00e3o e ningu\u00e9m mais querendo discutir \u00e9 colocado em vota\u00e7\u00e3o, sendo aprovado por unanimidade.<\/p>\n\n\n\n<p>PROJETO DE DECRETO LEGISLATIVO N\u00ba 023\/2019, de autoria do vereador Herm\u00f3genes Gomes de Almeida, que \u201cConcede T\u00edtulo de Cidad\u00e3o Bonfinense ao Senhor Josias Gomes da Silva, e d\u00e1 outras provid\u00eancias\u201d \u00e9 colocado em discuss\u00e3o e ningu\u00e9m querendo discutir \u00e9 colocado em vota\u00e7\u00e3o, sendo reprovado por dois votos contr\u00e1rios, uma absten\u00e7\u00e3o e oito votos favor\u00e1veis.<\/p>\n\n\n\n<p>PARECER da Comiss\u00e3o de Legisla\u00e7\u00e3o, Justi\u00e7a, Postura e Reda\u00e7\u00e3o Final, aos Projetos de Decreto Legislativo NOS 036\/2019; 045\/2019 e 048\/2019 \u00e9 colocado em discuss\u00e3o e ningu\u00e9m querendo discutir \u00e9 colocado em vota\u00e7\u00e3o, sendo aprovado por unanimidade.<\/p>\n\n\n\n<p>PROJETO DE DECRETO LEGISLATIVO N\u00ba 036\/2019, de autoria de todos os Vereadores, que \u201cConcede Medalha Doutor Jos\u00e9 Gon\u00e7alves \u00e0 Samu-Servi\u00e7o de Atendimento M\u00f3vel de Urg\u00eancia de Senhor do Bonfim e d\u00e1 outras provid\u00eancias\u201d \u00e9 colocado em discuss\u00e3o e usa da palavra o Vereador Reinaldo Ferreira Santana, que discute a propositura e fica favor\u00e1vel a sua aprova\u00e7\u00e3o e ningu\u00e9m mais querendo discutir \u00e9 colocado em vota\u00e7\u00e3o, sendo aprovado por unanimidade.<\/p>\n\n\n\n<p>O Vereador Herm\u00f3genes Gomes de Almeida levanta uma quest\u00e3o de ordem e solicita a retirada dos Projetos de Decreto Legislativo N\u00ba 045,  047 e 049\/2019, todos de sua autoria, que \u201cConcede Medalha Doutor Jos\u00e9 Gon\u00e7alves ao prefeito municipal Carlos Alberto Lopes Brasileiro, e d\u00e1 outras provid\u00eancias\u201d; que \u201cConcede T\u00edtulo de Cidad\u00e3o Bonfinense ao Sr. Rui Costa dos Santos, e d\u00e1 outras provid\u00eancias\u201d, e que \u201cConcede T\u00edtulo de Cidad\u00e3o Bonfinense ao Senhor Marcos Ben\u00edcio Foltz Cavalcanti\u201d, o que \u00e9 feito.<\/p>\n\n\n\n<p>PROJETO DE DECRETO LEGISLATIVO N\u00ba 048\/2019, de autoria de todos os Vereadores, que \u201cConcede Medalha Doutor Jos\u00e9 Gon\u00e7alves ao deputado estadual Raimundo Nonato Tavares da Silva (Bob\u00f4) e d\u00e1 outras provid\u00eancias\u201d \u00e9 colocado em discuss\u00e3o e usa da palavra os Vereadores Cleiton Vieira Pinto, Andreilto de Almeida Barbosa, que discute a propositura e fica favor\u00e1vel a sua aprova\u00e7\u00e3o e ningu\u00e9m mais querendo discutir \u00e9 colocado em vota\u00e7\u00e3o, sendo aprovado por unanimidade.<\/p>\n\n\n\n<p>O Vereador Herm\u00f3genes Gomes de Almeida levanta uma quest\u00e3o de ordem e prop\u00f5e Requerimento Verbal que convoque os Senhores Vereadores em dia e hor\u00e1rio a ser definido pelo Presidente para discuss\u00e3o e vota\u00e7\u00e3o dos Projetos de Decreto do Legislativo de N\u00ba 023, 047 e 049\/2019, \u00e9 colocado em discuss\u00e3o e usa da palavra o Vereador La\u00e9rcio Muniz de Azevedo J\u00fanior, que discute a propositura e fica contr\u00e1rio a sua aprova\u00e7\u00e3o. Usa tamb\u00e9m os Vereadores Herm\u00f3genes Gomes de Almeida e Andreilto de Almeida Barbosa, que discutem a propositura e ficam favor\u00e1veis \u00e0 sua aprova\u00e7\u00e3o e ningu\u00e9m mais querendo discutir \u00e9 colocado em vota\u00e7\u00e3o, sendo aprovado por oito votos favor\u00e1veis e dois contr\u00e1rios. O Presidente atendendo o Requerimento Verbal oriundo do Vereador Herm\u00f3genes Gomes de Almeida, convoca os Vereadores Presentes para sess\u00e3o extraordin\u00e1ria na segunda-feira, objeto do Requerimento Verbal. Os Vereadores ausentes ser\u00e3o convocados por of\u00edcio. Durante a leitura da ordem do dia, o Presidente da Mesa prorroga a Sess\u00e3o at\u00e9 que seja votada a \u00faltima mat\u00e9ria, o que \u00e9 feito.<\/p>\n\n\n\n<p>N\u00e3o havendo mais nenhuma mat\u00e9ria o Sr. Presidente \u00e0s vinte e duas horas e quarenta e cinco minutos da por encerrada a Sess\u00e3o.<\/p>\n","protected":false},"excerpt":{"rendered":"<p>ASCOM &#8211; C\u00e2mara Municipal de Senhor do Bonfim-BA Nesta quinta-feira, 07 de novembro, foi realizada a 26\u00aa Sess\u00e3o Ordin\u00e1ria do 2\u00ba Per\u00edodo Ordin\u00e1rio, do ano de 2019, da C\u00e2mara Municipal de Senhor do Bonfim. Conduzida pelo Presidente da Casa, vereador Cleiton Vieira, o Sr. Presidente em raz\u00e3o das aus\u00eancias do 1\u00ba e 2\u00ba Secret\u00e1rio, respectivamente, [&hellip;]<\/p>\n","protected":false},"author":2,"featured_media":0,"comment_status":"open","ping_status":"open","sticky":false,"template":"","format":"standard","meta":{"_acf_changed":false,"_monsterinsights_skip_tracking":false,"_monsterinsights_sitenote_active":false,"_monsterinsights_sitenote_note":"","_monsterinsights_sitenote_category":0,"_jetpack_memberships_contains_paid_content":false,"footnotes":"","jetpack_publicize_message":"","jetpack_publicize_feature_enabled":true,"jetpack_social_post_already_shared":true,"jetpack_social_options":{"image_generator_settings":{"template":"highway","default_image_id":0,"font":"","enabled":false},"version":2}},"categories":[1,3,4],"tags":[],"class_list":["post-38652","post","type-post","status-publish","format-standard","hentry","category-noticias","category-politica","category-local"],"acf":[],"jetpack_publicize_connections":[],"jetpack_featured_media_url":"","jetpack_sharing_enabled":true,"publishpress_future_workflow_manual_trigger":{"enabledWorkflows":[]},"_links":{"self":[{"href":"https:\/\/blogdoeloiltoncajuhy.com.br\/site\/wp-json\/wp\/v2\/posts\/38652","targetHints":{"allow":["GET"]}}],"collection":[{"href":"https:\/\/blogdoeloiltoncajuhy.com.br\/site\/wp-json\/wp\/v2\/posts"}],"about":[{"href":"https:\/\/blogdoeloiltoncajuhy.com.br\/site\/wp-json\/wp\/v2\/types\/post"}],"author":[{"embeddable":true,"href":"https:\/\/blogdoeloiltoncajuhy.com.br\/site\/wp-json\/wp\/v2\/users\/2"}],"replies":[{"embeddable":true,"href":"https:\/\/blogdoeloiltoncajuhy.com.br\/site\/wp-json\/wp\/v2\/comments?post=38652"}],"version-history":[{"count":1,"href":"https:\/\/blogdoeloiltoncajuhy.com.br\/site\/wp-json\/wp\/v2\/posts\/38652\/revisions"}],"predecessor-version":[{"id":38653,"href":"https:\/\/blogdoeloiltoncajuhy.com.br\/site\/wp-json\/wp\/v2\/posts\/38652\/revisions\/38653"}],"wp:attachment":[{"href":"https:\/\/blogdoeloiltoncajuhy.com.br\/site\/wp-json\/wp\/v2\/media?parent=38652"}],"wp:term":[{"taxonomy":"category","embeddable":true,"href":"https:\/\/blogdoeloiltoncajuhy.com.br\/site\/wp-json\/wp\/v2\/categories?post=38652"},{"taxonomy":"post_tag","embeddable":true,"href":"https:\/\/blogdoeloiltoncajuhy.com.br\/site\/wp-json\/wp\/v2\/tags?post=38652"}],"curies":[{"name":"wp","href":"https:\/\/api.w.org\/{rel}","templated":true}]}}