{"id":38647,"date":"2019-11-07T18:35:05","date_gmt":"2019-11-07T21:35:05","guid":{"rendered":"http:\/\/blogdoeloiltoncajuhy.com.br\/site\/?p=38647"},"modified":"2019-11-07T18:35:12","modified_gmt":"2019-11-07T21:35:12","slug":"prefeito-de-jaguarari-tem-contas-aprovadas-pela-camara-de-vereadores","status":"publish","type":"post","link":"https:\/\/blogdoeloiltoncajuhy.com.br\/site\/prefeito-de-jaguarari-tem-contas-aprovadas-pela-camara-de-vereadores\/","title":{"rendered":"Prefeito de Jaguarari tem contas aprovadas pela C\u00e2mara de Vereadores"},"content":{"rendered":"\n<p><strong>ASCOM &#8211; Prefeitura de Jaguarari-BA<\/strong><\/p>\n\n\n\n<div class=\"wp-block-image\"><figure class=\"aligncenter is-resized\"><img fetchpriority=\"high\" decoding=\"async\" src=\"https:\/\/i2.wp.com\/blogdoeloiltoncajuhy.com.br\/site\/wp-content\/uploads\/2019\/11\/PMJ_Contas2017Aprovadas.jpg?fit=590%2C590\" alt=\"\" class=\"wp-image-38648\" width=\"443\" height=\"443\" srcset=\"https:\/\/i0.wp.com\/blogdoeloiltoncajuhy.com.br\/site\/wp-content\/uploads\/2019\/11\/PMJ_Contas2017Aprovadas.jpg?w=1279&amp;ssl=1 1279w, https:\/\/i0.wp.com\/blogdoeloiltoncajuhy.com.br\/site\/wp-content\/uploads\/2019\/11\/PMJ_Contas2017Aprovadas.jpg?resize=150%2C150&amp;ssl=1 150w, https:\/\/i0.wp.com\/blogdoeloiltoncajuhy.com.br\/site\/wp-content\/uploads\/2019\/11\/PMJ_Contas2017Aprovadas.jpg?resize=300%2C300&amp;ssl=1 300w, https:\/\/i0.wp.com\/blogdoeloiltoncajuhy.com.br\/site\/wp-content\/uploads\/2019\/11\/PMJ_Contas2017Aprovadas.jpg?resize=768%2C769&amp;ssl=1 768w, https:\/\/i0.wp.com\/blogdoeloiltoncajuhy.com.br\/site\/wp-content\/uploads\/2019\/11\/PMJ_Contas2017Aprovadas.jpg?resize=1024%2C1024&amp;ssl=1 1024w, https:\/\/i0.wp.com\/blogdoeloiltoncajuhy.com.br\/site\/wp-content\/uploads\/2019\/11\/PMJ_Contas2017Aprovadas.jpg?resize=250%2C250&amp;ssl=1 250w, https:\/\/i0.wp.com\/blogdoeloiltoncajuhy.com.br\/site\/wp-content\/uploads\/2019\/11\/PMJ_Contas2017Aprovadas.jpg?resize=48%2C48&amp;ssl=1 48w\" sizes=\"(max-width: 443px) 100vw, 443px\" \/><\/figure><\/div>\n\n\n\n<p>Na sess\u00e3o ordin\u00e1ria realizada nesta quinta-feira (07), no plen\u00e1rio da C\u00e2mara de Vereadores, foram votadas e aprovadas as contas do prefeito de Jaguarari Everton Rocha, referentes ao exerc\u00edcio 2017. As contas j\u00e1 haviam sido aprovadas com ressalvas pelo Tribunal de Contas dos Munic\u00edpios (TCM), que n\u00e3o constatou nenhuma conduta do gestor que causasse qualquer les\u00e3o ao er\u00e1rio.<\/p>\n\n\n\n<p>No julgamento definitivo realizado hoje na C\u00e2mara, as contas foram aprovadas por 8 votos a 5 pelos vereadores. O Prefeito Everton Rocha comentou que viu a aprova\u00e7\u00e3o de suas contas como algo normal, considerando a forma correta com que vem gerindo os recursos do munic\u00edpio.<\/p>\n\n\n\n<p><em>\u201cA aprova\u00e7\u00e3o das contas significa que o munic\u00edpio est\u00e1 sendo administrado com seriedade, atendendo a todas as exig\u00eancias legais. Mesmo com toda turbul\u00eancia vivida em meu governo, busquei sempre empregar o uso dos recursos p\u00fablicos em favor da popula\u00e7\u00e3o, por isso, vejo como algo normal a aprova\u00e7\u00e3o das contas\u201d<\/em>, comentou o prefeito.<\/p>\n","protected":false},"excerpt":{"rendered":"<p>ASCOM &#8211; Prefeitura de Jaguarari-BA Na sess\u00e3o ordin\u00e1ria realizada nesta quinta-feira (07), no plen\u00e1rio da C\u00e2mara de Vereadores, foram votadas e aprovadas as contas do prefeito de Jaguarari Everton Rocha, referentes ao exerc\u00edcio 2017. As contas j\u00e1 haviam sido aprovadas com ressalvas pelo Tribunal de Contas dos Munic\u00edpios (TCM), que n\u00e3o constatou nenhuma conduta do [&hellip;]<\/p>\n","protected":false},"author":2,"featured_media":38648,"comment_status":"open","ping_status":"open","sticky":false,"template":"","format":"standard","meta":{"_acf_changed":false,"_monsterinsights_skip_tracking":false,"_monsterinsights_sitenote_active":false,"_monsterinsights_sitenote_note":"","_monsterinsights_sitenote_category":0,"_jetpack_memberships_contains_paid_content":false,"footnotes":"","jetpack_publicize_message":"","jetpack_publicize_feature_enabled":true,"jetpack_social_post_already_shared":true,"jetpack_social_options":{"image_generator_settings":{"template":"highway","default_image_id":0,"font":"","enabled":false},"version":2}},"categories":[1,3,11],"tags":[],"class_list":["post-38647","post","type-post","status-publish","format-standard","has-post-thumbnail","hentry","category-noticias","category-politica","category-regional"],"acf":[],"jetpack_publicize_connections":[],"jetpack_featured_media_url":"https:\/\/i0.wp.com\/blogdoeloiltoncajuhy.com.br\/site\/wp-content\/uploads\/2019\/11\/PMJ_Contas2017Aprovadas.jpg?fit=1279%2C1280&ssl=1","jetpack_sharing_enabled":true,"publishpress_future_workflow_manual_trigger":{"enabledWorkflows":[]},"_links":{"self":[{"href":"https:\/\/blogdoeloiltoncajuhy.com.br\/site\/wp-json\/wp\/v2\/posts\/38647","targetHints":{"allow":["GET"]}}],"collection":[{"href":"https:\/\/blogdoeloiltoncajuhy.com.br\/site\/wp-json\/wp\/v2\/posts"}],"about":[{"href":"https:\/\/blogdoeloiltoncajuhy.com.br\/site\/wp-json\/wp\/v2\/types\/post"}],"author":[{"embeddable":true,"href":"https:\/\/blogdoeloiltoncajuhy.com.br\/site\/wp-json\/wp\/v2\/users\/2"}],"replies":[{"embeddable":true,"href":"https:\/\/blogdoeloiltoncajuhy.com.br\/site\/wp-json\/wp\/v2\/comments?post=38647"}],"version-history":[{"count":1,"href":"https:\/\/blogdoeloiltoncajuhy.com.br\/site\/wp-json\/wp\/v2\/posts\/38647\/revisions"}],"predecessor-version":[{"id":38649,"href":"https:\/\/blogdoeloiltoncajuhy.com.br\/site\/wp-json\/wp\/v2\/posts\/38647\/revisions\/38649"}],"wp:featuredmedia":[{"embeddable":true,"href":"https:\/\/blogdoeloiltoncajuhy.com.br\/site\/wp-json\/wp\/v2\/media\/38648"}],"wp:attachment":[{"href":"https:\/\/blogdoeloiltoncajuhy.com.br\/site\/wp-json\/wp\/v2\/media?parent=38647"}],"wp:term":[{"taxonomy":"category","embeddable":true,"href":"https:\/\/blogdoeloiltoncajuhy.com.br\/site\/wp-json\/wp\/v2\/categories?post=38647"},{"taxonomy":"post_tag","embeddable":true,"href":"https:\/\/blogdoeloiltoncajuhy.com.br\/site\/wp-json\/wp\/v2\/tags?post=38647"}],"curies":[{"name":"wp","href":"https:\/\/api.w.org\/{rel}","templated":true}]}}